{"id":29357,"date":"2025-06-30T16:38:27","date_gmt":"2025-06-30T13:38:27","guid":{"rendered":"https:\/\/akdenizhaber.com.tr\/?p=29357"},"modified":"2025-06-30T16:38:28","modified_gmt":"2025-06-30T13:38:28","slug":"masmoda-gerilim-tirmaniyor-yakup-gokcenden-sert-yonetim-elestirisi","status":"publish","type":"post","link":"https:\/\/akdenizhaber.com.tr\/index.php\/2025\/06\/30\/masmoda-gerilim-tirmaniyor-yakup-gokcenden-sert-yonetim-elestirisi\/","title":{"rendered":"MASMO\u2019DA Gerilim T\u0131rman\u0131yor:                                   Yakup G\u00f6k\u00e7en\u2019den Sert Y\u00f6netim Ele\u015ftirisi"},"content":{"rendered":"\n<p>Manavgat Serbest Muhasebeciler ve Mali M\u00fc\u015favirler Odas\u0131 (MASMO) genel kurulu sonras\u0131 ortaya \u00e7\u0131kan y\u00f6netim krizi derinle\u015fiyor. Se\u00e7imlerde Yenilik\u00e7i Grup\u2019un ba\u015fkan aday\u0131 olan Yakup G\u00f6k\u00e7en, sonu\u00e7lar\u0131n ard\u0131ndan ya\u015fanan koalisyon anla\u015fmazl\u0131klar\u0131 ve g\u00f6rev payla\u015f\u0131m\u0131ndaki adaletsizlikler nedeniyle mevcut y\u00f6netime sert ele\u015ftiriler y\u00f6neltti.<\/p>\n\n\n\n<figure class=\"wp-block-image size-large\"><img loading=\"lazy\" decoding=\"async\" width=\"1024\" height=\"629\" src=\"https:\/\/akdenizhaber.com.tr\/wp-content\/uploads\/2025\/06\/Untitled-1-2-1024x629.jpg\" alt=\"\" class=\"wp-image-29358\" srcset=\"https:\/\/akdenizhaber.com.tr\/wp-content\/uploads\/2025\/06\/Untitled-1-2-1024x629.jpg 1024w, https:\/\/akdenizhaber.com.tr\/wp-content\/uploads\/2025\/06\/Untitled-1-2-300x184.jpg 300w, https:\/\/akdenizhaber.com.tr\/wp-content\/uploads\/2025\/06\/Untitled-1-2-768x472.jpg 768w, https:\/\/akdenizhaber.com.tr\/wp-content\/uploads\/2025\/06\/Untitled-1-2-1536x944.jpg 1536w, https:\/\/akdenizhaber.com.tr\/wp-content\/uploads\/2025\/06\/Untitled-1-2-2048x1258.jpg 2048w\" sizes=\"auto, (max-width: 1024px) 100vw, 1024px\" \/><\/figure>\n\n\n\n<p>MASMO Y\u00f6netim Kurulu\u2019nun iki \u00c7a\u011fda\u015f, iki Dinamik ve bir Yenilik\u00e7i grup \u00fcyesinden olu\u015ftu\u011fu se\u00e7im sonras\u0131, en \u00e7ok tart\u0131\u015f\u0131lan konu&nbsp;\u00c7a\u011fda\u015f ve Dinamik gruplar aras\u0131ndaki ortakl\u0131k&nbsp;oldu. Yakup G\u00f6k\u00e7en ve Kerim Kaya\u2019n\u0131n liderli\u011findeki Yenilik\u00e7i Grup\u2019a g\u00f6re, bu ortakl\u0131k&nbsp;\u00e7o\u011funlu\u011fun iradesini az\u0131nl\u0131\u011f\u0131n iradesine mahkum etti.<\/p>\n\n\n\n<figure class=\"wp-block-image size-large\"><img loading=\"lazy\" decoding=\"async\" width=\"1024\" height=\"768\" src=\"https:\/\/akdenizhaber.com.tr\/wp-content\/uploads\/2025\/06\/fae12b92-a629-4787-9c4b-22fe88ed9080-1024x768.jpg\" alt=\"\" class=\"wp-image-29359\" srcset=\"https:\/\/akdenizhaber.com.tr\/wp-content\/uploads\/2025\/06\/fae12b92-a629-4787-9c4b-22fe88ed9080-1024x768.jpg 1024w, https:\/\/akdenizhaber.com.tr\/wp-content\/uploads\/2025\/06\/fae12b92-a629-4787-9c4b-22fe88ed9080-300x225.jpg 300w, https:\/\/akdenizhaber.com.tr\/wp-content\/uploads\/2025\/06\/fae12b92-a629-4787-9c4b-22fe88ed9080-768x576.jpg 768w, https:\/\/akdenizhaber.com.tr\/wp-content\/uploads\/2025\/06\/fae12b92-a629-4787-9c4b-22fe88ed9080-1536x1152.jpg 1536w, https:\/\/akdenizhaber.com.tr\/wp-content\/uploads\/2025\/06\/fae12b92-a629-4787-9c4b-22fe88ed9080.jpg 1600w\" sizes=\"auto, (max-width: 1024px) 100vw, 1024px\" \/><\/figure>\n\n\n\n<p>\u201cDEMOKRAS\u0130 GERE\u011e\u0130\u201d TARTI\u015eMASI VE TEK TARAFLI G\u00d6REV PAYLA\u015eIMI<\/p>\n\n\n\n<p>Yenilik\u00e7i Grup\u2019un ba\u015fkan\u0131&nbsp;Kerim Kaya, bas\u0131n a\u00e7\u0131klamas\u0131nda, icra kurulunun en az \u00fc\u00e7 \u00fcyenin oyuyla belirlenmesi gerekti\u011fini ve&nbsp;koalisyonun \u015fart oldu\u011funu&nbsp;vurgulad\u0131. Kaya, \u00c7a\u011fda\u015f ve Dinamik gruplar\u0131n se\u00e7im \u00f6ncesi ortakl\u0131k kurarak icra kurulunu d\u00f6rt \u00fcyeden olu\u015fturdu\u011funu, ancak \u00c7a\u011fda\u015f Grup\u2019un sonradan&nbsp;\u201cd\u0131\u015far\u0131dan destek veriyoruz\u201d&nbsp;s\u00f6ylemine girmesini anlamad\u0131klar\u0131n\u0131 belirtti.&nbsp;\u201cBir ortakl\u0131k ya vard\u0131r ya da yoktur,\u201d&nbsp;diyen Kaya, \u00e7o\u011funlu\u011fun az\u0131nl\u0131\u011f\u0131n y\u00f6netimine mahkum edildi\u011fini savundu. Ge\u00e7mi\u015f d\u00f6nemdeki \u00c7a\u011fda\u015f-Yenilik\u00e7i koalisyonunun ba\u015far\u0131l\u0131 oldu\u011funu ve meslekta\u015flar taraf\u0131ndan takdir edildi\u011fini de s\u00f6zlerine ekledi.<\/p>\n\n\n\n<p>Yakup G\u00f6k\u00e7en ise, se\u00e7im sonras\u0131 Dinamik Grup temsilcileriyle yap\u0131lan g\u00f6r\u00fc\u015fmelerde, \u00c7a\u011fda\u015f Grup\u2019un \u015farts\u0131z destek verece\u011fini \u00f6\u011frendiklerini aktard\u0131. Ancak as\u0131l \u015fok, bayram d\u00f6n\u00fc\u015f\u00fc yap\u0131lan ilk y\u00f6netim kurulu toplant\u0131s\u0131nda ya\u015fand\u0131. G\u00f6k\u00e7en, ba\u015fkanl\u0131k, ba\u015fkan yard\u0131mc\u0131l\u0131\u011f\u0131, oda sekreterli\u011fi ve saymanl\u0131k g\u00f6revlerinin tamam\u0131n\u0131n&nbsp;Dinamik Grup\u2019a verildi\u011fini&nbsp;g\u00f6rd\u00fc\u011f\u00fcn\u00fc belirterek, bu durumun MASMO tarihinde e\u015fi benzeri g\u00f6r\u00fclmemi\u015f&nbsp;tek tarafl\u0131 bir g\u00f6rev payla\u015f\u0131m\u0131&nbsp;oldu\u011funu dile getirdi.&nbsp;\u201cMadem bir koalisyon yapt\u0131n\u0131z, g\u00f6revleri de payla\u015fman\u0131z gerekirdi,\u201d&nbsp;diyerek tepkisini dile getirdi.<\/p>\n\n\n\n<p>KOM\u0130SYON ANLA\u015eMAZLI\u011eI VE \u201cOY \u00c7OKLU\u011eU\u201d \u0130T\u0130RAZI<\/p>\n\n\n\n<p>G\u00f6rev payla\u015f\u0131m\u0131 krizi,&nbsp;TESMER (Temel E\u011fitim ve Staj Merkezi) komisyonu da\u011f\u0131l\u0131m\u0131nda&nbsp;da kendini g\u00f6sterdi. G\u00f6k\u00e7en, 5 \u00fcyeli komisyonda \u00c7a\u011fda\u015f Grup\u2019a 3, Dinamik Grup\u2019a ise 2 \u00fcyelik verilmesine itiraz etti. Se\u00e7im sonras\u0131 komisyonlar\u0131n oy oranlar\u0131na g\u00f6re adil da\u011f\u0131t\u0131laca\u011f\u0131 s\u00f6z\u00fc verildi\u011fini hat\u0131rlatan G\u00f6k\u00e7en, Yenilik\u00e7i Grup\u2019un da 1 \u00fcye ile temsil edilmesi gerekti\u011fini savundu. Bu talebi Dinamik ve \u00c7a\u011fda\u015f gruplar taraf\u0131ndan reddedilince, Yakup G\u00f6k\u00e7en karar defterine \u201coy birli\u011fi\u201d ifadesinin yaz\u0131lmas\u0131na kar\u015f\u0131 \u00e7\u0131kt\u0131 ve&nbsp;\u201coy \u00e7oklu\u011fu\u201d&nbsp;olarak d\u00fczeltilmesini sa\u011flad\u0131. \u0130tiraz\u0131na ra\u011fmen karar di\u011fer \u00fcyelerce imzalanarak toplant\u0131 sonland\u0131r\u0131ld\u0131.<\/p>\n\n\n\n<p>\u201cYAKUP G\u00d6K\u00c7EN PARLATILMASIN\u201d VE DEMOKRAS\u0130YE BI\u00c7AK \u0130DD\u0130ASI<\/p>\n\n\n\n<p>Yakup G\u00f6k\u00e7en, \u00c7a\u011fda\u015f Grup\u2019un ortakl\u0131\u011f\u0131n arkas\u0131nda durmad\u0131\u011f\u0131n\u0131 ve icra y\u00fck\u00fcn\u00fc tamamen Dinamik Grup\u2019a b\u0131rakt\u0131\u011f\u0131n\u0131 iddia etti. \u00dc\u00e7 y\u0131l \u00f6nceki se\u00e7imdeki tav\u0131rlar\u0131yla bug\u00fcnk\u00fc tav\u0131rlar\u0131 aras\u0131ndaki \u00e7eli\u015fkiye dikkat \u00e7eken G\u00f6k\u00e7en, o d\u00f6nemde \u00c7a\u011fda\u015f Grup\u2019un kendilerinden fazla oy alan Dinamik Grup ile g\u00f6r\u00fc\u015fmeyi reddetti\u011fini, \u015fimdi ise en fazla oy alan gruba destek verip&nbsp;\u201cdemokratik gere\u011fini yapt\u0131k\u201d&nbsp;demelerini ele\u015ftirdi.<\/p>\n\n\n\n<p>G\u00f6k\u00e7en, gelinen s\u00fcre\u00e7te t\u00fcm g\u00f6r\u00fc\u015fmelerin kendisinin ve Yenilik\u00e7i Grup\u2019un \u00f6n\u00fcn\u00fc kesmek amac\u0131yla yap\u0131ld\u0131\u011f\u0131n\u0131 \u00f6ne s\u00fcrd\u00fc.&nbsp;\u201c\u00c7a\u011fda\u015f grup toplant\u0131s\u0131nda Yakup G\u00f6k\u00e7en ile koalisyon g\u00f6r\u00fc\u015fmesi yap\u0131ls\u0131n diyerek ismi s\u00f6ylendi\u011fi zaman kimler Yakup G\u00f6k\u00e7en parlat\u0131lmas\u0131n diye y\u00fcksek sesle kar\u015f\u0131 \u00e7\u0131kt\u0131?\u201d&nbsp;sorusunu y\u00f6nelten G\u00f6k\u00e7en,&nbsp;\u00e7\u0131kar \u00e7at\u0131\u015fmas\u0131 iddialar\u0131n\u0131&nbsp;g\u00fcndeme getirdi. G\u00f6k\u00e7en,&nbsp;\u201cKendilerini demokrasi a\u015f\u0131\u011f\u0131 olarak tan\u0131mlayan \u00c7a\u011fda\u015f Demokrat Grubunun karar vericileri demokrasinin kalbine saplad\u0131klar\u0131 b\u0131\u00e7akla demokrasiye b\u00fcy\u00fck zarar vermi\u015flerdir. 91 \u00fcyenin temsil hakk\u0131 a\u00e7\u0131k\u00e7a gasp edilmi\u015ftir,\u201d&nbsp;s\u00f6zleriyle tepkisini dile getirdi.<\/p>\n\n\n\n<p>Yakup G\u00f6k\u00e7en ve Yenilik\u00e7i Grup, mesle\u011fin problemleri ve \u00e7\u00f6z\u00fcm yollar\u0131 dosyalar\u0131n\u0131 haz\u0131rlay\u0131p Maliye Bakanl\u0131\u011f\u0131 dahil t\u00fcm kurumlara ileteceklerini belirterek, kendilerine inanan meslekta\u015flar\u0131n\u0131 mahcup etmeyeceklerini ifade ettiler.<\/p>\n\n\n\n<p>MASMO\u2019daki bu derin ayr\u0131l\u0131klar ve su\u00e7lamalar, odan\u0131n \u00f6n\u00fcm\u00fczdeki d\u00f6nemdeki i\u015fleyi\u015fi hakk\u0131nda ciddi soru i\u015faretleri yarat\u0131yor. Bakal\u0131m bu kriz nas\u0131l bir sonuca ula\u015facak.<\/p>\n\n\n\n<p><a href=\"https:\/\/antalyadailynews.com\/masmoda-yeni-donem-basladi-erkan-tuncer-gorevi-devraldi\/?relatedposts_hit=1&amp;relatedposts_origin=29732&amp;relatedposts_position=0\"><br><\/a><\/p>\n","protected":false},"excerpt":{"rendered":"<p>Manavgat Serbest Muhasebeciler ve Mali M\u00fc\u015favirler Odas\u0131 (MASMO) genel kurulu sonras\u0131 ortaya \u00e7\u0131kan y\u00f6netim krizi derinle\u015fiyor. Se\u00e7imlerde Yenilik\u00e7i Grup\u2019un ba\u015fkan aday\u0131 olan Yakup G\u00f6k\u00e7en, sonu\u00e7lar\u0131n <a href=\"https:\/\/akdenizhaber.com.tr\/index.php\/2025\/06\/30\/masmoda-gerilim-tirmaniyor-yakup-gokcenden-sert-yonetim-elestirisi\/\" class=\"read-more-link\">[more&#8230;]<\/a><\/p>\n","protected":false},"author":2,"featured_media":29360,"comment_status":"open","ping_status":"open","sticky":false,"template":"","format":"standard","meta":{"footnotes":""},"categories":[2],"tags":[],"class_list":["post-29357","post","type-post","status-publish","format-standard","has-post-thumbnail","hentry","category-gundem"],"_links":{"self":[{"href":"https:\/\/akdenizhaber.com.tr\/index.php\/wp-json\/wp\/v2\/posts\/29357","targetHints":{"allow":["GET"]}}],"collection":[{"href":"https:\/\/akdenizhaber.com.tr\/index.php\/wp-json\/wp\/v2\/posts"}],"about":[{"href":"https:\/\/akdenizhaber.com.tr\/index.php\/wp-json\/wp\/v2\/types\/post"}],"author":[{"embeddable":true,"href":"https:\/\/akdenizhaber.com.tr\/index.php\/wp-json\/wp\/v2\/users\/2"}],"replies":[{"embeddable":true,"href":"https:\/\/akdenizhaber.com.tr\/index.php\/wp-json\/wp\/v2\/comments?post=29357"}],"version-history":[{"count":1,"href":"https:\/\/akdenizhaber.com.tr\/index.php\/wp-json\/wp\/v2\/posts\/29357\/revisions"}],"predecessor-version":[{"id":29361,"href":"https:\/\/akdenizhaber.com.tr\/index.php\/wp-json\/wp\/v2\/posts\/29357\/revisions\/29361"}],"wp:featuredmedia":[{"embeddable":true,"href":"https:\/\/akdenizhaber.com.tr\/index.php\/wp-json\/wp\/v2\/media\/29360"}],"wp:attachment":[{"href":"https:\/\/akdenizhaber.com.tr\/index.php\/wp-json\/wp\/v2\/media?parent=29357"}],"wp:term":[{"taxonomy":"category","embeddable":true,"href":"https:\/\/akdenizhaber.com.tr\/index.php\/wp-json\/wp\/v2\/categories?post=29357"},{"taxonomy":"post_tag","embeddable":true,"href":"https:\/\/akdenizhaber.com.tr\/index.php\/wp-json\/wp\/v2\/tags?post=29357"}],"curies":[{"name":"wp","href":"https:\/\/api.w.org\/{rel}","templated":true}]}}