{"id":29354,"date":"2025-06-30T16:37:13","date_gmt":"2025-06-30T13:37:13","guid":{"rendered":"https:\/\/akdenizhaber.com.tr\/?p=29354"},"modified":"2025-06-30T16:37:13","modified_gmt":"2025-06-30T13:37:13","slug":"muharrem-orucu-ve-yasi-matem-basladi","status":"publish","type":"post","link":"https:\/\/akdenizhaber.com.tr\/index.php\/2025\/06\/30\/muharrem-orucu-ve-yasi-matem-basladi\/","title":{"rendered":"Muharrem Orucu ve Yas\u0131 Matem Ba\u015flad\u0131"},"content":{"rendered":"\n<p>Alevi K\u00fclt\u00fcr Dernekleri (AKD) Manavgat \u015eube ve Cemevi Ba\u015fkan\u0131 Sinan Akta\u015f, Muharrem orucu ve yas\u0131 matemin dernek merkezinde ba\u015flad\u0131\u011f\u0131n\u0131 duyurdu.<\/p>\n\n\n\n<p>Ba\u015fkan Sinan Akta\u015f ba\u015flat\u0131lan etkinlikle ilgili \u015fu bilgileri verdi;<\/p>\n\n\n\n<p>\u201c\u00d6zellikle 10 Muharrem 680 y\u0131l\u0131nda Kerbela da Hz. Peygamberin torunu olan Hz. H\u00fcseyin, ailesinin ve yak\u0131nlar\u0131n\u0131n, o zaman\u0131n halifesi olan Muaviye&#8217;nin o\u011flu Yezit taraf\u0131ndan \u015fehit edilmesiyle; bu orucun bir yas orucu haline gelmesine neden olmu\u015ftur.<\/p>\n\n\n\n<p>Bin kere mazlum olsak da bir kere bile zalim olmayaca\u011f\u0131z.<\/p>\n\n\n\n<p>On iki g\u00fcn s\u00fcrecek olan Yas-\u0131 Matem Orucu ba\u015flad\u0131. Bu oru\u00e7larda edilen dualar\u0131, verilen lokmalar\u0131 ve tutulan matemleri; Allah, \u015eehitler \u015eah\u0131 \u0130mam H\u00fcseyin ve Kerbela \u015fehitleri a\u015fk\u0131na derg\u00e2h-\u0131 izzetinde kabul eylesin.<\/p>\n\n\n\n<p>Muharrem, hak ile bat\u0131l\u0131n ayr\u0131\u015ft\u0131\u011f\u0131 kutsal bir duru\u015ftur. Ac\u0131n\u0131n, susuzlu\u011fun, adalet aray\u0131\u015f\u0131n\u0131n ve karde\u015flik \u00f6zleminin ay\u0131d\u0131r. Kerbel\u00e2\u2019da akan ilk g\u00f6zya\u015f\u0131 insanl\u0131\u011f\u0131n vicdan\u0131na damlam\u0131\u015ft\u0131r. O g\u00fcnden bug\u00fcne, Hz. H\u00fcseyin\u2019e g\u00f6zya\u015f\u0131 d\u00f6k\u00fclmektedir.<\/p>\n\n\n\n<p>Bu ayda sadece oru\u00e7 tutulmaz; ayn\u0131 zamanda adaletsizlik hat\u0131rlan\u0131r, zulme kar\u015f\u0131 direni\u015f yeniden ikrar edilir. A\u015fure kazanlar\u0131m\u0131z kaynar; 7 kap\u0131 \u00e7al\u0131n\u0131r, payla\u015f\u0131larak canlar birli\u011fe davet edilir. \u00c7\u00fcnk\u00fc Alevilikte payla\u015fmak ibadettir, can olmak erdemdir.<\/p>\n\n\n\n<p>Muharrem: Yas, zul\u00fcmd\u00fcr, g\u00f6zya\u015f\u0131d\u0131r, susuzluktur. Kerbel\u00e2\u2019da Hz. H\u00fcseyin ve 71 yareninin, zalim Yezid ordular\u0131nca katledili\u015finin yas\u0131d\u0131r.<\/p>\n\n\n\n<p>Bu yas ay\u0131 boyunca yap\u0131lan ibadetlerin, tutulan oru\u00e7lar\u0131n ve edilen dualar\u0131n kabul olmas\u0131 dile\u011fiyle\u2026<\/p>\n\n\n\n<p>Muharrem Ay\u0131, t\u00fcm insanl\u0131\u011fa adalet, bar\u0131\u015f ve huzur getirsin. Yas-\u0131 Matem, g\u00f6n\u00fcllerimizdeki Kerbel\u00e2\u2019y\u0131 diriltsin\u201d dedi.<\/p>\n\n\n\n<p>B\u00fc\u015fra Deveci \/ Haber<\/p>\n","protected":false},"excerpt":{"rendered":"<p>Alevi K\u00fclt\u00fcr Dernekleri (AKD) Manavgat \u015eube ve Cemevi Ba\u015fkan\u0131 Sinan Akta\u015f, Muharrem orucu ve yas\u0131 matemin dernek merkezinde ba\u015flad\u0131\u011f\u0131n\u0131 duyurdu. Ba\u015fkan Sinan Akta\u015f ba\u015flat\u0131lan etkinlikle <a href=\"https:\/\/akdenizhaber.com.tr\/index.php\/2025\/06\/30\/muharrem-orucu-ve-yasi-matem-basladi\/\" class=\"read-more-link\">[more&#8230;]<\/a><\/p>\n","protected":false},"author":2,"featured_media":29355,"comment_status":"open","ping_status":"open","sticky":false,"template":"","format":"standard","meta":{"footnotes":""},"categories":[2],"tags":[],"class_list":["post-29354","post","type-post","status-publish","format-standard","has-post-thumbnail","hentry","category-gundem"],"_links":{"self":[{"href":"https:\/\/akdenizhaber.com.tr\/index.php\/wp-json\/wp\/v2\/posts\/29354","targetHints":{"allow":["GET"]}}],"collection":[{"href":"https:\/\/akdenizhaber.com.tr\/index.php\/wp-json\/wp\/v2\/posts"}],"about":[{"href":"https:\/\/akdenizhaber.com.tr\/index.php\/wp-json\/wp\/v2\/types\/post"}],"author":[{"embeddable":true,"href":"https:\/\/akdenizhaber.com.tr\/index.php\/wp-json\/wp\/v2\/users\/2"}],"replies":[{"embeddable":true,"href":"https:\/\/akdenizhaber.com.tr\/index.php\/wp-json\/wp\/v2\/comments?post=29354"}],"version-history":[{"count":1,"href":"https:\/\/akdenizhaber.com.tr\/index.php\/wp-json\/wp\/v2\/posts\/29354\/revisions"}],"predecessor-version":[{"id":29356,"href":"https:\/\/akdenizhaber.com.tr\/index.php\/wp-json\/wp\/v2\/posts\/29354\/revisions\/29356"}],"wp:featuredmedia":[{"embeddable":true,"href":"https:\/\/akdenizhaber.com.tr\/index.php\/wp-json\/wp\/v2\/media\/29355"}],"wp:attachment":[{"href":"https:\/\/akdenizhaber.com.tr\/index.php\/wp-json\/wp\/v2\/media?parent=29354"}],"wp:term":[{"taxonomy":"category","embeddable":true,"href":"https:\/\/akdenizhaber.com.tr\/index.php\/wp-json\/wp\/v2\/categories?post=29354"},{"taxonomy":"post_tag","embeddable":true,"href":"https:\/\/akdenizhaber.com.tr\/index.php\/wp-json\/wp\/v2\/tags?post=29354"}],"curies":[{"name":"wp","href":"https:\/\/api.w.org\/{rel}","templated":true}]}}