{"id":29220,"date":"2025-06-23T16:02:51","date_gmt":"2025-06-23T13:02:51","guid":{"rendered":"https:\/\/akdenizhaber.com.tr\/?p=29220"},"modified":"2025-06-23T16:04:57","modified_gmt":"2025-06-23T13:04:57","slug":"manavgatin-gonullu-kahramanlari-psikososyal-destek-egitimi-aldi","status":"publish","type":"post","link":"https:\/\/akdenizhaber.com.tr\/index.php\/2025\/06\/23\/manavgatin-gonullu-kahramanlari-psikososyal-destek-egitimi-aldi\/","title":{"rendered":"Manavgat\u2019\u0131n G\u00f6n\u00fcll\u00fc Kahramanlar\u0131 Psikososyal Destek E\u011fitimi Ald\u0131"},"content":{"rendered":"\n<p>Manavgat Belediyesi Afet \u0130\u015fleri M\u00fcd\u00fcrl\u00fc\u011f\u00fc b\u00fcnyesinde g\u00f6n\u00fcll\u00fc personellerin kat\u0131l\u0131m\u0131yla kurulan Manavgat Arama Kurtarma Ekibi (MAK), afetlere haz\u0131rl\u0131k s\u00fcrecinde kapsaml\u0131 teorik e\u011fitimlerine devam ediyor. Toplumda afet bilincini art\u0131rmak, olas\u0131 kriz anlar\u0131nda do\u011fru m\u00fcdahalelerde bulunabilmek ve g\u00f6n\u00fcll\u00fc kurtarma kapasitesini g\u00fc\u00e7lendirmek amac\u0131yla \u00e7al\u0131\u015fmalar\u0131n\u0131 s\u00fcrd\u00fcren ekip, bu kez afetlerin psikolojik boyutuna odakland\u0131.<\/p>\n\n\n\n<p>Bu kapsamda, MAK ekibi \u00fcyeleri \u201cAfet ve Acil Durumlarda Psikososyal Destek Hizmetleri\u201d konulu \u00f6zel bir e\u011fitime kat\u0131ld\u0131. Psikolojik Dan\u0131\u015fman Tolga \u00c7elik rehberli\u011finde ger\u00e7ekle\u015fen e\u011fitimde, afet sonras\u0131 ya\u015fanan psikolojik etkiler, travma sonras\u0131 stres belirtileri, bireysel ve toplumsal iyile\u015fme s\u00fcre\u00e7leri detayl\u0131 \u015fekilde ele al\u0131nd\u0131.<\/p>\n\n\n\n<p>E\u011fitimde, toplumu afet sonras\u0131 s\u00fcre\u00e7te yeniden aya\u011fa kald\u0131rmak i\u00e7in psikososyal deste\u011fin hayati bir rol oynad\u0131\u011f\u0131 vurguland\u0131. Bu \u00e7er\u00e7evede g\u00f6n\u00fcll\u00fclere, kriz anlar\u0131nda nas\u0131l ileti\u015fim kurulmas\u0131 gerekti\u011fi, travma ge\u00e7irmi\u015f bireylere nas\u0131l yakla\u015f\u0131lmas\u0131 gerekti\u011fi ve destekleyici bir tutumun nas\u0131l sergilenebilece\u011fi gibi konularda \u00f6nemli bilgiler aktar\u0131ld\u0131.<\/p>\n\n\n\n<p>Manavgat Belediyesi, afetlere haz\u0131rl\u0131k kapsam\u0131nda kurumsal ve bireysel kapasitenin art\u0131r\u0131lmas\u0131 amac\u0131yla, MAK ekibine y\u00f6nelik e\u011fitimleri y\u0131l boyunca s\u00fcrd\u00fcr\u00fcyor. Belediye yetkilileri, afetlerle m\u00fccadelede sadece teknik bilgi ve ekipman de\u011fil, ayn\u0131 zamanda insan odakl\u0131 yakla\u015f\u0131mlar\u0131n da \u00f6nem ta\u015f\u0131d\u0131\u011f\u0131n\u0131 vurgulad\u0131.<\/p>\n\n\n\n<p>Manavgat Belediyesi \/ B\u00fclten<\/p>\n","protected":false},"excerpt":{"rendered":"<p>Manavgat Belediyesi Afet \u0130\u015fleri M\u00fcd\u00fcrl\u00fc\u011f\u00fc b\u00fcnyesinde g\u00f6n\u00fcll\u00fc personellerin kat\u0131l\u0131m\u0131yla kurulan Manavgat Arama Kurtarma Ekibi (MAK), afetlere haz\u0131rl\u0131k s\u00fcrecinde kapsaml\u0131 teorik e\u011fitimlerine devam ediyor. Toplumda afet <a href=\"https:\/\/akdenizhaber.com.tr\/index.php\/2025\/06\/23\/manavgatin-gonullu-kahramanlari-psikososyal-destek-egitimi-aldi\/\" class=\"read-more-link\">[more&#8230;]<\/a><\/p>\n","protected":false},"author":2,"featured_media":29221,"comment_status":"open","ping_status":"open","sticky":false,"template":"","format":"standard","meta":{"footnotes":""},"categories":[2],"tags":[],"class_list":["post-29220","post","type-post","status-publish","format-standard","has-post-thumbnail","hentry","category-gundem"],"_links":{"self":[{"href":"https:\/\/akdenizhaber.com.tr\/index.php\/wp-json\/wp\/v2\/posts\/29220","targetHints":{"allow":["GET"]}}],"collection":[{"href":"https:\/\/akdenizhaber.com.tr\/index.php\/wp-json\/wp\/v2\/posts"}],"about":[{"href":"https:\/\/akdenizhaber.com.tr\/index.php\/wp-json\/wp\/v2\/types\/post"}],"author":[{"embeddable":true,"href":"https:\/\/akdenizhaber.com.tr\/index.php\/wp-json\/wp\/v2\/users\/2"}],"replies":[{"embeddable":true,"href":"https:\/\/akdenizhaber.com.tr\/index.php\/wp-json\/wp\/v2\/comments?post=29220"}],"version-history":[{"count":1,"href":"https:\/\/akdenizhaber.com.tr\/index.php\/wp-json\/wp\/v2\/posts\/29220\/revisions"}],"predecessor-version":[{"id":29222,"href":"https:\/\/akdenizhaber.com.tr\/index.php\/wp-json\/wp\/v2\/posts\/29220\/revisions\/29222"}],"wp:featuredmedia":[{"embeddable":true,"href":"https:\/\/akdenizhaber.com.tr\/index.php\/wp-json\/wp\/v2\/media\/29221"}],"wp:attachment":[{"href":"https:\/\/akdenizhaber.com.tr\/index.php\/wp-json\/wp\/v2\/media?parent=29220"}],"wp:term":[{"taxonomy":"category","embeddable":true,"href":"https:\/\/akdenizhaber.com.tr\/index.php\/wp-json\/wp\/v2\/categories?post=29220"},{"taxonomy":"post_tag","embeddable":true,"href":"https:\/\/akdenizhaber.com.tr\/index.php\/wp-json\/wp\/v2\/tags?post=29220"}],"curies":[{"name":"wp","href":"https:\/\/api.w.org\/{rel}","templated":true}]}}