{"id":29219,"date":"2025-06-23T16:03:43","date_gmt":"2025-06-23T13:03:43","guid":{"rendered":"https:\/\/akdenizhaber.com.tr\/?p=29219"},"modified":"2025-06-23T16:03:44","modified_gmt":"2025-06-23T13:03:44","slug":"manavgat-belediyesi-fatma-karamanci-otizm-merkezinin-temeli-atiliyor","status":"publish","type":"post","link":"https:\/\/akdenizhaber.com.tr\/index.php\/2025\/06\/23\/manavgat-belediyesi-fatma-karamanci-otizm-merkezinin-temeli-atiliyor\/","title":{"rendered":"Manavgat Belediyesi Fatma Karamanc\u0131 Otizm Merkezi\u2019nin Temeli At\u0131l\u0131yor"},"content":{"rendered":"\n<p>Manavgat Belediyesi, Akdeniz B\u00f6lgesi\u2019nde bir belediye b\u00fcnyesinde kurulan ilk otizm merkezinin temelini atmaya haz\u0131rlan\u0131yor. Otizmli bireylerin ya\u015fam kalitesini art\u0131rmak, onlar\u0131n sosyal hayata kat\u0131l\u0131m\u0131n\u0131 desteklemek ve geli\u015fim s\u00fcre\u00e7lerine bilimsel temelli katk\u0131 sa\u011flamak amac\u0131yla in\u015fa edilecek Manavgat Belediyesi Fatma Karamanc\u0131 Otizm Merkezi i\u00e7in temel atma t\u00f6reni, 24 Haziran 2025 Sal\u0131 g\u00fcn\u00fc saat 18.00\u2019de Il\u0131ca Mahallesi 178_1 Sokak No:14 adresinde ger\u00e7ekle\u015ftirilecek.<\/p>\n\n\n\n<p>Hay\u0131rsever i\u015f insan\u0131 Mehmet Karamanc\u0131\u2019n\u0131n destekleriyle hayata ge\u00e7irilecek olan bu \u00f6zel proje, t\u00fcm b\u00f6lge i\u00e7in \u00f6nemli bir sosyal yat\u0131r\u0131m niteli\u011fi ta\u015f\u0131yor.<\/p>\n\n\n\n<p>Toplamda 2.115 metrekarelik bir parsel alan\u0131na sahip olan ve 3.639 metrekarelik kapal\u0131 in\u015faat alan\u0131 bulunan merkez, \u00e7ok y\u00f6nl\u00fc e\u011fitsel, fiziksel ve sosyal destek alanlar\u0131yla donat\u0131ld\u0131. Proje, otizmli bireylerin ihtiya\u00e7lar\u0131na duyarl\u0131 ve b\u00fct\u00fcnc\u00fcl bir yakla\u015f\u0131mla haz\u0131rland\u0131.<\/p>\n\n\n\n<p>Merkezde; spor salonu, yoga ve pilates s\u0131n\u0131flar\u0131, soyunma ve du\u015f alanlar\u0131, y\u00f6netim ofisleri, 250 metrekarelik kapal\u0131 y\u00fczme havuzu, dil ve konu\u015fma terapi odalar\u0131, grup ve bireysel e\u011fitim s\u0131n\u0131flar\u0131, a\u011f\u0131r-orta-hafif d\u00fczey destek s\u0131n\u0131flar\u0131, g\u00fcnl\u00fck ya\u015fam becerileri s\u0131n\u0131f\u0131, resim ve el sanatlar\u0131 at\u00f6lyeleri, m\u00fczik at\u00f6lyesi, \u00e7ok ama\u00e7l\u0131 salon ve yemekhane gibi bir\u00e7ok i\u015flevsel alan yer al\u0131yor.<\/p>\n\n\n\n<p>Merkezin peyzaj tasar\u0131m\u0131nda da otizmli bireylerin ihtiya\u00e7lar\u0131 \u00f6nceliklendirildi. Tesiste, g\u00f6rsel ve dokunsal uyaranlarla zenginle\u015ftirilmi\u015f duyu bah\u00e7esi, g\u00fcvenli oyun gruplar\u0131 ve a\u00e7\u0131k havada fiziksel aktivite imkan\u0131 sunan fitness alan\u0131 yer alacak.<\/p>\n\n\n\n<p>Manavgat Belediyesi \/ B\u00fclten<\/p>\n","protected":false},"excerpt":{"rendered":"<p>Manavgat Belediyesi, Akdeniz B\u00f6lgesi\u2019nde bir belediye b\u00fcnyesinde kurulan ilk otizm merkezinin temelini atmaya haz\u0131rlan\u0131yor. Otizmli bireylerin ya\u015fam kalitesini art\u0131rmak, onlar\u0131n sosyal hayata kat\u0131l\u0131m\u0131n\u0131 desteklemek ve <a href=\"https:\/\/akdenizhaber.com.tr\/index.php\/2025\/06\/23\/manavgat-belediyesi-fatma-karamanci-otizm-merkezinin-temeli-atiliyor\/\" class=\"read-more-link\">[more&#8230;]<\/a><\/p>\n","protected":false},"author":2,"featured_media":29223,"comment_status":"open","ping_status":"open","sticky":false,"template":"","format":"standard","meta":{"footnotes":""},"categories":[2],"tags":[],"class_list":["post-29219","post","type-post","status-publish","format-standard","has-post-thumbnail","hentry","category-gundem"],"_links":{"self":[{"href":"https:\/\/akdenizhaber.com.tr\/index.php\/wp-json\/wp\/v2\/posts\/29219","targetHints":{"allow":["GET"]}}],"collection":[{"href":"https:\/\/akdenizhaber.com.tr\/index.php\/wp-json\/wp\/v2\/posts"}],"about":[{"href":"https:\/\/akdenizhaber.com.tr\/index.php\/wp-json\/wp\/v2\/types\/post"}],"author":[{"embeddable":true,"href":"https:\/\/akdenizhaber.com.tr\/index.php\/wp-json\/wp\/v2\/users\/2"}],"replies":[{"embeddable":true,"href":"https:\/\/akdenizhaber.com.tr\/index.php\/wp-json\/wp\/v2\/comments?post=29219"}],"version-history":[{"count":1,"href":"https:\/\/akdenizhaber.com.tr\/index.php\/wp-json\/wp\/v2\/posts\/29219\/revisions"}],"predecessor-version":[{"id":29224,"href":"https:\/\/akdenizhaber.com.tr\/index.php\/wp-json\/wp\/v2\/posts\/29219\/revisions\/29224"}],"wp:featuredmedia":[{"embeddable":true,"href":"https:\/\/akdenizhaber.com.tr\/index.php\/wp-json\/wp\/v2\/media\/29223"}],"wp:attachment":[{"href":"https:\/\/akdenizhaber.com.tr\/index.php\/wp-json\/wp\/v2\/media?parent=29219"}],"wp:term":[{"taxonomy":"category","embeddable":true,"href":"https:\/\/akdenizhaber.com.tr\/index.php\/wp-json\/wp\/v2\/categories?post=29219"},{"taxonomy":"post_tag","embeddable":true,"href":"https:\/\/akdenizhaber.com.tr\/index.php\/wp-json\/wp\/v2\/tags?post=29219"}],"curies":[{"name":"wp","href":"https:\/\/api.w.org\/{rel}","templated":true}]}}