{"id":29208,"date":"2025-06-19T16:25:34","date_gmt":"2025-06-19T13:25:34","guid":{"rendered":"https:\/\/akdenizhaber.com.tr\/?p=29208"},"modified":"2025-06-19T16:25:35","modified_gmt":"2025-06-19T13:25:35","slug":"huseyin-ergen-umit-ozdagla-gorustu","status":"publish","type":"post","link":"https:\/\/akdenizhaber.com.tr\/index.php\/2025\/06\/19\/huseyin-ergen-umit-ozdagla-gorustu\/","title":{"rendered":"H\u00fcseyin Ergen \u00dcmit \u00d6zda\u011f\u2019la g\u00f6r\u00fc\u015ft\u00fc"},"content":{"rendered":"\n<p>H\u00fcseyin Ergen, \u00f6nceki g\u00fcn tutuklu bulundu\u011fu cezaevinden tahliye edilen Zafer Partisi Genel Ba\u015fkan\u0131 \u00dcmit \u00d6zda\u011f\u2019la genel merkezde bir araya gelerek ge\u00e7mi\u015f olsun dileklerini sundu.<\/p>\n\n\n\n<p>Zafer Partisi Te\u015fkilat ve Mahalli \u0130darelerden Sorumlu Ba\u015fkan Yard\u0131mc\u0131s\u0131 H\u00fcseyin Ergen, partinin di\u011fer yetkilileriyle birlikte Ankara\u2019ya gelen Genel Ba\u015fkan \u00dcmit \u00d6zda\u011f\u2019la genel merkezde bir araya geldi.&nbsp; G\u00f6r\u00fc\u015fmede Genel Ba\u015fkan \u00dcmit \u00d6zda\u011f\u2019\u0131n \u00f6n\u00fcm\u00fczdeki d\u00f6neme dair de\u011ferlendirmelerde bulundu\u011funu anlatt\u0131. H\u00fcseyin Ergen, Genel Ba\u015fkan \u00d6zda\u011f\u2019\u0131n T\u00fcrkiye\u2019nin i\u00e7inde bulundu\u011fu siyasal ve hukuksal durum, hem de \u00e7evre \u00fclkelerde ya\u015fananlar\u0131 de\u011ferlendirdi\u011fini anlatt\u0131.<\/p>\n\n\n\n<p>Ya\u015fanan cezaevi s\u00fcrecinin kendileri a\u00e7\u0131s\u0131ndan \u00e7ok zorlu oldu\u011funu kaydeden Ergen \u015funlar\u0131 s\u00f6yledi:<\/p>\n\n\n\n<p>\u201cAnkara\u2019da Genel Ba\u015fkan\u0131m\u0131z \u00dcmit \u00d6zda\u011f\u2019\u0131n tahliyesinin ard\u0131ndan, Genel Merkezimizde bir araya geldik. Adaletin yerini bulmas\u0131 ve liderimizin yeniden aram\u0131zda olmas\u0131 bizler i\u00e7in b\u00fcy\u00fck bir mutluluk kayna\u011f\u0131. \u00dcmit \u00d6zda\u011f\u2019\u0131n liderli\u011finde, daha g\u00fc\u00e7l\u00fc bir T\u00fcrkiye i\u00e7in m\u00fccadelemize devam edece\u011fiz.\u201d<\/p>\n\n\n\n<p>B\u00fc\u015fra Deveci \/ Haber<\/p>\n","protected":false},"excerpt":{"rendered":"<p>H\u00fcseyin Ergen, \u00f6nceki g\u00fcn tutuklu bulundu\u011fu cezaevinden tahliye edilen Zafer Partisi Genel Ba\u015fkan\u0131 \u00dcmit \u00d6zda\u011f\u2019la genel merkezde bir araya gelerek ge\u00e7mi\u015f olsun dileklerini sundu. Zafer <a href=\"https:\/\/akdenizhaber.com.tr\/index.php\/2025\/06\/19\/huseyin-ergen-umit-ozdagla-gorustu\/\" class=\"read-more-link\">[more&#8230;]<\/a><\/p>\n","protected":false},"author":2,"featured_media":29209,"comment_status":"open","ping_status":"open","sticky":false,"template":"","format":"standard","meta":{"footnotes":""},"categories":[2],"tags":[],"class_list":["post-29208","post","type-post","status-publish","format-standard","has-post-thumbnail","hentry","category-gundem"],"_links":{"self":[{"href":"https:\/\/akdenizhaber.com.tr\/index.php\/wp-json\/wp\/v2\/posts\/29208","targetHints":{"allow":["GET"]}}],"collection":[{"href":"https:\/\/akdenizhaber.com.tr\/index.php\/wp-json\/wp\/v2\/posts"}],"about":[{"href":"https:\/\/akdenizhaber.com.tr\/index.php\/wp-json\/wp\/v2\/types\/post"}],"author":[{"embeddable":true,"href":"https:\/\/akdenizhaber.com.tr\/index.php\/wp-json\/wp\/v2\/users\/2"}],"replies":[{"embeddable":true,"href":"https:\/\/akdenizhaber.com.tr\/index.php\/wp-json\/wp\/v2\/comments?post=29208"}],"version-history":[{"count":1,"href":"https:\/\/akdenizhaber.com.tr\/index.php\/wp-json\/wp\/v2\/posts\/29208\/revisions"}],"predecessor-version":[{"id":29210,"href":"https:\/\/akdenizhaber.com.tr\/index.php\/wp-json\/wp\/v2\/posts\/29208\/revisions\/29210"}],"wp:featuredmedia":[{"embeddable":true,"href":"https:\/\/akdenizhaber.com.tr\/index.php\/wp-json\/wp\/v2\/media\/29209"}],"wp:attachment":[{"href":"https:\/\/akdenizhaber.com.tr\/index.php\/wp-json\/wp\/v2\/media?parent=29208"}],"wp:term":[{"taxonomy":"category","embeddable":true,"href":"https:\/\/akdenizhaber.com.tr\/index.php\/wp-json\/wp\/v2\/categories?post=29208"},{"taxonomy":"post_tag","embeddable":true,"href":"https:\/\/akdenizhaber.com.tr\/index.php\/wp-json\/wp\/v2\/tags?post=29208"}],"curies":[{"name":"wp","href":"https:\/\/api.w.org\/{rel}","templated":true}]}}