{"id":29205,"date":"2025-06-19T16:24:51","date_gmt":"2025-06-19T13:24:51","guid":{"rendered":"https:\/\/akdenizhaber.com.tr\/?p=29205"},"modified":"2025-06-19T16:24:51","modified_gmt":"2025-06-19T13:24:51","slug":"celik-baba-mizi-unutmadik-unutmayacagiz-unutturmayacagiz","status":"publish","type":"post","link":"https:\/\/akdenizhaber.com.tr\/index.php\/2025\/06\/19\/celik-baba-mizi-unutmadik-unutmayacagiz-unutturmayacagiz\/","title":{"rendered":"\u00c7elik; &#8220;BABA&#8217; m\u0131z\u0131; Unutmad\u0131k, unutmayaca\u011f\u0131z, unutturmayaca\u011f\u0131z&#8221;"},"content":{"rendered":"\n<p>Demokrat Parti Manavgat \u0130l\u00e7e Ba\u015fkan\u0131 Aylin TEZCAN \u00c7EL\u0130K 9.Cumhurba\u015fkan\u0131 S\u00fcleyman Demirel\u00b4in \u00f6l\u00fcm\u00fcn\u00fcn 10.y\u0131ld\u00f6n\u00fcm\u00fc m\u00fcnasebeti bas\u0131n a\u00e7\u0131klamas\u0131 yapt\u0131.<\/p>\n\n\n\n<p>Demokrat Parti Manavgat \u0130l\u00e7e Ba\u015fkan\u0131 Aylin TEZCAN \u00c7EL\u0130K yapt\u0131\u011f\u0131 a\u00e7\u0131klamada;<\/p>\n\n\n\n<p>\u201cT\u00fcrk siyasetinin \u201cBABA&#8221;s\u0131 S\u00fcleyman Demirel\u2019in vefat\u0131n\u0131n \u00fczerinden tam On y\u0131l ge\u00e7ti. \u201cBarajlar kral\u0131\u201d, \u201cBaba\u201d, \u201c\u00c7oban S\u00fcl\u00fc\u201d olarak an\u0131lan ve Cumhuriyet tarihinin kilit d\u00f6neme\u00e7lerinde hep ad\u0131 ge\u00e7en siyaset\u00e7ilerden 9. Cumhurba\u015fkan\u0131 S\u00fcleyman Demirel, On y\u0131l \u00f6nce bug\u00fcn, tedavi g\u00f6rd\u00fc\u011f\u00fc hastanede vefat etmi\u015fti.<\/p>\n\n\n\n<p>Demirel\u00b4in \u00f6l\u00fcm\u00fcnden bu yana ge\u00e7en On y\u0131l i\u00e7erisinde \u00fclkede O\u00b4nun keskin zekas\u0131na, tecr\u00fcbesine ve vakar\u0131na defalarca ihtiya\u00e7 duyulan anlar oldu\u011funu s\u00f6yleyen Ba\u015fkan Aylin TEZCAN \u00c7EL\u0130K, \u201c\u0130ki g\u00fcnl\u00fck ma\u011fduriyetlerini millete \u2018\u00e7ile\u2019 diye satanlara kar\u015f\u0131n, ger\u00e7ekten millet i\u00e7in cefa \u00e7eken Say\u0131n Genel Ba\u015fkan\u0131m\u0131z\u0131n, kurucu liderlerimizden S\u00fcleyman DEM\u0130REL&#8217;\u0130N hayat\u0131; bug\u00fcn\u00fcn siyasilerine devlet adaml\u0131\u011f\u0131n\u0131, siyaseti, demokrasiyi, hizmeti anlatan bir k\u00fclliyatt\u0131r\u201d dedi.<\/p>\n\n\n\n<p>Demokrat Parti Manavgat \u0130l\u00e7e Ba\u015fkan\u0131 Aylin TEZCAN \u00c7EL\u0130K, 9. cumhurba\u015fkan\u0131m\u0131z S\u00fcleyman Demireli\u2019i Rahmetle, minnetle \u015f\u00fckranla an\u0131yoruz. gelmi\u015f ge\u00e7mi\u015f en b\u00fcy\u00fck devlet adam\u0131d\u0131r mekan\u0131 cennet olsun.\u201d Biz Demokratlar onun b\u0131rakt\u0131\u011f\u0131 bayra\u011f\u0131 dalgaland\u0131rmaya devam edece\u011fiz &#8220;dedi.<\/p>\n\n\n\n<p>B\u00fc\u015fra Deveci \/ Haber<\/p>\n","protected":false},"excerpt":{"rendered":"<p>Demokrat Parti Manavgat \u0130l\u00e7e Ba\u015fkan\u0131 Aylin TEZCAN \u00c7EL\u0130K 9.Cumhurba\u015fkan\u0131 S\u00fcleyman Demirel\u00b4in \u00f6l\u00fcm\u00fcn\u00fcn 10.y\u0131ld\u00f6n\u00fcm\u00fc m\u00fcnasebeti bas\u0131n a\u00e7\u0131klamas\u0131 yapt\u0131. Demokrat Parti Manavgat \u0130l\u00e7e Ba\u015fkan\u0131 Aylin TEZCAN \u00c7EL\u0130K <a href=\"https:\/\/akdenizhaber.com.tr\/index.php\/2025\/06\/19\/celik-baba-mizi-unutmadik-unutmayacagiz-unutturmayacagiz\/\" class=\"read-more-link\">[more&#8230;]<\/a><\/p>\n","protected":false},"author":2,"featured_media":29206,"comment_status":"open","ping_status":"open","sticky":false,"template":"","format":"standard","meta":{"footnotes":""},"categories":[2],"tags":[],"class_list":["post-29205","post","type-post","status-publish","format-standard","has-post-thumbnail","hentry","category-gundem"],"_links":{"self":[{"href":"https:\/\/akdenizhaber.com.tr\/index.php\/wp-json\/wp\/v2\/posts\/29205","targetHints":{"allow":["GET"]}}],"collection":[{"href":"https:\/\/akdenizhaber.com.tr\/index.php\/wp-json\/wp\/v2\/posts"}],"about":[{"href":"https:\/\/akdenizhaber.com.tr\/index.php\/wp-json\/wp\/v2\/types\/post"}],"author":[{"embeddable":true,"href":"https:\/\/akdenizhaber.com.tr\/index.php\/wp-json\/wp\/v2\/users\/2"}],"replies":[{"embeddable":true,"href":"https:\/\/akdenizhaber.com.tr\/index.php\/wp-json\/wp\/v2\/comments?post=29205"}],"version-history":[{"count":1,"href":"https:\/\/akdenizhaber.com.tr\/index.php\/wp-json\/wp\/v2\/posts\/29205\/revisions"}],"predecessor-version":[{"id":29207,"href":"https:\/\/akdenizhaber.com.tr\/index.php\/wp-json\/wp\/v2\/posts\/29205\/revisions\/29207"}],"wp:featuredmedia":[{"embeddable":true,"href":"https:\/\/akdenizhaber.com.tr\/index.php\/wp-json\/wp\/v2\/media\/29206"}],"wp:attachment":[{"href":"https:\/\/akdenizhaber.com.tr\/index.php\/wp-json\/wp\/v2\/media?parent=29205"}],"wp:term":[{"taxonomy":"category","embeddable":true,"href":"https:\/\/akdenizhaber.com.tr\/index.php\/wp-json\/wp\/v2\/categories?post=29205"},{"taxonomy":"post_tag","embeddable":true,"href":"https:\/\/akdenizhaber.com.tr\/index.php\/wp-json\/wp\/v2\/tags?post=29205"}],"curies":[{"name":"wp","href":"https:\/\/api.w.org\/{rel}","templated":true}]}}