{"id":29202,"date":"2025-06-19T16:23:49","date_gmt":"2025-06-19T13:23:49","guid":{"rendered":"https:\/\/akdenizhaber.com.tr\/?p=29202"},"modified":"2025-06-19T16:23:50","modified_gmt":"2025-06-19T13:23:50","slug":"baskanin-toplantisi","status":"publish","type":"post","link":"https:\/\/akdenizhaber.com.tr\/index.php\/2025\/06\/19\/baskanin-toplantisi\/","title":{"rendered":"BA\u015eKANIN TOPLANTISI.."},"content":{"rendered":"\n<p>5 Ocak 2024 tarihinde Manavgat Belediyesindeki devir \u2013 teslim t\u00f6reninin ard\u0131ndan \u00e7i\u00e7e\u011fi burnunda ba\u015fkan Doktor Niyazi Nefi Kara, o g\u00fcn anma t\u00f6reni olan \u015fehidimiz \u00dcste\u011fmen Ahmet Ozan \u015earlak\u2019\u0131n \u015fehitli\u011finde buluverdi kendini..<\/p>\n\n\n\n<p>Ard\u0131ndan Hatiplerdeki aile mezarl\u0131\u011f\u0131n\u0131 ziyaret ederek g\u00f6reve dualarla ad\u0131m att\u0131..<\/p>\n\n\n\n<p>Zor ve me\u015fakkatli bir g\u00f6rev \u00fcstlendi\u011finin bilincinde idi ba\u015fkan..<\/p>\n\n\n\n<p>Yani; \u015fikayet\u00e7i de\u011fil tam aksine memnun ve mutlu g\u00f6r\u00fcnerek verdi\u011fi s\u00f6zlerin ard\u0131nda durmay\u0131 hedefliyor, bor\u00e7 har\u00e7 i\u00e7inde olan bir belediyenin nas\u0131l y\u00f6netilece\u011finin hesaplar\u0131n\u0131 ilk g\u00fcnlerde yapmaya ba\u015fl\u0131yordu.<\/p>\n\n\n\n<p>Gen\u00e7 iken kendine \u00e7izdi\u011fi yol haritas\u0131nda doktor olmak daha fazlas\u0131 beyin doktoru olma hayali vard\u0131..<\/p>\n\n\n\n<p>Bu hayalin gerek\u00e7esini ise \u201cO d\u00f6nem beyin cerrah\u0131 olmak istedi\u011fimde kirli beyinlerin temizlenmesi yat\u0131yordu\u201d..<\/p>\n\n\n\n<p>\u0130lerleyen tarihlerde beyin cerrah\u0131 oldu, hem de Gazipa\u015fa\u2019dan, Ka\u015f\u2019a sevilen, say\u0131lan ve aran\u0131lan bir doktordu..<\/p>\n\n\n\n<p>Her yaraya ne\u015fter, her \u00e7areye sevgi dolu y\u00fcre\u011fi ile giderek CHP milletvekili aday aday\u0131 oldu\u011fu d\u00f6nemde yap\u0131lan \u00f6n se\u00e7imlerde rahmetli Deniz Baykal\u2019\u0131 geride b\u0131rakarak sand\u0131ktan birinci \u00e7\u0131km\u0131\u015f, Halk\u0131n Doktoru unvan\u0131 ile milletvekili se\u00e7ilmi\u015fti.<\/p>\n\n\n\n<p>Se\u00e7ilmekle kalmam\u0131\u015f milletvekilli\u011fi d\u00f6neminde ses getiren \u00f6nergeleri ile b\u00fcy\u00fck \u00e7\u0131k\u0131\u015f yakalam\u0131\u015f, Y\u00f6r\u00fck y\u00fcre\u011fi ile iktidar milletvekilleri ile kavgalar\u0131na \u015fahit olmu\u015ftu B\u00fcy\u00fck Millet meclisi..<\/p>\n\n\n\n<p>Daha sonra ise yeniden aday g\u00f6sterilmedi Halk\u0131n doktoru..<\/p>\n\n\n\n<p>Gerek\u00e7elerini pek bilmesek de bildi\u011fimiz tek \u015feyin Halk\u0131n doktorunun partisine bile muhalefet oldu\u011fu ger\u00e7e\u011fidir.<\/p>\n\n\n\n<p>2024 y\u0131l\u0131nda yap\u0131lan se\u00e7imlerde ise Manavgat Belediye Ba\u015fkan\u0131 se\u00e7ildi\u2026<\/p>\n\n\n\n<p>Borcu, harc\u0131 biliyordu. Kendisini zor g\u00fcnlerin bekledi\u011finden de haberdard\u0131.. Ona ra\u011fmen do\u011fup b\u00fcy\u00fcd\u00fc\u011f\u00fc kente hizmet a\u015fk\u0131n\u0131n yan\u0131 s\u0131ra bir \u00e7ok soruna ne\u015fter vurmay\u0131 kafas\u0131na koymu\u015ftu..<\/p>\n\n\n\n<p>\u0130lk g\u00fcnlerde halk\u0131n beklentisi ne kadar bor\u00e7 ald\u0131\u011f\u0131na dairdi, siyasi ahlaktan m\u0131?.. Yoksa verdi\u011fi s\u00f6zden \u00f6t\u00fcr\u00fc m\u00fcd\u00fcr..<\/p>\n\n\n\n<p>O d\u00f6nemler borcu a\u00e7\u0131klamad\u0131.. Ya da a\u00e7\u0131klamak istemedi..<\/p>\n\n\n\n<p>D\u00fcnk\u00fc bas\u0131n toplant\u0131s\u0131nda nihayet a\u011fz\u0131ndan baklay\u0131 \u00e7\u0131kard\u0131, devir edilen bor\u00e7tan geriye 1 milyar 100 milyon lira kald\u0131\u011f\u0131n\u0131 a\u00e7\u0131klad\u0131..<\/p>\n\n\n\n<p>Demek ki; \u00f6dene \u00f6dene kalan rakam hat\u0131r\u0131 say\u0131l\u0131r bir rakam olarak g\u00f6ze batt\u0131..<\/p>\n\n\n\n<p>Bu bor\u00e7lar i\u00e7erisinde hala \u00f6demesi devam eden SGK ve vergi bor\u00e7lar\u0131 var en \u00e7ok belini b\u00fcken bor\u00e7ta bu bor\u00e7lar olmal\u0131 ki, yap\u0131land\u0131rma yoluyla \u00f6demeye devam etti\u011fini s\u00f6yledi..<\/p>\n\n\n\n<p>O d\u00f6nem 250 milyar 750 milyon lira olan, b\u00fct\u00e7enin bug\u00fcnk\u00fc rakamlarla 5.5 milyar liraya ula\u015ft\u0131\u011f\u0131n\u0131 a\u00e7\u0131klad\u0131..<\/p>\n\n\n\n<p>16 ayl\u0131k bir s\u00fcre\u00e7te bor\u00e7, har\u00e7.. Yat\u0131r\u0131m.. Yeni i\u015fetmeler ve projelerle birlikte b\u00fct\u00e7enin 5.5 miyar liraya \u00e7\u0131km\u0131\u015f olmas\u0131 Manavgat ad\u0131na ger\u00e7ekten sevindiricidir.<\/p>\n\n\n\n<p>G\u00f6reve geldi\u011finden bu yana Pazaryerlerindeki d\u00fczenlemelerle belediye gelirlerinin artt\u0131\u011f\u0131n\u0131, ara\u00e7lar\u0131 yenilemek istemelerine kar\u015f\u0131n tasarruf paketlerine tak\u0131ld\u0131klar\u0131n\u0131..<\/p>\n\n\n\n<p>Belediyenin t\u00fcm ara\u00e7lar\u0131na takip sistemi takt\u0131rarak tasarruf sa\u011flad\u0131klar\u0131n\u0131..<\/p>\n\n\n\n<p>\u0130halelerin ger\u00e7ek anlamda \u015feffaf hale getirildi\u011fini ve belediyenin b\u00fcy\u00fck karlar elde etti\u011fini..<\/p>\n\n\n\n<p>Halk\u0131n talepleri do\u011frultusunda ara\u00e7 park\u0131 i\u00e7in meclisten karar ald\u0131klar\u0131n\u0131 B\u00fcy\u00fck\u015fehir belediyesinin oluru ile en k\u0131sa zaman diliminde parkometre sistemine ge\u00e7ilece\u011fini s\u00f6ylerken..<\/p>\n\n\n\n<p>Baz\u0131 esnaflar\u0131n \u015fikayet\u00e7i oldu\u011funa dikkat \u00e7ekerek \u201c25 senelik esnaf adam\u0131n ne yaz\u0131k ki belediyeden ruhsat\u0131 yok\u201d\u2026 Bu konuda kimse g\u00f6n\u00fcl koymas\u0131n denetimlerimiz devam edecek dedi..<\/p>\n\n\n\n<p>Manavgat\u2019\u0131n en b\u00fcy\u00fck sorununun hastane oldu\u011funu \u00fcst\u00fcne basa basa vurgulayan Halk\u0131n doktoru \u201cHastane yapal\u0131m, sonra sa\u011fl\u0131k bakanl\u0131\u011f\u0131na devredelim\u201d dedik ne yaz\u0131k ki ona da izin vermediler.<\/p>\n\n\n\n<p>T\u00fcrkbeleni..Eski Kaymakaml\u0131k binas\u0131 Manavgat belediyesine devredilmeli diyen Doktor ba\u015fkan buralar\u0131n devri halinde Manavgat\u2019\u0131n \u00e7ehresinin daha da de\u011fi\u015fece\u011fini s\u00f6zlerine ekledi.<\/p>\n\n\n\n<p>Hani; baz\u0131 ki\u015filerce tef \u00e7al\u0131narak \u00e7e\u015fitli kulp tak\u0131lan m\u00fcfetti\u015f olay var ya..<\/p>\n\n\n\n<p>Ona da \u015f\u00f6yle g\u00f6r\u00fc\u015f belirtti Ba\u015fkan;<\/p>\n\n\n\n<p>\u201cBiz devlet i\u015fleyi\u015finin i\u00e7inden gelen insan\u0131z, y\u00fcz\u00fcm\u00fcz ak, aln\u0131m\u0131z temiz, m\u00fcfetti\u015fin gelmesi demek i\u015flerin daha d\u00fczenli ve iyi gitmesinde katk\u0131 sa\u011flamak demektir\u201d..<\/p>\n\n\n\n<p>Evet; \u00fc\u00e7 a\u015fa\u011f\u0131 be\u015f yukar\u0131 d\u00fcn\u2026.<\/p>\n\n\n\n<p>Gecikmelide olsa ba\u015fkan halk\u0131na Manavgat bas\u0131n\u0131 arac\u0131l\u0131\u011f\u0131 ile a\u00e7\u0131klamalarda bulundu..<\/p>\n\n\n\n<p>\u0130n\u015fallah bundan sonra bu i\u015fin devam\u0131 gelir.. Daha s\u0131k bas\u0131nla bir araya gelerek Manavgat halk\u0131 bilgilendirilir..<\/p>\n\n\n\n<p>Haydi, kal\u0131n sa\u011fl\u0131cakla.<\/p>\n\n\n\n<p>Her \u015fey y\u00fcre\u011finize g\u00f6re olsun..<\/p>\n","protected":false},"excerpt":{"rendered":"<p>5 Ocak 2024 tarihinde Manavgat Belediyesindeki devir \u2013 teslim t\u00f6reninin ard\u0131ndan \u00e7i\u00e7e\u011fi burnunda ba\u015fkan Doktor Niyazi Nefi Kara, o g\u00fcn anma t\u00f6reni olan \u015fehidimiz \u00dcste\u011fmen <a href=\"https:\/\/akdenizhaber.com.tr\/index.php\/2025\/06\/19\/baskanin-toplantisi\/\" class=\"read-more-link\">[more&#8230;]<\/a><\/p>\n","protected":false},"author":2,"featured_media":29203,"comment_status":"open","ping_status":"open","sticky":false,"template":"","format":"standard","meta":{"footnotes":""},"categories":[1,2],"tags":[],"class_list":["post-29202","post","type-post","status-publish","format-standard","has-post-thumbnail","hentry","category-blog","category-gundem"],"_links":{"self":[{"href":"https:\/\/akdenizhaber.com.tr\/index.php\/wp-json\/wp\/v2\/posts\/29202","targetHints":{"allow":["GET"]}}],"collection":[{"href":"https:\/\/akdenizhaber.com.tr\/index.php\/wp-json\/wp\/v2\/posts"}],"about":[{"href":"https:\/\/akdenizhaber.com.tr\/index.php\/wp-json\/wp\/v2\/types\/post"}],"author":[{"embeddable":true,"href":"https:\/\/akdenizhaber.com.tr\/index.php\/wp-json\/wp\/v2\/users\/2"}],"replies":[{"embeddable":true,"href":"https:\/\/akdenizhaber.com.tr\/index.php\/wp-json\/wp\/v2\/comments?post=29202"}],"version-history":[{"count":1,"href":"https:\/\/akdenizhaber.com.tr\/index.php\/wp-json\/wp\/v2\/posts\/29202\/revisions"}],"predecessor-version":[{"id":29204,"href":"https:\/\/akdenizhaber.com.tr\/index.php\/wp-json\/wp\/v2\/posts\/29202\/revisions\/29204"}],"wp:featuredmedia":[{"embeddable":true,"href":"https:\/\/akdenizhaber.com.tr\/index.php\/wp-json\/wp\/v2\/media\/29203"}],"wp:attachment":[{"href":"https:\/\/akdenizhaber.com.tr\/index.php\/wp-json\/wp\/v2\/media?parent=29202"}],"wp:term":[{"taxonomy":"category","embeddable":true,"href":"https:\/\/akdenizhaber.com.tr\/index.php\/wp-json\/wp\/v2\/categories?post=29202"},{"taxonomy":"post_tag","embeddable":true,"href":"https:\/\/akdenizhaber.com.tr\/index.php\/wp-json\/wp\/v2\/tags?post=29202"}],"curies":[{"name":"wp","href":"https:\/\/api.w.org\/{rel}","templated":true}]}}