{"id":29196,"date":"2025-06-19T16:20:33","date_gmt":"2025-06-19T13:20:33","guid":{"rendered":"https:\/\/akdenizhaber.com.tr\/?p=29196"},"modified":"2025-06-19T16:20:34","modified_gmt":"2025-06-19T13:20:34","slug":"kaya-antalyadan-gazipasaya-otoyol-kesintisiz-olmali-antalya-havalimani-gazipasaya-rayli-sistemle-baglanmali","status":"publish","type":"post","link":"https:\/\/akdenizhaber.com.tr\/index.php\/2025\/06\/19\/kaya-antalyadan-gazipasaya-otoyol-kesintisiz-olmali-antalya-havalimani-gazipasaya-rayli-sistemle-baglanmali\/","title":{"rendered":"Kaya; Antalya\u2019dan Gazipa\u015fa\u2019ya Otoyol Kesintisiz Olmal\u0131. Antalya Havaliman\u0131, Gazipa\u015fa\u2019ya Rayl\u0131 Sistemle Ba\u011flanmal\u0131"},"content":{"rendered":"\n<p>CHP Antalya Milletvekili Aykut Kaya, TBMM Genel Kurulu\u2019nda yapt\u0131\u011f\u0131 konu\u015fmada Antalya-Alanya Otoyolu Projesi\u2019nin h\u00e2l\u00e2 ba\u015flat\u0131lmad\u0131\u011f\u0131n\u0131 ve mevcut planlaman\u0131n b\u00f6lgenin ula\u015f\u0131m ihtiya\u00e7lar\u0131n\u0131 kar\u015f\u0131lamaktan uzak oldu\u011funu belirtti.<\/p>\n\n\n\n<p>\u201c\u0130halesi Aral\u0131k 2023\u2019te yap\u0131lan projeye hen\u00fcz ba\u015flanmad\u0131\u201d diyen Kaya, projenin sadece Serik-Konakl\u0131 aras\u0131n\u0131 kapsad\u0131\u011f\u0131n\u0131, oysa as\u0131l yo\u011funlu\u011fun ya\u015fand\u0131\u011f\u0131 Antalya-Serik ve Konakl\u0131-Gazipa\u015fa hatt\u0131n\u0131n d\u0131\u015far\u0131da b\u0131rak\u0131ld\u0131\u011f\u0131n\u0131 vurgulad\u0131.<\/p>\n\n\n\n<p>Ula\u015f\u0131mda kal\u0131c\u0131 \u00e7\u00f6z\u00fcm i\u00e7in yaln\u0131zca otoyolun yeterli olmayaca\u011f\u0131n\u0131 belirten Kaya, Antalya Havaliman\u0131\u2019n\u0131n Gazipa\u015fa Havaliman\u0131\u2019na rayl\u0131 sistemle ba\u011flanmas\u0131 gerekti\u011fini ifade etti. Ayr\u0131ca, mevcut D400 kara yolundaki y\u00fck\u00fcn azalt\u0131lmas\u0131 i\u00e7in alternatif turizm yolunun Bo\u011fazkent\u2019ten K\u0131z\u0131la\u011fa\u00e7\u2019a kadar uzat\u0131lmas\u0131 gerekti\u011fini dile getirdi.<\/p>\n\n\n\n<p>Kaya, \u201cAntalya\u2019n\u0131n do\u011fusundaki ula\u015f\u0131m problemini ger\u00e7ekten \u00e7\u00f6zmek istiyorsan\u0131z, bu projeyi Gazipa\u015fa\u2019ya kadar kesintisiz uzatmal\u0131 ve rayl\u0131 sistemle desteklemelisiniz\u201d s\u00f6zleriyle Ula\u015ft\u0131rma ve Altyap\u0131 Bakanl\u0131\u011f\u0131\u2019na \u00e7a\u011fr\u0131da bulundu.<\/p>\n\n\n\n<p>Haber Merkezi<\/p>\n","protected":false},"excerpt":{"rendered":"<p>CHP Antalya Milletvekili Aykut Kaya, TBMM Genel Kurulu\u2019nda yapt\u0131\u011f\u0131 konu\u015fmada Antalya-Alanya Otoyolu Projesi\u2019nin h\u00e2l\u00e2 ba\u015flat\u0131lmad\u0131\u011f\u0131n\u0131 ve mevcut planlaman\u0131n b\u00f6lgenin ula\u015f\u0131m ihtiya\u00e7lar\u0131n\u0131 kar\u015f\u0131lamaktan uzak oldu\u011funu belirtti. <a href=\"https:\/\/akdenizhaber.com.tr\/index.php\/2025\/06\/19\/kaya-antalyadan-gazipasaya-otoyol-kesintisiz-olmali-antalya-havalimani-gazipasaya-rayli-sistemle-baglanmali\/\" class=\"read-more-link\">[more&#8230;]<\/a><\/p>\n","protected":false},"author":2,"featured_media":28917,"comment_status":"open","ping_status":"open","sticky":false,"template":"","format":"standard","meta":{"footnotes":""},"categories":[2],"tags":[],"class_list":["post-29196","post","type-post","status-publish","format-standard","has-post-thumbnail","hentry","category-gundem"],"_links":{"self":[{"href":"https:\/\/akdenizhaber.com.tr\/index.php\/wp-json\/wp\/v2\/posts\/29196","targetHints":{"allow":["GET"]}}],"collection":[{"href":"https:\/\/akdenizhaber.com.tr\/index.php\/wp-json\/wp\/v2\/posts"}],"about":[{"href":"https:\/\/akdenizhaber.com.tr\/index.php\/wp-json\/wp\/v2\/types\/post"}],"author":[{"embeddable":true,"href":"https:\/\/akdenizhaber.com.tr\/index.php\/wp-json\/wp\/v2\/users\/2"}],"replies":[{"embeddable":true,"href":"https:\/\/akdenizhaber.com.tr\/index.php\/wp-json\/wp\/v2\/comments?post=29196"}],"version-history":[{"count":1,"href":"https:\/\/akdenizhaber.com.tr\/index.php\/wp-json\/wp\/v2\/posts\/29196\/revisions"}],"predecessor-version":[{"id":29197,"href":"https:\/\/akdenizhaber.com.tr\/index.php\/wp-json\/wp\/v2\/posts\/29196\/revisions\/29197"}],"wp:featuredmedia":[{"embeddable":true,"href":"https:\/\/akdenizhaber.com.tr\/index.php\/wp-json\/wp\/v2\/media\/28917"}],"wp:attachment":[{"href":"https:\/\/akdenizhaber.com.tr\/index.php\/wp-json\/wp\/v2\/media?parent=29196"}],"wp:term":[{"taxonomy":"category","embeddable":true,"href":"https:\/\/akdenizhaber.com.tr\/index.php\/wp-json\/wp\/v2\/categories?post=29196"},{"taxonomy":"post_tag","embeddable":true,"href":"https:\/\/akdenizhaber.com.tr\/index.php\/wp-json\/wp\/v2\/tags?post=29196"}],"curies":[{"name":"wp","href":"https:\/\/api.w.org\/{rel}","templated":true}]}}