{"id":29193,"date":"2025-06-19T16:18:50","date_gmt":"2025-06-19T13:18:50","guid":{"rendered":"https:\/\/akdenizhaber.com.tr\/?p=29193"},"modified":"2025-06-19T16:18:51","modified_gmt":"2025-06-19T13:18:51","slug":"belenobasinda-karpuz-senligi-heyecani-yasanacak","status":"publish","type":"post","link":"https:\/\/akdenizhaber.com.tr\/index.php\/2025\/06\/19\/belenobasinda-karpuz-senligi-heyecani-yasanacak\/","title":{"rendered":"Belenobas\u0131\u2019nda Karpuz \u015eenli\u011fi Heyecan\u0131 Ya\u015fanacak"},"content":{"rendered":"\n<p>Manavgat Belediyesi, T\u00fcrkiye genelinde lezzetiyle \u00fcn salm\u0131\u015f olan <strong>Belenobas\u0131 karpuzunu<\/strong> tan\u0131tmak, yerel \u00fcreticilere destek olmak ve yaz mevsiminin co\u015fkusunu t\u00fcm Manavgat halk\u0131yla birlikte ya\u015famak amac\u0131yla \u201c<strong>Belenobas\u0131 Karpuz \u015eenli\u011fi<\/strong>\u201d d\u00fczenliyor.<\/p>\n\n\n\n<p>22 Haziran Pazar g\u00fcn\u00fc saat 11:00\u2019de Belenobas\u0131 Mahallesi\u2019nde ger\u00e7ekle\u015fecek olan \u015fenlikte; Manavgat\u2019\u0131n bereketli topraklar\u0131nda yeti\u015fen, tatl\u0131l\u0131\u011f\u0131 ve aromas\u0131yla \u00f6ne \u00e7\u0131kan Belenobas\u0131 karpuzu hem \u00fcreticiler hem de t\u00fcketicilerle bulu\u015facak.<\/p>\n\n\n\n<p>\u015eenli\u011fin amac\u0131, yerel \u00fcreticilere ekonomik ve sosyal anlamda katk\u0131 sunarken, Manavgat\u2019\u0131n tar\u0131msal g\u00fcc\u00fcn\u00fc daha geni\u015f kitlelere duyurmak. G\u00fcn boyunca s\u00fcrecek olan etkinliklerde, Manavgat Belediyesi Halk Oyunlar\u0131 Toplulu\u011fu taraf\u0131ndan sahnelenecek renkli dans g\u00f6sterileri izleyicilere g\u00f6rsel bir \u015f\u00f6len sunacak. <strong>Kadir Demira\u011f<\/strong> ve <strong>Derin M\u00fczik<\/strong> grubu, sevilen \u015fark\u0131larla \u015fenli\u011fe kat\u0131lanlara keyifli dakikalar ya\u015fatacak. Karpuz tad\u0131m etkinliklerinin yan\u0131 s\u0131ra \u00e7e\u015fitli s\u00fcrprizler de kat\u0131l\u0131mc\u0131lar\u0131 bekliyor olacak.<\/p>\n\n\n\n<p>Manavgat Belediyesi \/ B\u00fclten<\/p>\n","protected":false},"excerpt":{"rendered":"<p>Manavgat Belediyesi, T\u00fcrkiye genelinde lezzetiyle \u00fcn salm\u0131\u015f olan Belenobas\u0131 karpuzunu tan\u0131tmak, yerel \u00fcreticilere destek olmak ve yaz mevsiminin co\u015fkusunu t\u00fcm Manavgat halk\u0131yla birlikte ya\u015famak amac\u0131yla <a href=\"https:\/\/akdenizhaber.com.tr\/index.php\/2025\/06\/19\/belenobasinda-karpuz-senligi-heyecani-yasanacak\/\" class=\"read-more-link\">[more&#8230;]<\/a><\/p>\n","protected":false},"author":2,"featured_media":29194,"comment_status":"open","ping_status":"open","sticky":false,"template":"","format":"standard","meta":{"footnotes":""},"categories":[2],"tags":[],"class_list":["post-29193","post","type-post","status-publish","format-standard","has-post-thumbnail","hentry","category-gundem"],"_links":{"self":[{"href":"https:\/\/akdenizhaber.com.tr\/index.php\/wp-json\/wp\/v2\/posts\/29193","targetHints":{"allow":["GET"]}}],"collection":[{"href":"https:\/\/akdenizhaber.com.tr\/index.php\/wp-json\/wp\/v2\/posts"}],"about":[{"href":"https:\/\/akdenizhaber.com.tr\/index.php\/wp-json\/wp\/v2\/types\/post"}],"author":[{"embeddable":true,"href":"https:\/\/akdenizhaber.com.tr\/index.php\/wp-json\/wp\/v2\/users\/2"}],"replies":[{"embeddable":true,"href":"https:\/\/akdenizhaber.com.tr\/index.php\/wp-json\/wp\/v2\/comments?post=29193"}],"version-history":[{"count":1,"href":"https:\/\/akdenizhaber.com.tr\/index.php\/wp-json\/wp\/v2\/posts\/29193\/revisions"}],"predecessor-version":[{"id":29195,"href":"https:\/\/akdenizhaber.com.tr\/index.php\/wp-json\/wp\/v2\/posts\/29193\/revisions\/29195"}],"wp:featuredmedia":[{"embeddable":true,"href":"https:\/\/akdenizhaber.com.tr\/index.php\/wp-json\/wp\/v2\/media\/29194"}],"wp:attachment":[{"href":"https:\/\/akdenizhaber.com.tr\/index.php\/wp-json\/wp\/v2\/media?parent=29193"}],"wp:term":[{"taxonomy":"category","embeddable":true,"href":"https:\/\/akdenizhaber.com.tr\/index.php\/wp-json\/wp\/v2\/categories?post=29193"},{"taxonomy":"post_tag","embeddable":true,"href":"https:\/\/akdenizhaber.com.tr\/index.php\/wp-json\/wp\/v2\/tags?post=29193"}],"curies":[{"name":"wp","href":"https:\/\/api.w.org\/{rel}","templated":true}]}}