{"id":29188,"date":"2025-06-19T16:17:48","date_gmt":"2025-06-19T13:17:48","guid":{"rendered":"https:\/\/akdenizhaber.com.tr\/?p=29188"},"modified":"2025-06-19T16:17:48","modified_gmt":"2025-06-19T13:17:48","slug":"manavgatli-guresciden-milli-gurur","status":"publish","type":"post","link":"https:\/\/akdenizhaber.com.tr\/index.php\/2025\/06\/19\/manavgatli-guresciden-milli-gurur\/","title":{"rendered":"Manavgatl\u0131 G\u00fcre\u015f\u00e7iden Milli Gurur"},"content":{"rendered":"\n<p>Manavgat Belediyesi G\u00fcre\u015f Kul\u00fcb\u00fc sporcusu Mehmet Ba\u015fkan Bozkurt, uluslararas\u0131 arenada T\u00fcrkiye\u2019yi temsil etmeye haz\u0131rlan\u0131yor. Ba\u015far\u0131l\u0131 sporcu, 25-28 Haziran 2025 tarihleri aras\u0131nda \u0130talya\u2019da d\u00fczenlenecek olan U15 Serbest G\u00fcre\u015f Avrupa \u015eampiyonas\u0131\u2019nda ay-y\u0131ld\u0131zl\u0131 forma ile mindere \u00e7\u0131kacak.<\/p>\n\n\n\n<p>G\u00f6sterdi\u011fi performansla milli tak\u0131m se\u00e7melerinde dikkatleri \u00fczerine \u00e7eken Mehmet Ba\u015fkan Bozkurt, bu ba\u015far\u0131s\u0131yla Manavgat\u2019\u0131 gururland\u0131rd\u0131. \u015eampiyonada T\u00fcrkiye\u2019yi temsil edecek olan sporcunun hedefi, Avrupa \u015fampiyonlu\u011funu kazanarak T\u00fcrk bayra\u011f\u0131n\u0131 zirveye ta\u015f\u0131mak.<\/p>\n\n\n\n<p>Manavgat Belediye Ba\u015fkan\u0131 Op. Dr. Niyazi Nefi Kara, ba\u015far\u0131l\u0131 sporcu Mehmet Ba\u015fkan Bozkurt\u2019u ve eme\u011fi ge\u00e7en t\u00fcm antren\u00f6rleri tebrik ederek ba\u015far\u0131lar diledi. Ba\u015fkan Kara, \u201cManavgat\u2019\u0131m\u0131z\u0131n bir evlad\u0131n\u0131n uluslararas\u0131 arenada \u00fclkemizi temsil edecek olmas\u0131 bizler i\u00e7in gurur verici. Gen\u00e7 sporcular\u0131m\u0131za verdi\u011fimiz destekle bu ba\u015far\u0131lar\u0131n daha da artaca\u011f\u0131na y\u00fcrekten inan\u0131yorum.\u201d dedi.<\/p>\n\n\n\n<p>Manavgat Belediyesi \/ B\u00fclten<\/p>\n","protected":false},"excerpt":{"rendered":"<p>Manavgat Belediyesi G\u00fcre\u015f Kul\u00fcb\u00fc sporcusu Mehmet Ba\u015fkan Bozkurt, uluslararas\u0131 arenada T\u00fcrkiye\u2019yi temsil etmeye haz\u0131rlan\u0131yor. Ba\u015far\u0131l\u0131 sporcu, 25-28 Haziran 2025 tarihleri aras\u0131nda \u0130talya\u2019da d\u00fczenlenecek olan U15 <a href=\"https:\/\/akdenizhaber.com.tr\/index.php\/2025\/06\/19\/manavgatli-guresciden-milli-gurur\/\" class=\"read-more-link\">[more&#8230;]<\/a><\/p>\n","protected":false},"author":2,"featured_media":29189,"comment_status":"open","ping_status":"open","sticky":false,"template":"","format":"standard","meta":{"footnotes":""},"categories":[2],"tags":[],"class_list":["post-29188","post","type-post","status-publish","format-standard","has-post-thumbnail","hentry","category-gundem"],"_links":{"self":[{"href":"https:\/\/akdenizhaber.com.tr\/index.php\/wp-json\/wp\/v2\/posts\/29188","targetHints":{"allow":["GET"]}}],"collection":[{"href":"https:\/\/akdenizhaber.com.tr\/index.php\/wp-json\/wp\/v2\/posts"}],"about":[{"href":"https:\/\/akdenizhaber.com.tr\/index.php\/wp-json\/wp\/v2\/types\/post"}],"author":[{"embeddable":true,"href":"https:\/\/akdenizhaber.com.tr\/index.php\/wp-json\/wp\/v2\/users\/2"}],"replies":[{"embeddable":true,"href":"https:\/\/akdenizhaber.com.tr\/index.php\/wp-json\/wp\/v2\/comments?post=29188"}],"version-history":[{"count":1,"href":"https:\/\/akdenizhaber.com.tr\/index.php\/wp-json\/wp\/v2\/posts\/29188\/revisions"}],"predecessor-version":[{"id":29190,"href":"https:\/\/akdenizhaber.com.tr\/index.php\/wp-json\/wp\/v2\/posts\/29188\/revisions\/29190"}],"wp:featuredmedia":[{"embeddable":true,"href":"https:\/\/akdenizhaber.com.tr\/index.php\/wp-json\/wp\/v2\/media\/29189"}],"wp:attachment":[{"href":"https:\/\/akdenizhaber.com.tr\/index.php\/wp-json\/wp\/v2\/media?parent=29188"}],"wp:term":[{"taxonomy":"category","embeddable":true,"href":"https:\/\/akdenizhaber.com.tr\/index.php\/wp-json\/wp\/v2\/categories?post=29188"},{"taxonomy":"post_tag","embeddable":true,"href":"https:\/\/akdenizhaber.com.tr\/index.php\/wp-json\/wp\/v2\/tags?post=29188"}],"curies":[{"name":"wp","href":"https:\/\/api.w.org\/{rel}","templated":true}]}}