{"id":29184,"date":"2025-06-19T16:16:40","date_gmt":"2025-06-19T13:16:40","guid":{"rendered":"https:\/\/akdenizhaber.com.tr\/?p=29184"},"modified":"2025-06-19T16:16:41","modified_gmt":"2025-06-19T13:16:41","slug":"adgnin-konugu-vali-hulusi-sahin-oldu","status":"publish","type":"post","link":"https:\/\/akdenizhaber.com.tr\/index.php\/2025\/06\/19\/adgnin-konugu-vali-hulusi-sahin-oldu\/","title":{"rendered":"ADG\u2019nin Konu\u011fu Vali Hulusi \u015eahin Oldu"},"content":{"rendered":"\n<p><strong>Antalya Valisi Hulusi \u015eahin, Antalya Dayan\u0131\u015fma Grubu\u2019nun bu haftaki toplant\u0131s\u0131n\u0131n konu\u011fu oldu. Antalya g\u00fcndemine ili\u015fkin a\u00e7\u0131klamalarda bulunan Vali \u015eahin, kentin huzuru, g\u00fcvenli\u011fi ve refah\u0131 i\u00e7in aral\u0131ks\u0131z \u00e7al\u0131\u015ft\u0131klar\u0131n\u0131 belirtti. <\/strong><strong><\/strong><\/p>\n\n\n\n<p><strong>Kuruldu\u011fu g\u00fcnden bu yana birbirinden \u00f6nemli isimleri toplant\u0131lar\u0131ndan misafir eden Antalya Dayan\u0131\u015fma Grubu\u2019nun (ADG) bu haftaki konu\u011fu Antalya Valisi Hulusi \u015eahin oldu. Su Otel\u2019de ger\u00e7ekle\u015ftirilen toplant\u0131da Antalya g\u00fcndemi, sorunlar ve \u00e7\u00f6z\u00fcm \u00f6nerileri ile projeler hakk\u0131nda bilgiler veren Vali \u015eahin, Antalya\u2019n\u0131n ba\u015fta turizm ve tar\u0131m olmak \u00fczere bir\u00e7ok konuda T\u00fcrkiye\u2019nin lokomotifi konumunda oldu\u011funu s\u00f6yledi. \u015eahin, kentin huzuru, g\u00fcvenli\u011fi ve refah\u0131 i\u00e7in aral\u0131ks\u0131z \u00e7al\u0131\u015ft\u0131klar\u0131n\u0131 belirtti.<\/strong><strong><\/strong><\/p>\n\n\n\n<p><strong>\u2018KEPEZ KAV\u015eA\u011eI TEMMUZDA A\u00c7ILIYOR\u2019<\/strong><strong><\/strong><\/p>\n\n\n\n<p><strong>Antalya\u2019da trafi\u011fin son d\u00f6nemde \u00f6nemli bir problem haline geldi\u011fini s\u00f6yleyen Vali Hulusi \u015eahin, bu do\u011frultuda \u00e7al\u0131\u015fmalar\u0131n t\u00fcm h\u0131z\u0131yla devam etti\u011fini belirtti. 4 \u00f6nemli kav\u015fak projesi ile \u015fehir i\u00e7i trafi\u011fin rahatlayaca\u011f\u0131n\u0131 ifade eden Vali \u015eahin, \u201cAntalya\u2019n\u0131n kom\u015fu illerle ba\u011flant\u0131s\u0131 noktas\u0131nda son derece \u00f6nem arz eden Kepez Kav\u015fa\u011f\u0131\u2019nda \u015fu anda \u00f6nemli bir yol kat edildi. Temmuz ay\u0131 itibariyle kullan\u0131ma a\u00e7\u0131lmas\u0131 planlan\u0131yor. Daha sonra di\u011fer kav\u015faklardaki \u00e7al\u0131\u015fmalar h\u0131zland\u0131r\u0131lacak\u201d \u015feklinde konu\u015ftu. <\/strong><strong><\/strong><\/p>\n\n\n\n<p><strong>EXPO ALANI<\/strong><strong><\/strong><\/p>\n\n\n\n<p><strong>Grup \u00fcyelerinden gelen soru \u00fczerine EXPO alan\u0131n\u0131n gelece\u011fi hakk\u0131nda da bilgiler veren Vali \u015eahin, \u201c100 d\u00f6n\u00fcml\u00fck bir alandan bahsediyoruz. Bu alanla ilgili son g\u00fcnlerde medyada da s\u0131kl\u0131kla g\u00f6r\u00fc\u015fler belirtiliyor. \u00dcniversite olarak kullan\u0131lmas\u0131n\u0131 isteyen var, Silikon Vadisi tarz\u0131nda bir bili\u015fim merkezi kurulmas\u0131n\u0131 \u00f6neren var. \u015eu an i\u00e7in at\u0131lan bir ad\u0131m yok. Ama benim d\u00fc\u015f\u00fcncem tar\u0131m\u0131 i\u00e7eren tema park olarak kullan\u0131lmas\u0131 y\u00f6n\u00fcnde. Ancak bunun i\u00e7in de ciddi bir yat\u0131r\u0131ma ve yat\u0131r\u0131mc\u0131ya ihtiya\u00e7 var\u201d dedi. <\/strong><strong><\/strong><\/p>\n\n\n\n<p><strong>KALE\u0130\u00c7\u0130 VE MEND\u0130REK \u00c7ALI\u015eMALARI<\/strong><strong><\/strong><\/p>\n\n\n\n<p><strong>Antalya i\u00e7in Kalei\u00e7i\u2019nin \u00e7ok \u00f6nemli oldu\u011funu anlatan Vali Hulusi \u015eahin, \u201cKalei\u00e7i ile ilgili projelerimiz var. Bir tabela kirlili\u011fi de s\u00f6z konusu. Bununla ilgili Kaymakam\u0131m\u0131z \u00e7al\u0131\u015fma yap\u0131yor. Pilot b\u00f6lge olarak kendimize bir sokak belirledik. \u0130lk olarak burada \u00e7al\u0131\u015fma yapaca\u011f\u0131z. Bu tabela kirlili\u011finin \u00f6n\u00fcne ge\u00e7mek istiyoruz. Ayr\u0131ca Mendirek ile ilgili de \u00e7al\u0131\u015fmalar\u0131m\u0131z devam ediyor. Oradaki sorunun fark\u0131nday\u0131z ve \u00e7\u00f6z\u00fcme kavu\u015fturmak i\u00e7in \u00e7al\u0131\u015f\u0131yoruz\u201d dedi. <\/strong><strong><\/strong><\/p>\n\n\n\n<p><strong>Toplant\u0131, plaket takdimi ve g\u00fcn\u00fcn an\u0131s\u0131na \u00e7ekilen hat\u0131ra foto\u011fraf\u0131n\u0131n ard\u0131ndan sona erdi.&nbsp; <\/strong><strong><\/strong><\/p>\n\n\n\n<p><strong>Haber Merkezi<\/strong><\/p>\n","protected":false},"excerpt":{"rendered":"<p>Antalya Valisi Hulusi \u015eahin, Antalya Dayan\u0131\u015fma Grubu\u2019nun bu haftaki toplant\u0131s\u0131n\u0131n konu\u011fu oldu. Antalya g\u00fcndemine ili\u015fkin a\u00e7\u0131klamalarda bulunan Vali \u015eahin, kentin huzuru, g\u00fcvenli\u011fi ve refah\u0131 i\u00e7in <a href=\"https:\/\/akdenizhaber.com.tr\/index.php\/2025\/06\/19\/adgnin-konugu-vali-hulusi-sahin-oldu\/\" class=\"read-more-link\">[more&#8230;]<\/a><\/p>\n","protected":false},"author":2,"featured_media":29185,"comment_status":"open","ping_status":"open","sticky":false,"template":"","format":"standard","meta":{"footnotes":""},"categories":[2],"tags":[],"class_list":["post-29184","post","type-post","status-publish","format-standard","has-post-thumbnail","hentry","category-gundem"],"_links":{"self":[{"href":"https:\/\/akdenizhaber.com.tr\/index.php\/wp-json\/wp\/v2\/posts\/29184","targetHints":{"allow":["GET"]}}],"collection":[{"href":"https:\/\/akdenizhaber.com.tr\/index.php\/wp-json\/wp\/v2\/posts"}],"about":[{"href":"https:\/\/akdenizhaber.com.tr\/index.php\/wp-json\/wp\/v2\/types\/post"}],"author":[{"embeddable":true,"href":"https:\/\/akdenizhaber.com.tr\/index.php\/wp-json\/wp\/v2\/users\/2"}],"replies":[{"embeddable":true,"href":"https:\/\/akdenizhaber.com.tr\/index.php\/wp-json\/wp\/v2\/comments?post=29184"}],"version-history":[{"count":1,"href":"https:\/\/akdenizhaber.com.tr\/index.php\/wp-json\/wp\/v2\/posts\/29184\/revisions"}],"predecessor-version":[{"id":29186,"href":"https:\/\/akdenizhaber.com.tr\/index.php\/wp-json\/wp\/v2\/posts\/29184\/revisions\/29186"}],"wp:featuredmedia":[{"embeddable":true,"href":"https:\/\/akdenizhaber.com.tr\/index.php\/wp-json\/wp\/v2\/media\/29185"}],"wp:attachment":[{"href":"https:\/\/akdenizhaber.com.tr\/index.php\/wp-json\/wp\/v2\/media?parent=29184"}],"wp:term":[{"taxonomy":"category","embeddable":true,"href":"https:\/\/akdenizhaber.com.tr\/index.php\/wp-json\/wp\/v2\/categories?post=29184"},{"taxonomy":"post_tag","embeddable":true,"href":"https:\/\/akdenizhaber.com.tr\/index.php\/wp-json\/wp\/v2\/tags?post=29184"}],"curies":[{"name":"wp","href":"https:\/\/api.w.org\/{rel}","templated":true}]}}