{"id":29181,"date":"2025-06-19T16:15:33","date_gmt":"2025-06-19T13:15:33","guid":{"rendered":"https:\/\/akdenizhaber.com.tr\/?p=29181"},"modified":"2025-06-19T16:15:34","modified_gmt":"2025-06-19T13:15:34","slug":"abdal-musa-anma-etkinlikleri-basliyor","status":"publish","type":"post","link":"https:\/\/akdenizhaber.com.tr\/index.php\/2025\/06\/19\/abdal-musa-anma-etkinlikleri-basliyor\/","title":{"rendered":"Abdal Musa Anma Etkinlikleri ba\u015fl\u0131yor"},"content":{"rendered":"\n<p>Antalya B\u00fcy\u00fck\u015fehir Belediyesi, Elmal\u0131 Belediyesi, Tekke K\u00f6y\u00fc Abdal Musa K\u00fclt\u00fcr\u00fcn\u00fc Ara\u015ft\u0131rma ve Ya\u015fatma Derne\u011fi i\u015f birli\u011fi d\u00fczenlenen Geleneksel Abdal Musa Anma Etkinlikleri, bu y\u0131l 20-21-22 Haziran&#8217;da Elmal\u0131 \u0130l\u00e7esine ba\u011fl\u0131 Tekke Mahallesi&#8217;nde ger\u00e7ekle\u015ftirilecek.<\/p>\n\n\n\n<p>20. Uluslararas\u0131, 41. Ulusal Abdal Musa Anma Etkinlikleri, 20 Haziran Cuma g\u00fcn\u00fc Elmal\u0131 Tekke Mahallesi&#8217;nde saat 12.00&#8217;de t\u00fcrbe ziyareti ile ba\u015flayacak. 3 g\u00fcn s\u00fcrecek etkinliklerde \u00e2\u015f\u0131klar\u0131n at\u0131\u015fmalar\u0131, yerel ozanlar, paneller, cem erk\u00e2n\u0131, semahlar ve konserler olacak.<\/p>\n\n\n\n<p>GE\u00c7M\u0130\u015eTEN BUG\u00dcNE ABDAL MUSA AYDINLI\u011eI PANEL\u0130<\/p>\n\n\n\n<p>Abdal Musa Anma Etkinlikleri bu y\u0131l da semahlar, cemler ve sevilen sanat\u00e7\u0131larla dolu dolu ge\u00e7ecek. 20 Haziran Cuma g\u00fcn\u00fc ba\u015flayacak anma etkinliklerinin ilk g\u00fcn program\u0131nda Tekke K\u00f6y\u00fc K\u00fclt\u00fcr ve Cemevi\u2019nde saat 14.00\u2019te \u015eahkulu Sultan dergah\u0131 ve Tekke K\u00f6y\u00fc Abdal Musa K\u00fclt\u00fcr\u00fcn\u00fc Ara\u015ft\u0131rma ve Ya\u015fatma Derne\u011fi i\u015fbirli\u011fiyle d\u00fczenlenen \u201cGe\u00e7mi\u015ften Bug\u00fcne Abdal Musa Ayd\u0131nl\u0131\u011f\u0131\u201d ba\u015fl\u0131kl\u0131 panel ger\u00e7ekle\u015ftirilecek. Ara\u015ft\u0131rmac\u0131 Yazar Ayhan Ayd\u0131n\u2019\u0131n y\u00f6netece\u011fi panelde Do\u00e7. Dr. Mark Soileau \u201cAbdal Musa ve Abdal Musa Velayetnamesi\u201d, Prof. Dr. Fahri maden \u201cTarihi Belgeler I\u015f\u0131\u011f\u0131nda Abdal Musa Dergah\u0131\u201d,&nbsp; Hac\u0131 Bekta\u015f Dergah\u0131 Postni\u015fini Veliyettin Ulusoy \u201cOcakta ve Dergahta Birlik\u201d, Ara\u015ft\u0131rmac\u0131 yazar S\u00fcleyman Zaman Kaygusuz Abdal\u2019\u0131n Eserlerinde Alevilik Bekta\u015filik Olgusu\u201d ba\u015fl\u0131kl\u0131 sunumlar yapacak. Saat 16.00\u2019da Adnan K\u0131l\u0131\u00e7 ve Erencan \u00c7elik dinletisi, saat 17.00\u2019de ise \u015eahkulu Sultan Dergah\u0131 Post dedesi Ali Do\u011fan Dede\u2019nin Cem\u2019i ger\u00e7ekle\u015fecek<\/p>\n\n\n\n<p>SEVCAN ORHAN KONSER VERECEK<\/p>\n\n\n\n<p>20 Haziran Cuma g\u00fcn\u00fc saat 19.00\u2019da Amfi Tiyatro\u2019da semah, 19.30\u2019da \u0130layda Erg\u00fcn konseri, 21.00\u2019da Ebru \u00d6zdemir konseri, 22.15\u2019te Bulgaristan Semah Ekibi, 22.30\u2019da Ali Eren \u00c7\u0131nar ve 23.30\u2019da Eren \u00d6z\u00fctemiz konser verecek. Etkinlik program\u0131n\u0131n ikinci g\u00fcn\u00fc 21 Haziran Cumartesi ise saat 13.00\u2019te Abdal Musa T\u00fcrbe i\u00e7i ve bah\u00e7esinde \u00c2\u015f\u0131klar ve Semahlar, 17.00\u2019da Abdal Musa Birlik Cemi, 15.00\u2019te K\u00fclt\u00fcr Merkezi Toplant\u0131 Salonu&#8217;nda paneller d\u00fczenlenecek. Anma etkinliklerinin resmi a\u00e7\u0131l\u0131\u015f\u0131 saat 19.30\u2019da Amfi Tiyatro alan\u0131nda sayg\u0131 duru\u015fu, \u0130stiklal Mar\u015f\u0131 ve protokol konu\u015fmalar\u0131 ile ger\u00e7ekle\u015fecek. Resmi a\u00e7\u0131l\u0131\u015f t\u00f6reninin ard\u0131ndan saat 19.50\u2019de g\u00fclbenk, saat 20.45\u2019te Abdal Musa Semah Ekibi, saat 21.15\u2019te K\u00fclt\u00fcr Bakanl\u0131\u011f\u0131 G\u00fczel Sanatlar Korosu ve Karacaahmet Semah Ekibi, 22.00\u2019da Fatih Demirhan konseri, 23.15\u2019te Antalya Alevi Bile\u015fenleri Semah Ekibi ve saat 23.30\u2019da sevilen sanat\u00e7\u0131 Sevcan Orhan konseri ile sona erecek.<\/p>\n\n\n\n<p>G\u00d6RKEML\u0130 HATIRALAR TEKKE\u2019DE OLACAK<\/p>\n\n\n\n<p>Etkinlikler kapsam\u0131nda gazeteci-yazar Serhan Asker de sevilen televizyon program\u0131 G\u00f6rkemli Hat\u0131ralar ile Elmal\u0131&#8217;da olacak. 21 Haziran Cumartesi sabah saat 10.00\u2019da, Antalya B\u00fcy\u00fck\u015fehir Belediye Ba\u015fkan\u0131 Muhittin B\u00f6cek\u2019in de kat\u0131l\u0131m\u0131yla ger\u00e7ekle\u015fecek canl\u0131 yay\u0131n program\u0131nda Abdal Musa k\u00fclt\u00fcr\u00fc ve Elmal\u0131 Tekke K\u00f6y\u00fc do\u011fal g\u00fczellikleri t\u00fcm T\u00fcrkiye&#8217;ye tan\u0131t\u0131lacak. Programda sevilen t\u00fcrk\u00fcleriyle Sevcan Orhan da e\u015flik edecek.<\/p>\n\n\n\n<p>Abdal Musa Anma Etkinlikleri, 22 Haziran Pazar g\u00fcn\u00fc t\u00fcrbe ziyareti ve u\u011furlama t\u00f6reni ile sona erecek.<\/p>\n\n\n\n<p>Antalya B\u00fcy\u00fck\u015fehir Belediyesi \/ B\u00fclten<\/p>\n","protected":false},"excerpt":{"rendered":"<p>Antalya B\u00fcy\u00fck\u015fehir Belediyesi, Elmal\u0131 Belediyesi, Tekke K\u00f6y\u00fc Abdal Musa K\u00fclt\u00fcr\u00fcn\u00fc Ara\u015ft\u0131rma ve Ya\u015fatma Derne\u011fi i\u015f birli\u011fi d\u00fczenlenen Geleneksel Abdal Musa Anma Etkinlikleri, bu y\u0131l 20-21-22 <a href=\"https:\/\/akdenizhaber.com.tr\/index.php\/2025\/06\/19\/abdal-musa-anma-etkinlikleri-basliyor\/\" class=\"read-more-link\">[more&#8230;]<\/a><\/p>\n","protected":false},"author":2,"featured_media":29182,"comment_status":"open","ping_status":"open","sticky":false,"template":"","format":"standard","meta":{"footnotes":""},"categories":[2],"tags":[],"class_list":["post-29181","post","type-post","status-publish","format-standard","has-post-thumbnail","hentry","category-gundem"],"_links":{"self":[{"href":"https:\/\/akdenizhaber.com.tr\/index.php\/wp-json\/wp\/v2\/posts\/29181","targetHints":{"allow":["GET"]}}],"collection":[{"href":"https:\/\/akdenizhaber.com.tr\/index.php\/wp-json\/wp\/v2\/posts"}],"about":[{"href":"https:\/\/akdenizhaber.com.tr\/index.php\/wp-json\/wp\/v2\/types\/post"}],"author":[{"embeddable":true,"href":"https:\/\/akdenizhaber.com.tr\/index.php\/wp-json\/wp\/v2\/users\/2"}],"replies":[{"embeddable":true,"href":"https:\/\/akdenizhaber.com.tr\/index.php\/wp-json\/wp\/v2\/comments?post=29181"}],"version-history":[{"count":1,"href":"https:\/\/akdenizhaber.com.tr\/index.php\/wp-json\/wp\/v2\/posts\/29181\/revisions"}],"predecessor-version":[{"id":29183,"href":"https:\/\/akdenizhaber.com.tr\/index.php\/wp-json\/wp\/v2\/posts\/29181\/revisions\/29183"}],"wp:featuredmedia":[{"embeddable":true,"href":"https:\/\/akdenizhaber.com.tr\/index.php\/wp-json\/wp\/v2\/media\/29182"}],"wp:attachment":[{"href":"https:\/\/akdenizhaber.com.tr\/index.php\/wp-json\/wp\/v2\/media?parent=29181"}],"wp:term":[{"taxonomy":"category","embeddable":true,"href":"https:\/\/akdenizhaber.com.tr\/index.php\/wp-json\/wp\/v2\/categories?post=29181"},{"taxonomy":"post_tag","embeddable":true,"href":"https:\/\/akdenizhaber.com.tr\/index.php\/wp-json\/wp\/v2\/tags?post=29181"}],"curies":[{"name":"wp","href":"https:\/\/api.w.org\/{rel}","templated":true}]}}