{"id":29174,"date":"2025-06-19T16:13:14","date_gmt":"2025-06-19T13:13:14","guid":{"rendered":"https:\/\/akdenizhaber.com.tr\/?p=29174"},"modified":"2025-06-19T16:13:14","modified_gmt":"2025-06-19T13:13:14","slug":"vektorel-mucadele-hem-karadan-hem-denizden-yurutuluyor","status":"publish","type":"post","link":"https:\/\/akdenizhaber.com.tr\/index.php\/2025\/06\/19\/vektorel-mucadele-hem-karadan-hem-denizden-yurutuluyor\/","title":{"rendered":"Vekt\u00f6rel m\u00fccadele hem karadan hem denizden y\u00fcr\u00fct\u00fcl\u00fcyor"},"content":{"rendered":"\n<p>Antalya B\u00fcy\u00fck\u015fehir Belediyesi, sivrisinek ve ha\u015ferelere kar\u015f\u0131 kapsaml\u0131 bir m\u00fccadele y\u00fcr\u00fct\u00fcyor. Sineksiz ve konforlu bir yaz hedefiyle karada yo\u011fun ila\u00e7lama \u00e7al\u0131\u015fmalar\u0131 ger\u00e7ekle\u015ftiren B\u00fcy\u00fck\u015fehir ekipleri, deniz y\u00fczeyindeki \u00fcreme alanlar\u0131n\u0131 da ihmal etmiyor. Falezlerin denizle bulu\u015ftu\u011fu b\u00f6lgelerde ha\u015fereyle m\u00fccadele denizden de y\u00fcr\u00fct\u00fcl\u00fcyor. T\u00fcm bu \u00e7al\u0131\u015fmalar, Sa\u011fl\u0131k Bakanl\u0131\u011f\u0131 taraf\u0131ndan ruhsatland\u0131r\u0131lm\u0131\u015f ve D\u00fcnya Sa\u011fl\u0131k \u00d6rg\u00fct\u00fc&#8217;n\u00fcn \u00f6nerdi\u011fi y\u00f6ntemlerle ger\u00e7ekle\u015ftiriliyor.<\/p>\n\n\n\n<p>Antalya B\u00fcy\u00fck\u015fehir Belediyesi, 19 il\u00e7ede y\u0131l\u0131n d\u00f6rt mevsimi s\u00fcren vekt\u00f6rel m\u00fccadele kapsam\u0131nda sivrisinek, karasinek ve hamamb\u00f6ce\u011fi gibi zararl\u0131lara kar\u015f\u0131 etkili \u00e7al\u0131\u015fmalar\u0131n\u0131 t\u00fcm h\u0131z\u0131yla y\u00fcr\u00fct\u00fcyor. B\u00fcy\u00fck\u015fehir Belediyesi \u00c7evre Koruma ve Kontrol Dairesi Ba\u015fkanl\u0131\u011f\u0131\u2019na ba\u011fl\u0131 ekipler, sadece karada de\u011fil, denizde de ha\u015fereyle etkin m\u00fccadeleyi s\u00fcrd\u00fcr\u00fcyor. B\u00fcy\u00fck\u015fehir Belediyesi&#8217;ne ait \u00f6zel ila\u00e7lama tekneleri, sabah\u0131n erken saatlerinde falezler b\u00f6lgesine a\u00e7\u0131larak sinek \u00fcremesine elveri\u015fli falez kovuklar\u0131n\u0131 denizden ila\u00e7lama yap\u0131yor.<\/p>\n\n\n\n<p>ANTALYA\u2019NIN HER K\u00d6\u015eES\u0130NDE D\u00d6RT MEVS\u0130M VEKT\u00d6RLE M\u00dcCADELE<\/p>\n\n\n\n<p>Antalya B\u00fcy\u00fck\u015fehir Belediyesi \u00c7evre Sa\u011fl\u0131\u011f\u0131 \u015eube M\u00fcd\u00fcr\u00fc Mesut \u00c7\u0131nar, yaz k\u0131\u015f demeden d\u00f6rt mevsim ila\u00e7lama \u00e7al\u0131\u015fmalar\u0131n\u0131 s\u00fcrd\u00fcrd\u00fcklerini belirterek, vekt\u00f6rle m\u00fccadele birimi olarak Antalya\u2019n\u0131n 19 il\u00e7esinde u\u00e7kun ve larva m\u00fccadelesi yapt\u0131klar\u0131n\u0131 s\u00f6yledi. \u00c7\u0131nar, \u201c640 kilometrelik sahil \u015feridine sahip kentimizde, denizden yap\u0131lan m\u00fcdahalelerin yan\u0131 s\u0131ra \u00e7ay, dere ve g\u00f6ller gibi y\u00fczey sular\u0131nda da vekt\u00f6rel m\u00fccadeleyi kesintisiz \u015fekilde ger\u00e7ekle\u015ftiriyoruz\u201d dedi.<\/p>\n\n\n\n<p>HA\u015eERELERE KAR\u015eI D\u0130REN\u00c7 TESTLER\u0130 YAPILIYOR<\/p>\n\n\n\n<p>Antalya B\u00fcy\u00fck\u015fehir Belediyesi\u2019ne \u00e7evre ila\u00e7lamas\u0131 konusunda dan\u0131\u015fmanl\u0131k yapan Akdeniz \u00dcniversitesi Fen Fak\u00fcltesi Biyoloji B\u00f6l\u00fcm\u00fc \u00d6\u011fretim \u00dcyesi Prof. Dr. H\u00fcseyin \u00c7etin, Antalya B\u00fcy\u00fck\u015fehir Belediyesi\u2019nin vekt\u00f6rel m\u00fccadele konusunda \u00e7ok etkin bir \u00e7al\u0131\u015fma y\u00fcr\u00fctt\u00fc\u011f\u00fcn\u00fc s\u00f6yledi. Antalya B\u00fcy\u00fck\u015fehir Belediyesi\u2019nin ihale yoluyla temin etti\u011fi ila\u00e7lar\u0131n laboratuvarlarda ha\u015fereler \u00fczerinde test edilerek en etkili dozlar\u0131n belirlendi\u011fini dile getiren Prof. Dr. H\u00fcseyin \u00c7etin, \u201c\u0130limizin farkl\u0131 b\u00f6lgelerinden en az yedi-sekiz il\u00e7eden toplanan ha\u015fereler \u00fczerinde yap\u0131lan bu testler, sahada g\u00f6rev yapan belediye personelinin uygulamalar\u0131na temel olu\u015fturuyor. T\u00fcm bu i\u015flemler, Sa\u011fl\u0131k Bakanl\u0131\u011f\u0131 taraf\u0131ndan ruhsatland\u0131r\u0131lm\u0131\u015f ve D\u00fcnya Sa\u011fl\u0131k \u00d6rg\u00fct\u00fc&#8217;n\u00fcn \u00f6nerdi\u011fi y\u00f6ntemlerle ger\u00e7ekle\u015ftiriliyor\u201d dedi.<\/p>\n\n\n\n<p>VEKT\u00d6RLE M\u00dcCADELEDE DO\u011eA VE \u0130NSAN DOSTU UYGULAMALAR<\/p>\n\n\n\n<p>Prof. Dr. H\u00fcseyin \u00c7etin, vekt\u00f6rel m\u00fccadelede ila\u00e7 yerine su s\u0131k\u0131ld\u0131\u011f\u0131 y\u00f6n\u00fcndeki yanl\u0131\u015f alg\u0131ya dikkat \u00e7ekerek, \u201cAntalya B\u00fcy\u00fck\u015fehir Belediyesi, vekt\u00f6rle m\u00fccadeleye b\u00fcy\u00fck bir b\u00fct\u00e7e ay\u0131r\u0131yor. Kullan\u0131lan ara\u00e7lar, ekipmanlar, i\u015f\u00e7ilik ve ila\u00e7 maliyetleri d\u00fc\u015f\u00fcn\u00fcld\u00fc\u011f\u00fcnde bu alanda devasa bir yat\u0131r\u0131m yap\u0131l\u0131yor. B\u00f6yle b\u00fcy\u00fck bir b\u00fct\u00e7eyle yaln\u0131zca su p\u00fcsk\u00fcrt\u00fclmesi s\u00f6z konusu olamaz. Vatanda\u015flar\u0131m\u0131z ge\u00e7mi\u015fte tar\u0131m ila\u00e7lar\u0131yla kar\u015f\u0131la\u015ft\u0131klar\u0131 i\u00e7in k\u00f6t\u00fc kokulu, yo\u011fun kimyasallar\u0131n daha etkili oldu\u011funu d\u00fc\u015f\u00fcn\u00fcyor olabilir. Ancak vekt\u00f6rel m\u00fccadelede kullan\u0131lan ila\u00e7lar, tar\u0131m zehri de\u011fildir ve Sa\u011fl\u0131k Bakanl\u0131\u011f\u0131 ruhsatl\u0131, kokusuz \u00fcr\u00fcnlerdir. Sahada kullan\u0131lan \u00fcr\u00fcnler KOAH, ast\u0131m gibi solunum hastal\u0131klar\u0131 olan bireyler ba\u015fta olmak \u00fczere t\u00fcm canl\u0131lar g\u00f6zetilerek, bal\u0131klara, kurba\u011falara, ku\u015flara zarar vermeyecek ila\u00e7lar tercih ediliyor. \u00c7evreci yakla\u015f\u0131m\u0131yla bir\u00e7ok \u00f6d\u00fcl kazanan Antalya B\u00fcy\u00fck\u015fehir Belediyesi, bu alandaki uygulamalar\u0131yla da di\u011fer belediyelere \u00f6rnek oluyor\u201d diye konu\u015ftu.<\/p>\n\n\n\n<p>BELED\u0130YE PERSONEL\u0130 B\u0130L\u0130N\u00c7LEND\u0130R\u0130L\u0130YOR<\/p>\n\n\n\n<p>Prof. Dr. H\u00fcseyin \u00c7etin, Antalya B\u00fcy\u00fck\u015fehir Belediyesi personeline belirli periyotlarla e\u011fitim verdiklerini belirterek, \u201cHa\u015ferelere kar\u015f\u0131 nas\u0131l m\u00fccadele edilmesi gerekti\u011fi, sahada hangi uygulamalar\u0131n yap\u0131laca\u011f\u0131, b\u00f6ceklerin nas\u0131l tan\u0131mlanaca\u011f\u0131 ve kullan\u0131lan ila\u00e7lar\u0131n dozlar\u0131n\u0131n nas\u0131l ayarlanmas\u0131 gerekti\u011fi gibi konularda detayl\u0131 e\u011fitimler sunuyoruz. Ayr\u0131ca ayda en az 3-4 g\u00fcn il\u00e7eleri ziyaret ederek, sahadaki personelin uygulamalar\u0131n\u0131 yerinde denetliyoruz\u201d dedi.<\/p>\n\n\n\n<p>Antalya B\u00fcy\u00fck\u015fehir Belediyesi \/ B\u00fclten<\/p>\n","protected":false},"excerpt":{"rendered":"<p>Antalya B\u00fcy\u00fck\u015fehir Belediyesi, sivrisinek ve ha\u015ferelere kar\u015f\u0131 kapsaml\u0131 bir m\u00fccadele y\u00fcr\u00fct\u00fcyor. Sineksiz ve konforlu bir yaz hedefiyle karada yo\u011fun ila\u00e7lama \u00e7al\u0131\u015fmalar\u0131 ger\u00e7ekle\u015ftiren B\u00fcy\u00fck\u015fehir ekipleri, deniz <a href=\"https:\/\/akdenizhaber.com.tr\/index.php\/2025\/06\/19\/vektorel-mucadele-hem-karadan-hem-denizden-yurutuluyor\/\" class=\"read-more-link\">[more&#8230;]<\/a><\/p>\n","protected":false},"author":2,"featured_media":29175,"comment_status":"open","ping_status":"open","sticky":false,"template":"","format":"standard","meta":{"footnotes":""},"categories":[1],"tags":[],"class_list":["post-29174","post","type-post","status-publish","format-standard","has-post-thumbnail","hentry","category-blog"],"_links":{"self":[{"href":"https:\/\/akdenizhaber.com.tr\/index.php\/wp-json\/wp\/v2\/posts\/29174","targetHints":{"allow":["GET"]}}],"collection":[{"href":"https:\/\/akdenizhaber.com.tr\/index.php\/wp-json\/wp\/v2\/posts"}],"about":[{"href":"https:\/\/akdenizhaber.com.tr\/index.php\/wp-json\/wp\/v2\/types\/post"}],"author":[{"embeddable":true,"href":"https:\/\/akdenizhaber.com.tr\/index.php\/wp-json\/wp\/v2\/users\/2"}],"replies":[{"embeddable":true,"href":"https:\/\/akdenizhaber.com.tr\/index.php\/wp-json\/wp\/v2\/comments?post=29174"}],"version-history":[{"count":1,"href":"https:\/\/akdenizhaber.com.tr\/index.php\/wp-json\/wp\/v2\/posts\/29174\/revisions"}],"predecessor-version":[{"id":29176,"href":"https:\/\/akdenizhaber.com.tr\/index.php\/wp-json\/wp\/v2\/posts\/29174\/revisions\/29176"}],"wp:featuredmedia":[{"embeddable":true,"href":"https:\/\/akdenizhaber.com.tr\/index.php\/wp-json\/wp\/v2\/media\/29175"}],"wp:attachment":[{"href":"https:\/\/akdenizhaber.com.tr\/index.php\/wp-json\/wp\/v2\/media?parent=29174"}],"wp:term":[{"taxonomy":"category","embeddable":true,"href":"https:\/\/akdenizhaber.com.tr\/index.php\/wp-json\/wp\/v2\/categories?post=29174"},{"taxonomy":"post_tag","embeddable":true,"href":"https:\/\/akdenizhaber.com.tr\/index.php\/wp-json\/wp\/v2\/tags?post=29174"}],"curies":[{"name":"wp","href":"https:\/\/api.w.org\/{rel}","templated":true}]}}