{"id":29163,"date":"2025-06-19T16:19:27","date_gmt":"2025-06-19T13:19:27","guid":{"rendered":"https:\/\/akdenizhaber.com.tr\/?p=29163"},"modified":"2025-06-19T16:19:28","modified_gmt":"2025-06-19T13:19:28","slug":"yakup-gokcenden-tesekkur-ziyaretleri","status":"publish","type":"post","link":"https:\/\/akdenizhaber.com.tr\/index.php\/2025\/06\/19\/yakup-gokcenden-tesekkur-ziyaretleri\/","title":{"rendered":"Yakup G\u00f6k\u00e7enden Te\u015fekk\u00fcr Ziyaretleri"},"content":{"rendered":"\n<p>Manavgat Mali M\u00fc\u015favirler Odas\u0131n\u0131n 1 Haziran\u2019daki 5. Ola\u011fan Genel Kurulunda Yenilik\u00e7i grup ba\u015fkan aday\u0131 olan Yakup G\u00f6k\u00e7en se\u00e7im sonu\u00e7lar\u0131ndan sonra te\u015fekk\u00fcr ziyaretlerine ba\u015flad\u0131.<\/p>\n\n\n\n<p>Odan\u0131n gelecekte daha g\u00fc\u00e7l\u00fc olmas\u0131 ad\u0131na birlik ve beraberlik i\u00e7erisinde \u00e7al\u0131\u015fmalar\u0131na devam edece\u011fini s\u00f6yleyen Yakup G\u00f6k\u00e7en, kendisine oy veren, vermeyen t\u00fcm meslekta\u015flar\u0131n\u0131 ziyaret ederek Manavgat Mali M\u00fc\u015favirler odas\u0131na g\u00f6sterdikleri destekten dolay\u0131 te\u015fekk\u00fcr ziyaretlerini s\u00fcrd\u00fcrece\u011fini ifade etti.<\/p>\n\n\n\n<p>Yakup G\u00f6k\u00e7en, se\u00e7imler bitti i\u015f bitti d\u00fc\u015f\u00fcncelerinin yanl\u0131\u015f oldu\u011funa dikkat \u00e7ekerek bundan sonraki s\u00fcre\u00e7te yeni y\u00f6netimle birlik ve beraberlik i\u00e7erisinde \u00e7al\u0131\u015fmalar\u0131n\u0131 s\u00fcrd\u00fcrece\u011fini belirterek \u015f\u00f6yle konu\u015ftu;<\/p>\n\n\n\n<p>\u201cDe\u011ferli Meslekta\u015flar\u0131m\u0131, se\u00e7im sonu\u00e7lar\u0131ndan ba\u011f\u0131ms\u0131z olarak te\u015fekk\u00fcr ziyaretlerime ba\u015flad\u0131m. Bu s\u00fcre\u00e7te oy veren, vermeyen herkesle g\u00f6n\u00fcl ba\u011f\u0131 kurduk. Kap\u0131s\u0131n\u0131 a\u00e7an, zaman ay\u0131ran, fikir ve deste\u011fini payla\u015fan t\u00fcm meslekta\u015flar\u0131ma y\u00fcrekten te\u015fekk\u00fcr ederim. Bundan sonraki s\u00fcre\u00e7te de meslekta\u015flar\u0131m\u0131 ziyaret ederek, sorunlar\u0131 ve projeleri payla\u015fmaya ve yeni y\u00f6netimle bu s\u00fcreci payla\u015faca\u011f\u0131mdan kimsenin \u015f\u00fcphesi olmas\u0131n. T\u00fcm meslekta\u015flar\u0131ma kolayl\u0131klar ve sayg\u0131lar sunuyorum\u201d dedi.<br>B\u00fc\u015fra Deveci \/ Haber<\/p>\n","protected":false},"excerpt":{"rendered":"<p>Manavgat Mali M\u00fc\u015favirler Odas\u0131n\u0131n 1 Haziran\u2019daki 5. Ola\u011fan Genel Kurulunda Yenilik\u00e7i grup ba\u015fkan aday\u0131 olan Yakup G\u00f6k\u00e7en se\u00e7im sonu\u00e7lar\u0131ndan sonra te\u015fekk\u00fcr ziyaretlerine ba\u015flad\u0131. Odan\u0131n gelecekte <a href=\"https:\/\/akdenizhaber.com.tr\/index.php\/2025\/06\/19\/yakup-gokcenden-tesekkur-ziyaretleri\/\" class=\"read-more-link\">[more&#8230;]<\/a><\/p>\n","protected":false},"author":2,"featured_media":29161,"comment_status":"open","ping_status":"open","sticky":false,"template":"","format":"standard","meta":{"footnotes":""},"categories":[2],"tags":[],"class_list":["post-29163","post","type-post","status-publish","format-standard","has-post-thumbnail","hentry","category-gundem"],"_links":{"self":[{"href":"https:\/\/akdenizhaber.com.tr\/index.php\/wp-json\/wp\/v2\/posts\/29163","targetHints":{"allow":["GET"]}}],"collection":[{"href":"https:\/\/akdenizhaber.com.tr\/index.php\/wp-json\/wp\/v2\/posts"}],"about":[{"href":"https:\/\/akdenizhaber.com.tr\/index.php\/wp-json\/wp\/v2\/types\/post"}],"author":[{"embeddable":true,"href":"https:\/\/akdenizhaber.com.tr\/index.php\/wp-json\/wp\/v2\/users\/2"}],"replies":[{"embeddable":true,"href":"https:\/\/akdenizhaber.com.tr\/index.php\/wp-json\/wp\/v2\/comments?post=29163"}],"version-history":[{"count":1,"href":"https:\/\/akdenizhaber.com.tr\/index.php\/wp-json\/wp\/v2\/posts\/29163\/revisions"}],"predecessor-version":[{"id":29164,"href":"https:\/\/akdenizhaber.com.tr\/index.php\/wp-json\/wp\/v2\/posts\/29163\/revisions\/29164"}],"wp:featuredmedia":[{"embeddable":true,"href":"https:\/\/akdenizhaber.com.tr\/index.php\/wp-json\/wp\/v2\/media\/29161"}],"wp:attachment":[{"href":"https:\/\/akdenizhaber.com.tr\/index.php\/wp-json\/wp\/v2\/media?parent=29163"}],"wp:term":[{"taxonomy":"category","embeddable":true,"href":"https:\/\/akdenizhaber.com.tr\/index.php\/wp-json\/wp\/v2\/categories?post=29163"},{"taxonomy":"post_tag","embeddable":true,"href":"https:\/\/akdenizhaber.com.tr\/index.php\/wp-json\/wp\/v2\/tags?post=29163"}],"curies":[{"name":"wp","href":"https:\/\/api.w.org\/{rel}","templated":true}]}}