{"id":29157,"date":"2025-06-19T16:19:43","date_gmt":"2025-06-19T13:19:43","guid":{"rendered":"https:\/\/akdenizhaber.com.tr\/?p=29157"},"modified":"2025-06-19T16:19:43","modified_gmt":"2025-06-19T13:19:43","slug":"60-yil-ortaokulu-resim-sergisi-goz-kamastirdi","status":"publish","type":"post","link":"https:\/\/akdenizhaber.com.tr\/index.php\/2025\/06\/19\/60-yil-ortaokulu-resim-sergisi-goz-kamastirdi\/","title":{"rendered":"60. Y\u0131l Ortaokulu Resim Sergisi G\u00f6z Kama\u015ft\u0131rd\u0131!"},"content":{"rendered":"\n<p>Manavgat 60. Y\u0131l Ortaokulu, geleneksel y\u0131l sonu resim sergisinin d\u00f6rd\u00fcnc\u00fcs\u00fcne ev sahipli\u011fi yapt\u0131. Okulun resim at\u00f6lyesinde haz\u0131rlanan birbirinden \u00f6zg\u00fcn eserler, sanatseverlerin be\u011fenisine sunuldu. Sergi a\u00e7\u0131l\u0131\u015f\u0131na Milli E\u011fitim \u015eube M\u00fcd\u00fcr\u00fc Ayd\u0131n Bal, Manavgat Kaymakaml\u0131\u011f\u0131 Proje Koordinat\u00f6r\u00fc \u0130smail K\u0131l\u0131\u00e7, G\u00f6\u00e7 \u0130daresi M\u00fcd\u00fcr\u00fc Mert Gedik, Engelliler Koordinat\u00f6r\u00fc Guddusi Ayd\u0131n\u2019\u0131n yan\u0131 s\u0131ra okul idaresi, \u00f6\u011fretmenler ve \u00e7ok say\u0131da \u00f6\u011frenci kat\u0131ld\u0131.<\/p>\n\n\n\n<p>\u0130lham Veren Bir \u00d6\u011fretmen: Vesil Bac\u0131<\/p>\n\n\n\n<p>Bu ba\u015far\u0131l\u0131 serginin ard\u0131nda ise i\u015fitme engelli resim \u00f6\u011fretmeni Vesil Bac\u0131\u2018n\u0131n ilham veren hikayesi yat\u0131yor. 2013 y\u0131l\u0131nda ailesiyle Manavgat\u2019a geldi\u011finde bo\u015f durmaktan s\u0131k\u0131lan Vesil Bac\u0131, i\u015faret dili e\u011fitimleri ve resim kurslar\u0131yla kendini geli\u015ftirerek k\u0131sa s\u00fcrede il\u00e7eye \u00f6nemli katk\u0131lar sunan bir de\u011fer haline geldi. Gazi \u00dcniversitesi G\u00f6rsel Sanatlar mezunu olan Vesil Bac\u0131, EKPSS\u2019ye haz\u0131rlanarak resim \u00f6\u011fretmeni olarak atand\u0131. G\u00f6rev yapt\u0131\u011f\u0131 60. Y\u0131l Ortaokulu\u2019nda, \u00f6\u011frencilerinin sanatla bulu\u015fmas\u0131na \u00f6nc\u00fcl\u00fck eden Vesil Bac\u0131, azmi ve tutkusuyla sadece bir \u00f6\u011fretmen olmaktan \u00f6te, \u00f6\u011frencilerine ve \u00e7evresine ilham veren bir rol model olmay\u0131 s\u00fcrd\u00fcr\u00fcyor.<\/p>\n\n\n\n<p>Sanat At\u00f6lyesinin Katk\u0131lar\u0131<\/p>\n\n\n\n<p>D\u00f6rt y\u0131l \u00f6nce d\u00f6nemin Milli E\u011fitim M\u00fcd\u00fcr\u00fc Fatih T\u00fcrk\u00f6z\u2018\u00fcn giri\u015fimiyle 60. Y\u0131l Ortaokulu\u2019na kazand\u0131r\u0131lan resim at\u00f6lyesi, bu serginin temelini olu\u015fturdu. Okul M\u00fcd\u00fcr\u00fc Nadir Arslan\u2018\u0131n s\u00fcrekli deste\u011fiyle, \u00f6\u011frenciler y\u0131l boyunca sanatsal becerilerini bu at\u00f6lyede geli\u015ftirme f\u0131rsat\u0131 buldu. Sergilenen tablolar, \u00f6\u011frencilerin hayal g\u00fc\u00e7lerini ve yeteneklerini ba\u015far\u0131yla yans\u0131t\u0131rken, ziyaret\u00e7ilerden b\u00fcy\u00fck be\u011feni toplad\u0131.<br>B\u00fc\u015fra Deveci \/ Haber<\/p>\n","protected":false},"excerpt":{"rendered":"<p>Manavgat 60. Y\u0131l Ortaokulu, geleneksel y\u0131l sonu resim sergisinin d\u00f6rd\u00fcnc\u00fcs\u00fcne ev sahipli\u011fi yapt\u0131. Okulun resim at\u00f6lyesinde haz\u0131rlanan birbirinden \u00f6zg\u00fcn eserler, sanatseverlerin be\u011fenisine sunuldu. Sergi a\u00e7\u0131l\u0131\u015f\u0131na <a href=\"https:\/\/akdenizhaber.com.tr\/index.php\/2025\/06\/19\/60-yil-ortaokulu-resim-sergisi-goz-kamastirdi\/\" class=\"read-more-link\">[more&#8230;]<\/a><\/p>\n","protected":false},"author":2,"featured_media":29159,"comment_status":"open","ping_status":"open","sticky":false,"template":"","format":"standard","meta":{"footnotes":""},"categories":[2],"tags":[],"class_list":["post-29157","post","type-post","status-publish","format-standard","has-post-thumbnail","hentry","category-gundem"],"_links":{"self":[{"href":"https:\/\/akdenizhaber.com.tr\/index.php\/wp-json\/wp\/v2\/posts\/29157","targetHints":{"allow":["GET"]}}],"collection":[{"href":"https:\/\/akdenizhaber.com.tr\/index.php\/wp-json\/wp\/v2\/posts"}],"about":[{"href":"https:\/\/akdenizhaber.com.tr\/index.php\/wp-json\/wp\/v2\/types\/post"}],"author":[{"embeddable":true,"href":"https:\/\/akdenizhaber.com.tr\/index.php\/wp-json\/wp\/v2\/users\/2"}],"replies":[{"embeddable":true,"href":"https:\/\/akdenizhaber.com.tr\/index.php\/wp-json\/wp\/v2\/comments?post=29157"}],"version-history":[{"count":1,"href":"https:\/\/akdenizhaber.com.tr\/index.php\/wp-json\/wp\/v2\/posts\/29157\/revisions"}],"predecessor-version":[{"id":29160,"href":"https:\/\/akdenizhaber.com.tr\/index.php\/wp-json\/wp\/v2\/posts\/29157\/revisions\/29160"}],"wp:featuredmedia":[{"embeddable":true,"href":"https:\/\/akdenizhaber.com.tr\/index.php\/wp-json\/wp\/v2\/media\/29159"}],"wp:attachment":[{"href":"https:\/\/akdenizhaber.com.tr\/index.php\/wp-json\/wp\/v2\/media?parent=29157"}],"wp:term":[{"taxonomy":"category","embeddable":true,"href":"https:\/\/akdenizhaber.com.tr\/index.php\/wp-json\/wp\/v2\/categories?post=29157"},{"taxonomy":"post_tag","embeddable":true,"href":"https:\/\/akdenizhaber.com.tr\/index.php\/wp-json\/wp\/v2\/tags?post=29157"}],"curies":[{"name":"wp","href":"https:\/\/api.w.org\/{rel}","templated":true}]}}