{"id":29149,"date":"2025-06-16T17:14:06","date_gmt":"2025-06-16T14:14:06","guid":{"rendered":"https:\/\/akdenizhaber.com.tr\/?p=29149"},"modified":"2025-06-16T17:14:09","modified_gmt":"2025-06-16T14:14:09","slug":"manavgata-20-derslikli-ortaokul-icin-protokol-imzalandi","status":"publish","type":"post","link":"https:\/\/akdenizhaber.com.tr\/index.php\/2025\/06\/16\/manavgata-20-derslikli-ortaokul-icin-protokol-imzalandi\/","title":{"rendered":"Manavgat\u2019a 20 Derslikli Ortaokul \u0130\u00e7in Protokol \u0130mzaland\u0131\u00a0"},"content":{"rendered":"\n<p>Manavgat il\u00e7esinde, hay\u0131rsever \u0130brahim Ethem Alimo\u011flu\u2019nun katk\u0131lar\u0131yla in\u015fa edilecek olan \u0130mam Hatip Ortaokulu i\u00e7in protokol imzaland\u0131.<\/p>\n\n\n\n<p><br>Hay\u0131rsever \u0130brahim Ethem Alimo\u011flu taraf\u0131ndan, Manavgat il\u00e7esi Pazarc\u0131 Mahallesi\u2019nde 11.904 metrekarelik alan \u00fczerine in\u015fa edilecek olan 24 derslikli \u0130mam Hatip Ortaokulu i\u00e7in Antalya Valili\u011fi\u2019nde protokol t\u00f6reni d\u00fczenlendi. T\u00f6rene Vali Hulusi \u015eahin, \u0130l Milli E\u011fitim M\u00fcd\u00fcr\u00fc Mehmet Yasin Eri\u015f ve hay\u0131rsever \u0130brahim Ethem Alimo\u011flu kat\u0131ld\u0131.<\/p>\n\n\n\n<p><br>\u0130mam Hatip Ortaokulu\u2019nun, 24 ay i\u00e7erisinde tamamlanarak Antalya \u0130l Milli E\u011fitim M\u00fcd\u00fcrl\u00fc\u011f\u00fc\u2019ne teslim edilmesi planlanmaktad\u0131r.<\/p>\n\n\n\n<p>&nbsp;Antalya Valili\u011fi \/ B\u00fclten<\/p>\n","protected":false},"excerpt":{"rendered":"<p>Manavgat il\u00e7esinde, hay\u0131rsever \u0130brahim Ethem Alimo\u011flu\u2019nun katk\u0131lar\u0131yla in\u015fa edilecek olan \u0130mam Hatip Ortaokulu i\u00e7in protokol imzaland\u0131. Hay\u0131rsever \u0130brahim Ethem Alimo\u011flu taraf\u0131ndan, Manavgat il\u00e7esi Pazarc\u0131 Mahallesi\u2019nde <a href=\"https:\/\/akdenizhaber.com.tr\/index.php\/2025\/06\/16\/manavgata-20-derslikli-ortaokul-icin-protokol-imzalandi\/\" class=\"read-more-link\">[more&#8230;]<\/a><\/p>\n","protected":false},"author":2,"featured_media":29150,"comment_status":"open","ping_status":"open","sticky":false,"template":"","format":"standard","meta":{"footnotes":""},"categories":[2],"tags":[],"class_list":["post-29149","post","type-post","status-publish","format-standard","has-post-thumbnail","hentry","category-gundem"],"_links":{"self":[{"href":"https:\/\/akdenizhaber.com.tr\/index.php\/wp-json\/wp\/v2\/posts\/29149","targetHints":{"allow":["GET"]}}],"collection":[{"href":"https:\/\/akdenizhaber.com.tr\/index.php\/wp-json\/wp\/v2\/posts"}],"about":[{"href":"https:\/\/akdenizhaber.com.tr\/index.php\/wp-json\/wp\/v2\/types\/post"}],"author":[{"embeddable":true,"href":"https:\/\/akdenizhaber.com.tr\/index.php\/wp-json\/wp\/v2\/users\/2"}],"replies":[{"embeddable":true,"href":"https:\/\/akdenizhaber.com.tr\/index.php\/wp-json\/wp\/v2\/comments?post=29149"}],"version-history":[{"count":1,"href":"https:\/\/akdenizhaber.com.tr\/index.php\/wp-json\/wp\/v2\/posts\/29149\/revisions"}],"predecessor-version":[{"id":29151,"href":"https:\/\/akdenizhaber.com.tr\/index.php\/wp-json\/wp\/v2\/posts\/29149\/revisions\/29151"}],"wp:featuredmedia":[{"embeddable":true,"href":"https:\/\/akdenizhaber.com.tr\/index.php\/wp-json\/wp\/v2\/media\/29150"}],"wp:attachment":[{"href":"https:\/\/akdenizhaber.com.tr\/index.php\/wp-json\/wp\/v2\/media?parent=29149"}],"wp:term":[{"taxonomy":"category","embeddable":true,"href":"https:\/\/akdenizhaber.com.tr\/index.php\/wp-json\/wp\/v2\/categories?post=29149"},{"taxonomy":"post_tag","embeddable":true,"href":"https:\/\/akdenizhaber.com.tr\/index.php\/wp-json\/wp\/v2\/tags?post=29149"}],"curies":[{"name":"wp","href":"https:\/\/api.w.org\/{rel}","templated":true}]}}