{"id":29146,"date":"2025-06-16T17:13:00","date_gmt":"2025-06-16T14:13:00","guid":{"rendered":"https:\/\/akdenizhaber.com.tr\/?p=29146"},"modified":"2025-06-16T17:13:01","modified_gmt":"2025-06-16T14:13:01","slug":"manavgatta-engelsiz-sosyal-yasam-alani-aciliyor","status":"publish","type":"post","link":"https:\/\/akdenizhaber.com.tr\/index.php\/2025\/06\/16\/manavgatta-engelsiz-sosyal-yasam-alani-aciliyor\/","title":{"rendered":"Manavgat\u2019ta Engelsiz Sosyal Ya\u015fam Alan\u0131 A\u00e7\u0131l\u0131yor"},"content":{"rendered":"\n<p>Manavgat Engelliler Derne\u011fi, engelli bireylerin toplumsal ya\u015fama daha aktif kat\u0131l\u0131m\u0131n\u0131 sa\u011flamak amac\u0131yla hayata ge\u00e7irdi\u011fi Sosyal Ya\u015fam Alan\u0131 projesinin a\u00e7\u0131l\u0131\u015f\u0131n\u0131 ger\u00e7ekle\u015ftiriyor. \u201cEngelsiz Manavgat\u201d hedefiyle \u00e7al\u0131\u015fmalar\u0131n\u0131 s\u00fcrd\u00fcren derne\u011fin yeni hizmet binas\u0131, 25 Haziran \u00c7ar\u015famba g\u00fcn\u00fc saat 18.00\u2019de t\u00f6renle a\u00e7\u0131lacak.<\/p>\n\n\n\n<p>Yeni hizmet binas\u0131; bir ofis, engelli kad\u0131nlar\u0131n el eme\u011fi \u00fcr\u00fcnler \u00fcretebilece\u011fi bir at\u00f6lye, \u00f6zel bireylerin \u00f6zg\u00fcrce kullanabilece\u011fi engelsiz bir mutfak, ki\u015fisel geli\u015fimlerine katk\u0131 sunacak engelsiz bir k\u00fct\u00fcphane ve sosyalle\u015febilecekleri \u00f6zel alanlardan olu\u015fuyor.<\/p>\n\n\n\n<p>Manavgat tarihinde bir ilk olma \u00f6zelli\u011fi ta\u015f\u0131yan bu proje, di\u011fer \u015fehirler i\u00e7in de \u00f6rnek te\u015fkil edecek nitelikte. A\u00e7\u0131l\u0131\u015fa Manavgat Belediye Ba\u015fkan\u0131 Niyazi Nefi Kara da kat\u0131lacak. T\u00fcm vatanda\u015flar bu anlaml\u0131 g\u00fcne tan\u0131kl\u0131k etmeye davet ediliyor.<\/p>\n\n\n\n<p>Haber Merkezi<\/p>\n","protected":false},"excerpt":{"rendered":"<p>Manavgat Engelliler Derne\u011fi, engelli bireylerin toplumsal ya\u015fama daha aktif kat\u0131l\u0131m\u0131n\u0131 sa\u011flamak amac\u0131yla hayata ge\u00e7irdi\u011fi Sosyal Ya\u015fam Alan\u0131 projesinin a\u00e7\u0131l\u0131\u015f\u0131n\u0131 ger\u00e7ekle\u015ftiriyor. \u201cEngelsiz Manavgat\u201d hedefiyle \u00e7al\u0131\u015fmalar\u0131n\u0131 s\u00fcrd\u00fcren <a href=\"https:\/\/akdenizhaber.com.tr\/index.php\/2025\/06\/16\/manavgatta-engelsiz-sosyal-yasam-alani-aciliyor\/\" class=\"read-more-link\">[more&#8230;]<\/a><\/p>\n","protected":false},"author":2,"featured_media":29147,"comment_status":"open","ping_status":"open","sticky":false,"template":"","format":"standard","meta":{"footnotes":""},"categories":[2],"tags":[],"class_list":["post-29146","post","type-post","status-publish","format-standard","has-post-thumbnail","hentry","category-gundem"],"_links":{"self":[{"href":"https:\/\/akdenizhaber.com.tr\/index.php\/wp-json\/wp\/v2\/posts\/29146","targetHints":{"allow":["GET"]}}],"collection":[{"href":"https:\/\/akdenizhaber.com.tr\/index.php\/wp-json\/wp\/v2\/posts"}],"about":[{"href":"https:\/\/akdenizhaber.com.tr\/index.php\/wp-json\/wp\/v2\/types\/post"}],"author":[{"embeddable":true,"href":"https:\/\/akdenizhaber.com.tr\/index.php\/wp-json\/wp\/v2\/users\/2"}],"replies":[{"embeddable":true,"href":"https:\/\/akdenizhaber.com.tr\/index.php\/wp-json\/wp\/v2\/comments?post=29146"}],"version-history":[{"count":1,"href":"https:\/\/akdenizhaber.com.tr\/index.php\/wp-json\/wp\/v2\/posts\/29146\/revisions"}],"predecessor-version":[{"id":29148,"href":"https:\/\/akdenizhaber.com.tr\/index.php\/wp-json\/wp\/v2\/posts\/29146\/revisions\/29148"}],"wp:featuredmedia":[{"embeddable":true,"href":"https:\/\/akdenizhaber.com.tr\/index.php\/wp-json\/wp\/v2\/media\/29147"}],"wp:attachment":[{"href":"https:\/\/akdenizhaber.com.tr\/index.php\/wp-json\/wp\/v2\/media?parent=29146"}],"wp:term":[{"taxonomy":"category","embeddable":true,"href":"https:\/\/akdenizhaber.com.tr\/index.php\/wp-json\/wp\/v2\/categories?post=29146"},{"taxonomy":"post_tag","embeddable":true,"href":"https:\/\/akdenizhaber.com.tr\/index.php\/wp-json\/wp\/v2\/tags?post=29146"}],"curies":[{"name":"wp","href":"https:\/\/api.w.org\/{rel}","templated":true}]}}