{"id":29143,"date":"2025-06-16T17:12:26","date_gmt":"2025-06-16T14:12:26","guid":{"rendered":"https:\/\/akdenizhaber.com.tr\/?p=29143"},"modified":"2025-06-16T17:12:28","modified_gmt":"2025-06-16T14:12:28","slug":"ali-bahar-aosb-teknik-kolejinde-ilk-mezuniyet-coskusu-254-ogrenci-kep-atti","status":"publish","type":"post","link":"https:\/\/akdenizhaber.com.tr\/index.php\/2025\/06\/16\/ali-bahar-aosb-teknik-kolejinde-ilk-mezuniyet-coskusu-254-ogrenci-kep-atti\/","title":{"rendered":"Ali Bahar AOSB Teknik Koleji\u2019nde \u0130lk Mezuniyet Co\u015fkusu: 254 \u00d6\u011frenci Kep Att\u0131"},"content":{"rendered":"\n<p>Ali Bahar Antalya OSB Teknik Koleji, ilk mezunlar\u0131n\u0131 verdi. Mezuniyet co\u015fkusu okul bah\u00e7esini doldururken, \u00f6\u011frenciler kep atarak bu anlaml\u0131 g\u00fcn\u00fc kutlad\u0131.<\/p>\n\n\n\n<p>Antalya Organize Sanayi B\u00f6lgesi\u2019nde i\u015f garantili mesleki e\u011fitimin \u00f6nc\u00fcs\u00fc olan Ali Bahar Antalya OSB Teknik Koleji, bu y\u0131l ilk mezunlar\u0131n\u0131 verdi. 2021-2022 e\u011fitim \u00f6\u011fretim d\u00f6neminde kap\u0131lar\u0131n\u0131 a\u00e7an ve k\u0131sa s\u00fcrede mesleki teknik e\u011fitimde \u00f6rnek g\u00f6sterilen okulda, g\u00f6rkemli bir mezuniyet t\u00f6reni d\u00fczenlendi. T\u00f6rende 254 \u00f6\u011frenci, keplerini co\u015fku ve gururla havaya f\u0131rlatt\u0131.<\/p>\n\n\n\n<p>T\u00d6RENDE RENKL\u0130 ANLAR YA\u015eANDI<\/p>\n\n\n\n<p>T\u00f6ren \u00f6ncesinde okul bah\u00e7esinde s\u0131cak ve samimi bir atmosfer hakimdi. Ba\u015fta veliler olmak \u00fczere t\u00fcm davetlilere geleneksel tavuk-pilav yeme\u011fi ikram edildi. A\u00e7\u0131l\u0131\u015fta, okul birincisi olan \u00f6\u011frenci okul k\u00fct\u00fc\u011f\u00fcne ilk mezuniyet armas\u0131n\u0131 \u00e7akt\u0131. Son s\u0131n\u0131f \u00f6\u011frencileri, geleneksel bayrak ve flama devir teslimi ile okul i\u00e7indeki sorumluluklar\u0131n\u0131 alt s\u0131n\u0131flara devretti.<\/p>\n\n\n\n<p>H\u00dcZ\u00dcN VE MUTLULUK B\u0130R ARADA<\/p>\n\n\n\n<p>Mezuniyet alan\u0131nda duygulu anlar ya\u015fand\u0131. \u00d6\u011frencilerin y\u00fczlerinde hem mezun olman\u0131n sevinci hem de gelece\u011fe dair umut vard\u0131. Aileler, \u00e7ocuklar\u0131n\u0131n bu gurur dolu an\u0131n\u0131 b\u00fcy\u00fck bir heyecanla takip etti. Baz\u0131 velilerin g\u00f6zya\u015flar\u0131n\u0131 tutamad\u0131\u011f\u0131 t\u00f6rende, alk\u0131\u015flar hi\u00e7 dinmedi.<\/p>\n\n\n\n<p>PROTOKOLDEN YO\u011eUN KATILIM<\/p>\n\n\n\n<p>T\u00f6rene, ev sahibi Antalya OSB Y\u00f6netim Kurulu Ba\u015fkan\u0131 Hasanali G\u00f6nen\u2019in yan\u0131 s\u0131ra, Ba\u015fkan Vekili Yi\u011fit Budak, Y\u00f6netim Kurulu \u00dcyesi Fatih \u0130ncir, Antalya OSB E\u011fitim Komisyonu Ba\u015fkan\u0131 Mustafa Gizli,Komisyon \u00dcyeleri Fatin Tapc\u0131, \u00d6mer Bacanak, Ayd\u0131n Topuz, Antalya OSB B\u00f6lge M\u00fcd\u00fcr\u00fc ve Teknik Kolej Kurucu Temsilcisi \u0130lhan Metin, Antalya Ticaret ve Sanayi Odas\u0131 Ba\u015fkan\u0131 Yusuf Hac\u0131s\u00fcleyman, Ba\u015fkan Yard\u0131mc\u0131s\u0131 Hakan Pakal\u0131n ve ATSO Y\u00f6netim Kurulu \u00dcyeleri, D\u00f6\u015femealt\u0131 Belediye Ba\u015fkan\u0131 Menderes Dal, ATSO ve Antalya OSB\u2019nin \u00d6nceki D\u00f6nem Ba\u015fkan\u0131, CHP Antalya Eski Milletvekili \u00c7etin Osman Budak, D\u00f6\u015femealt\u0131 \u0130l\u00e7e Milli E\u011fitim M\u00fcd\u00fcr\u00fc Hasan Bah\u015fi, Antalya Organize Sanayi \u0130\u015f \u0130nsanlar\u0131 Derne\u011fi Ba\u015fkan\u0131 Mehmet At\u0131lgan, b\u00f6lge sanayicileri, \u00f6\u011fretmenler ve \u00f6\u011frenci velileri kat\u0131ld\u0131.<\/p>\n\n\n\n<p>BAHAR A\u0130LES\u0130 \u00d6\u011eRENC\u0130LER\u0130 YALNIZ BIRAKMADI<\/p>\n\n\n\n<p>T\u00f6renin en anlaml\u0131 misafirleri ise, okulun kurucusu merhum Ali Bahar\u2019\u0131n ailesi oldu. Merhum ba\u015fkan\u0131n annesi Melek Bahar, o\u011flu Tibet Bahar ve karde\u015fi Berkay Bahar da t\u00f6rende haz\u0131r bulundu. \u0130lk mezuniyet co\u015fkusuna tan\u0131kl\u0131k eden aile bireyleri, konuklar\u0131n yo\u011fun ilgisi ve sayg\u0131s\u0131yla kar\u015f\u0131land\u0131. Merhum Ali Bahar, t\u00f6rende s\u0131k s\u0131k alk\u0131\u015flarla an\u0131ld\u0131; onun vizyonu ve e\u011fitime olan inanc\u0131, t\u00f6rende yank\u0131lanan t\u00fcm konu\u015fmalar\u0131n ortak paydas\u0131 oldu.<\/p>\n\n\n\n<p>\u201cBU G\u00dcN H\u0130\u00c7 OLMADI\u011eIM KADAR GURURLUYUM\u201d<\/p>\n\n\n\n<p>T\u00f6renin a\u00e7\u0131l\u0131\u015f konu\u015fmas\u0131n\u0131 yapan Antalya OSB Y\u00f6netim Kurulu Ba\u015fkan\u0131 Hasanali G\u00f6nen, Ali Bahar\u2019\u0131n vizyonuna duydu\u011fu minneti \u015fu s\u00f6zlerle dile getirdi \u201cBug\u00fcn b\u00fcy\u00fck bir ba\u015far\u0131ya tan\u0131kl\u0131k ederken, bu ba\u015far\u0131n\u0131n en b\u00fcy\u00fck mimar\u0131n\u0131n aram\u0131zda olamay\u0131\u015f\u0131n\u0131n h\u00fczn\u00fcn\u00fc de ya\u015f\u0131yoruz. Bu okulun temellerini atan, vizyonunu \u00e7izen ve en b\u00fcy\u00fck hayali bu k\u00fcrs\u00fcden ilk mezunlar\u0131n\u0131 g\u00f6rmek olan ba\u015fkan\u0131m\u0131z, karde\u015fim, yol arkada\u015f\u0131m Ali Bahar, ne yaz\u0131k ki ebediyete intikal etti. Bug\u00fcn burada al\u0131nan her diploma, onun hayalini ya\u015fatman\u0131n sessiz ama g\u00fc\u00e7l\u00fc bir yank\u0131s\u0131d\u0131r.\u201d<\/p>\n\n\n\n<p>\u00d6\u011eRENC\u0130LERE \u201cYANINIZDAYIZ\u201d MESAJI<\/p>\n\n\n\n<p>Ba\u015fkan G\u00f6nen \u00f6\u011frencilere hitaben yapt\u0131\u011f\u0131 konu\u015fmada ise her zaman onlar\u0131n yan\u0131nda ve destek\u00e7ileri olacaklar\u0131na vurgu yapt\u0131. Ba\u015fkan G\u00f6nen, \u201cSevgili gen\u00e7ler, bu kap\u0131dan birer lise \u00f6\u011frencisi olarak girdiniz. Bug\u00fcn ise kar\u015f\u0131m\u0131zda; mesleki yeterlili\u011fi y\u00fcksek, hayalleri b\u00fcy\u00fck, hedefleri net bireyler olarak duruyorsunuz. Sadece bug\u00fcn\u00fcn de\u011fil, yar\u0131n\u0131n da mimarlar\u0131s\u0131n\u0131z. Yolunuz a\u00e7\u0131k olsun, ba\u015far\u0131 sizinle olsun. Ve \u015funu sak\u0131n unutmay\u0131n; biz her zaman yan\u0131n\u0131zday\u0131z\u201d ifadelerini kulland\u0131.<\/p>\n\n\n\n<p>KEPLER CO\u015eKUYLA HAVAYA ATILDI<\/p>\n\n\n\n<p>Konu\u015fmalar\u0131n ve resmi b\u00f6l\u00fcmlerin ard\u0131ndan mezuniyetin en unutulmaz an\u0131 ya\u015fand\u0131. Mezun \u00f6\u011frenciler, \u00f6\u011fretmenleri ve protokol \u00fcyeleriyle birlikte geri say\u0131m e\u015fli\u011finde keplerini havaya f\u0131rlatarak bu \u00f6zel g\u00fcn\u00fc ta\u00e7land\u0131rd\u0131. Okul bah\u00e7esi alk\u0131\u015flarla, tezah\u00fcratlarla ve sevin\u00e7 \u00e7\u0131\u011fl\u0131klar\u0131yla dolarken; \u00f6\u011frenciler m\u00fczik e\u015fli\u011finde doyas\u0131ya dans edip mezuniyetlerini kutlad\u0131. Gelece\u011fe ad\u0131m atan gen\u00e7ler, sevin\u00e7lerini arkada\u015flar\u0131 ve aileleriyle payla\u015farak bu an\u0131 \u00f6m\u00fcr boyu hat\u0131rlayacaklar\u0131 bir hat\u0131raya d\u00f6n\u00fc\u015ft\u00fcrd\u00fc. Bu y\u0131l mezun olan \u00f6\u011frencilerden Anadolu Teknik Program\u0131 \u00f6\u011frencisi 60 gencin \u00fcniversite tercihinde bulunmas\u0131, Anadolu Meslek Program\u0131ndaki 194 \u00f6\u011frencinin ise OSB\u2019deki fabrikalarda kadrolu olarak \u00e7al\u0131\u015fma hayat\u0131na ad\u0131m atmas\u0131 bekleniyor.<br>Antalya Organize Sanayi B\u00f6lgesi \/ B\u00fclten<\/p>\n","protected":false},"excerpt":{"rendered":"<p>Ali Bahar Antalya OSB Teknik Koleji, ilk mezunlar\u0131n\u0131 verdi. Mezuniyet co\u015fkusu okul bah\u00e7esini doldururken, \u00f6\u011frenciler kep atarak bu anlaml\u0131 g\u00fcn\u00fc kutlad\u0131. Antalya Organize Sanayi B\u00f6lgesi\u2019nde <a href=\"https:\/\/akdenizhaber.com.tr\/index.php\/2025\/06\/16\/ali-bahar-aosb-teknik-kolejinde-ilk-mezuniyet-coskusu-254-ogrenci-kep-atti\/\" class=\"read-more-link\">[more&#8230;]<\/a><\/p>\n","protected":false},"author":2,"featured_media":29144,"comment_status":"open","ping_status":"open","sticky":false,"template":"","format":"standard","meta":{"footnotes":""},"categories":[2],"tags":[],"class_list":["post-29143","post","type-post","status-publish","format-standard","has-post-thumbnail","hentry","category-gundem"],"_links":{"self":[{"href":"https:\/\/akdenizhaber.com.tr\/index.php\/wp-json\/wp\/v2\/posts\/29143","targetHints":{"allow":["GET"]}}],"collection":[{"href":"https:\/\/akdenizhaber.com.tr\/index.php\/wp-json\/wp\/v2\/posts"}],"about":[{"href":"https:\/\/akdenizhaber.com.tr\/index.php\/wp-json\/wp\/v2\/types\/post"}],"author":[{"embeddable":true,"href":"https:\/\/akdenizhaber.com.tr\/index.php\/wp-json\/wp\/v2\/users\/2"}],"replies":[{"embeddable":true,"href":"https:\/\/akdenizhaber.com.tr\/index.php\/wp-json\/wp\/v2\/comments?post=29143"}],"version-history":[{"count":1,"href":"https:\/\/akdenizhaber.com.tr\/index.php\/wp-json\/wp\/v2\/posts\/29143\/revisions"}],"predecessor-version":[{"id":29145,"href":"https:\/\/akdenizhaber.com.tr\/index.php\/wp-json\/wp\/v2\/posts\/29143\/revisions\/29145"}],"wp:featuredmedia":[{"embeddable":true,"href":"https:\/\/akdenizhaber.com.tr\/index.php\/wp-json\/wp\/v2\/media\/29144"}],"wp:attachment":[{"href":"https:\/\/akdenizhaber.com.tr\/index.php\/wp-json\/wp\/v2\/media?parent=29143"}],"wp:term":[{"taxonomy":"category","embeddable":true,"href":"https:\/\/akdenizhaber.com.tr\/index.php\/wp-json\/wp\/v2\/categories?post=29143"},{"taxonomy":"post_tag","embeddable":true,"href":"https:\/\/akdenizhaber.com.tr\/index.php\/wp-json\/wp\/v2\/tags?post=29143"}],"curies":[{"name":"wp","href":"https:\/\/api.w.org\/{rel}","templated":true}]}}