{"id":29140,"date":"2025-06-16T17:11:42","date_gmt":"2025-06-16T14:11:42","guid":{"rendered":"https:\/\/akdenizhaber.com.tr\/?p=29140"},"modified":"2025-06-16T17:11:44","modified_gmt":"2025-06-16T14:11:44","slug":"antalyada-meslegim-gelecegim-projesi-tanitildi","status":"publish","type":"post","link":"https:\/\/akdenizhaber.com.tr\/index.php\/2025\/06\/16\/antalyada-meslegim-gelecegim-projesi-tanitildi\/","title":{"rendered":"Antalya\u2019da \u201cMesle\u011fim Gelece\u011fim\u201d Projesi Tan\u0131t\u0131ld\u0131\u00a0"},"content":{"rendered":"\n<p>Antalya \u0130l Milli E\u011fitim M\u00fcd\u00fcrl\u00fc\u011f\u00fc taraf\u0131ndan d\u00fczenlenen &#8220;Mesle\u011fim Gelece\u011fim&#8221; Projesi\u2019nin lansman program\u0131, Antalya Valisi Hulusi \u015eahin\u2019in kat\u0131l\u0131m\u0131yla ger\u00e7ekle\u015ftirildi.<br>Mesleki ve teknik e\u011fitimin \u00f6nemine dikkat \u00e7ekmek ve meslek liselerinin sundu\u011fu imk\u00e2nlar\u0131 \u00f6\u011frenciler ve velilerle payla\u015fmak amac\u0131yla d\u00fczenlenen &#8220;Mesle\u011fim Gelece\u011fim&#8221; Projesi lansman\u0131, Antalya Valisi Hulusi \u015eahin&#8217;in kat\u0131l\u0131m\u0131yla ger\u00e7ekle\u015ftirildi. Proje kapsam\u0131nda, Antalya genelindeki meslek liselerinin tan\u0131t\u0131m\u0131 yap\u0131l\u0131rken; \u00f6\u011frencilerin ilgi ve yeteneklerine uygun mesleklere y\u00f6nlendirilmesini destekleyen etkinlikler d\u00fczenlenecek.<br>Mark Antalya AVM&#8217;de d\u00fczenlenen programa Vali Hulusi \u015eahin&#8217;in yan\u0131 s\u0131ra, Vali Yard\u0131mc\u0131s\u0131 Tahsin Aksu, Muratpa\u015fa Kaymakam\u0131 \u0130hsan Kara, \u0130l Milli E\u011fitim M\u00fcd\u00fcr\u00fc Mehmet Yasin Eri\u015f, Gen\u00e7lik ve Spor \u0130l M\u00fcd\u00fcr\u00fc Yavuz G\u00fcrhan, \u00f6\u011fretmenler, \u00f6\u011frenciler ve vatanda\u015flar kat\u0131ld\u0131.<br>Meslek Liseleri Memleket Meselesidir<br>Bas\u0131n mensuplar\u0131na yapt\u0131\u011f\u0131 a\u00e7\u0131klamada, meslek liselerinin \u00fclkemiz i\u00e7in kritik \u00f6neme sahip e\u011fitim kurumlar\u0131 oldu\u011funu belirten Vali \u015eahin, \u201cMeslek liseleri memleket meselesidir. Meslek liselerini g\u00fc\u00e7l\u00fc k\u0131lmak, T\u00fcrkiye\u2019nin gelece\u011fini de g\u00fc\u00e7l\u00fc k\u0131lmak anlam\u0131na geliyor. Bizler de Antalya&#8217;da bu konuda \u00f6nemli bir gayret g\u00f6steriyoruz. Bug\u00fcn burada ortaokul \u00f6\u011frencilerimizi ve velilerimizi misafir ediyoruz. \u00d6\u011frencilerimiz ve velilerimiz, meslek liselerimizin b\u00f6l\u00fcmlerini ve faaliyetlerini yerinde inceleme f\u0131rsat\u0131 bularak, hangi b\u00f6l\u00fcm\u00fcn kendi ilgi alanlar\u0131na uygun oldu\u011funu de\u011ferlendirebiliyor. B\u00f6ylece meslek liselerine y\u00f6nelen \u00f6\u011frenci say\u0131s\u0131n\u0131 ve niteli\u011fini art\u0131rmay\u0131 hedefliyoruz.&#8221; ifadelerine yer verdi.&nbsp;<br>Proje, Yeni Etkinliklerle Devam Edecek<br>Meslek liselerinin yaln\u0131zca i\u015f hayat\u0131 i\u00e7in de\u011fil, ayn\u0131 zamanda akademik gelecek a\u00e7\u0131s\u0131ndan da \u00e7ok y\u00f6nl\u00fc f\u0131rsatlar sundu\u011funu ifade eden Vali \u015eahin, &#8220;Meslek liselerinden mezun olan \u00f6\u011frencilerimiz, yaln\u0131zca bir meslek sahibi olmakla kalm\u0131yor, ayn\u0131 zamanda bileklerine bir alt\u0131n bilezik de takm\u0131\u015f oluyorlar. Ayr\u0131ca t\u00fcm \u00fcniversitelere ve farkl\u0131 meslek dallar\u0131na y\u00f6nelme imk\u00e2n\u0131na da sahipler. \u00d6n\u00fcm\u00fczdeki g\u00fcnlerde bu projeyi daha da b\u00fcy\u00fcterek s\u00fcrd\u00fcrece\u011fiz. Mezun seviyesindeki \u00f6\u011frencilerimizin sekt\u00f6r temsilcileriyle bulu\u015fmas\u0131n\u0131, ortaokul son s\u0131n\u0131f \u00f6\u011frencilerinin ise lise \u00f6\u011frencileriyle bir araya gelmesini sa\u011flayaca\u011f\u0131z.\u201d s\u00f6zlerini kaydetti.<\/p>\n\n\n\n<p>Antalya Valili\u011fi \/ B\u00fclten<\/p>\n","protected":false},"excerpt":{"rendered":"<p>Antalya \u0130l Milli E\u011fitim M\u00fcd\u00fcrl\u00fc\u011f\u00fc taraf\u0131ndan d\u00fczenlenen &#8220;Mesle\u011fim Gelece\u011fim&#8221; Projesi\u2019nin lansman program\u0131, Antalya Valisi Hulusi \u015eahin\u2019in kat\u0131l\u0131m\u0131yla ger\u00e7ekle\u015ftirildi.Mesleki ve teknik e\u011fitimin \u00f6nemine dikkat \u00e7ekmek ve <a href=\"https:\/\/akdenizhaber.com.tr\/index.php\/2025\/06\/16\/antalyada-meslegim-gelecegim-projesi-tanitildi\/\" class=\"read-more-link\">[more&#8230;]<\/a><\/p>\n","protected":false},"author":2,"featured_media":29141,"comment_status":"open","ping_status":"open","sticky":false,"template":"","format":"standard","meta":{"footnotes":""},"categories":[2],"tags":[],"class_list":["post-29140","post","type-post","status-publish","format-standard","has-post-thumbnail","hentry","category-gundem"],"_links":{"self":[{"href":"https:\/\/akdenizhaber.com.tr\/index.php\/wp-json\/wp\/v2\/posts\/29140","targetHints":{"allow":["GET"]}}],"collection":[{"href":"https:\/\/akdenizhaber.com.tr\/index.php\/wp-json\/wp\/v2\/posts"}],"about":[{"href":"https:\/\/akdenizhaber.com.tr\/index.php\/wp-json\/wp\/v2\/types\/post"}],"author":[{"embeddable":true,"href":"https:\/\/akdenizhaber.com.tr\/index.php\/wp-json\/wp\/v2\/users\/2"}],"replies":[{"embeddable":true,"href":"https:\/\/akdenizhaber.com.tr\/index.php\/wp-json\/wp\/v2\/comments?post=29140"}],"version-history":[{"count":1,"href":"https:\/\/akdenizhaber.com.tr\/index.php\/wp-json\/wp\/v2\/posts\/29140\/revisions"}],"predecessor-version":[{"id":29142,"href":"https:\/\/akdenizhaber.com.tr\/index.php\/wp-json\/wp\/v2\/posts\/29140\/revisions\/29142"}],"wp:featuredmedia":[{"embeddable":true,"href":"https:\/\/akdenizhaber.com.tr\/index.php\/wp-json\/wp\/v2\/media\/29141"}],"wp:attachment":[{"href":"https:\/\/akdenizhaber.com.tr\/index.php\/wp-json\/wp\/v2\/media?parent=29140"}],"wp:term":[{"taxonomy":"category","embeddable":true,"href":"https:\/\/akdenizhaber.com.tr\/index.php\/wp-json\/wp\/v2\/categories?post=29140"},{"taxonomy":"post_tag","embeddable":true,"href":"https:\/\/akdenizhaber.com.tr\/index.php\/wp-json\/wp\/v2\/tags?post=29140"}],"curies":[{"name":"wp","href":"https:\/\/api.w.org\/{rel}","templated":true}]}}