{"id":29137,"date":"2025-06-16T17:11:03","date_gmt":"2025-06-16T14:11:03","guid":{"rendered":"https:\/\/akdenizhaber.com.tr\/?p=29137"},"modified":"2025-06-16T17:11:04","modified_gmt":"2025-06-16T14:11:04","slug":"mustafa-guclu","status":"publish","type":"post","link":"https:\/\/akdenizhaber.com.tr\/index.php\/2025\/06\/16\/mustafa-guclu\/","title":{"rendered":"Mustafa G\u00fc\u00e7l\u00fc"},"content":{"rendered":"\n<p>Ne varsa eskilerde ,eski esnaflar da, eski ustalar da\u00a0 var&#8230; s\u00f6z\u00fcn\u00fcn do\u011frulamas\u0131, sa\u011flamas\u0131 resimdeki Manavgat\u0131n en eski esnaflar\u0131ndan, efsane\u00a0 ustalar\u0131ndan Mustafa G\u00fc\u00e7l\u00fc usta..<\/p>\n\n\n\n<figure class=\"wp-block-image size-large is-resized\"><img loading=\"lazy\" decoding=\"async\" width=\"1024\" height=\"1024\" src=\"https:\/\/akdenizhaber.com.tr\/wp-content\/uploads\/2025\/06\/651551b9-4f54-446b-b4e7-b1dde9fbe213-1024x1024.jpg\" alt=\"\" class=\"wp-image-29138\" style=\"width:339px;height:auto\" srcset=\"https:\/\/akdenizhaber.com.tr\/wp-content\/uploads\/2025\/06\/651551b9-4f54-446b-b4e7-b1dde9fbe213-1024x1024.jpg 1024w, https:\/\/akdenizhaber.com.tr\/wp-content\/uploads\/2025\/06\/651551b9-4f54-446b-b4e7-b1dde9fbe213-300x300.jpg 300w, https:\/\/akdenizhaber.com.tr\/wp-content\/uploads\/2025\/06\/651551b9-4f54-446b-b4e7-b1dde9fbe213-150x150.jpg 150w, https:\/\/akdenizhaber.com.tr\/wp-content\/uploads\/2025\/06\/651551b9-4f54-446b-b4e7-b1dde9fbe213-768x768.jpg 768w, https:\/\/akdenizhaber.com.tr\/wp-content\/uploads\/2025\/06\/651551b9-4f54-446b-b4e7-b1dde9fbe213.jpg 1440w\" sizes=\"auto, (max-width: 1024px) 100vw, 1024px\" \/><\/figure>\n\n\n\n<p>O , \u015fimdilerde hayatta olmayan ustalar\u0131n yan\u0131na \u00e7\u0131rak olarak ba\u015flad\u0131\u011f\u0131 motor tamircili\u011fi mesle\u011fini, aradan ge\u00e7en yar\u0131m as\u0131rdan \u00e7ok fazla bir zamand\u0131r ba\u015far\u0131 ile yapmaya devam ediyor..<\/p>\n\n\n\n<p>\u00c7\u0131rakl\u0131ga beraber ba\u015flad\u0131klar\u0131,beraber usta olup da ,uzun y\u0131llar ustal\u0131k yapanlar\u0131n hemen hepsi ya bu d\u00fcnyadan g\u00f6\u00e7\u00fcp gitmi\u015f,yada emekli olmu\u015f,bir ba\u015fka i\u015fle u\u011fra\u015f\u0131rken; o \u00e7ok sevdi\u011fi ve \u00e7ok da ba\u015far\u0131l\u0131 bir \u015fekilde mesle\u011fini icra ediyor..<\/p>\n\n\n\n<p>As\u0131l mesle\u011fi trakt\u00f6r tamircili\u011fi, ustal\u0131\u011f\u0131 olan Mustafa usta, bir \u00e7ok insan\u0131n,hatta devletin bile d\u00fc\u015f\u00fcn\u00fcp yapamad\u0131\u011f\u0131n\u0131 yaparak, mesle\u011fini Bu g\u00fcn\u00fcn teknoloji geli\u015fimi do\u011frultusunda, y\u00f6renin en \u00e7ok ihtiyac\u0131 olan dallar\u0131nda ,ila\u00e7 makinesi,su motoru, a\u011fa\u00e7 kesme motoru,ot kesme motoru..gibi makinalar\u0131 tamir bak\u0131m servisi olarak hizmet vermektedir..<\/p>\n\n\n\n<p>Bir \u00e7ok esnaf\u0131n derin uykuda&nbsp; foldu\u011fu sabah\u0131n erken saatlerinde i\u015fyerini a\u00e7an Manavgat \u0131n \u00f6rnek esnaf\u0131 ustas\u0131n\u0131 d\u00fckan\u0131n\u0131 kendi elleriyle s\u00fcp\u00fcrm\u00fc\u015f, \u00e7ay demligini oca\u011fa koyup demlenmesini beklerken g\u00f6rd\u00fcm..<\/p>\n\n\n\n<p>D\u00fcn bah\u00e7e de ar\u0131za yapan su motorunun tamiri i\u00e7in erkenden geldi\u011fim sanayii de \u00e7ok az esnaf d\u00fckkan\u0131n\u0131 a\u00e7m\u0131\u015ft\u0131..<\/p>\n\n\n\n<p>Selam verip derdimi anlatt\u0131m, motoru arabadan indirdim ve hemen i\u015fe koyuldu..<\/p>\n\n\n\n<p>\u00c7ok k\u0131sa bir s\u00fcrede maharetli elleri ve efsane ustal\u0131\u011f\u0131 ile ar\u0131zay\u0131 gidererek benim mutlu bir \u015fekilde g\u00fcne ba\u015flamama vesile oldu.<\/p>\n\n\n\n<p>Bir yandan i\u015fini yaparken, bir yandanda benim ustal\u0131kla sordu\u011fum sorulara a\u00e7\u0131k y\u00fcreklilikle cevap verdi..<\/p>\n\n\n\n<p>K\u0131sa s\u00fcrede, \u00e7\u0131rakl\u0131k,ustal\u0131k arkada\u015flar\u0131 hakk\u0131nda, ge\u00e7mi\u015fin Manavgat \u0131 Hakk\u0131nda ve \u00fclkenin bu g\u00fcnk\u00fc durumu hakk\u0131nda sohbet edip bilgi al\u0131\u015fveri\u015finde bulundu\u011fum Mustafa G\u00fc\u00e7l\u00fc usta, gen\u00e7 ustalar\u0131n hemen her konuda bilgi alabilece\u011fi bir ustal\u0131k okulu , \u00fcniversitesi..<\/p>\n\n\n\n<p>Allah nazardan saklas\u0131n, Allah uzun \u00f6m\u00fcr versin..<\/p>\n","protected":false},"excerpt":{"rendered":"<p>Ne varsa eskilerde ,eski esnaflar da, eski ustalar da\u00a0 var&#8230; s\u00f6z\u00fcn\u00fcn do\u011frulamas\u0131, sa\u011flamas\u0131 resimdeki Manavgat\u0131n en eski esnaflar\u0131ndan, efsane\u00a0 ustalar\u0131ndan Mustafa G\u00fc\u00e7l\u00fc usta.. O , <a href=\"https:\/\/akdenizhaber.com.tr\/index.php\/2025\/06\/16\/mustafa-guclu\/\" class=\"read-more-link\">[more&#8230;]<\/a><\/p>\n","protected":false},"author":2,"featured_media":28877,"comment_status":"open","ping_status":"open","sticky":false,"template":"","format":"standard","meta":{"footnotes":""},"categories":[1,2],"tags":[],"class_list":["post-29137","post","type-post","status-publish","format-standard","has-post-thumbnail","hentry","category-blog","category-gundem"],"_links":{"self":[{"href":"https:\/\/akdenizhaber.com.tr\/index.php\/wp-json\/wp\/v2\/posts\/29137","targetHints":{"allow":["GET"]}}],"collection":[{"href":"https:\/\/akdenizhaber.com.tr\/index.php\/wp-json\/wp\/v2\/posts"}],"about":[{"href":"https:\/\/akdenizhaber.com.tr\/index.php\/wp-json\/wp\/v2\/types\/post"}],"author":[{"embeddable":true,"href":"https:\/\/akdenizhaber.com.tr\/index.php\/wp-json\/wp\/v2\/users\/2"}],"replies":[{"embeddable":true,"href":"https:\/\/akdenizhaber.com.tr\/index.php\/wp-json\/wp\/v2\/comments?post=29137"}],"version-history":[{"count":1,"href":"https:\/\/akdenizhaber.com.tr\/index.php\/wp-json\/wp\/v2\/posts\/29137\/revisions"}],"predecessor-version":[{"id":29139,"href":"https:\/\/akdenizhaber.com.tr\/index.php\/wp-json\/wp\/v2\/posts\/29137\/revisions\/29139"}],"wp:featuredmedia":[{"embeddable":true,"href":"https:\/\/akdenizhaber.com.tr\/index.php\/wp-json\/wp\/v2\/media\/28877"}],"wp:attachment":[{"href":"https:\/\/akdenizhaber.com.tr\/index.php\/wp-json\/wp\/v2\/media?parent=29137"}],"wp:term":[{"taxonomy":"category","embeddable":true,"href":"https:\/\/akdenizhaber.com.tr\/index.php\/wp-json\/wp\/v2\/categories?post=29137"},{"taxonomy":"post_tag","embeddable":true,"href":"https:\/\/akdenizhaber.com.tr\/index.php\/wp-json\/wp\/v2\/tags?post=29137"}],"curies":[{"name":"wp","href":"https:\/\/api.w.org\/{rel}","templated":true}]}}