{"id":29134,"date":"2025-06-16T17:10:17","date_gmt":"2025-06-16T14:10:17","guid":{"rendered":"https:\/\/akdenizhaber.com.tr\/?p=29134"},"modified":"2025-06-16T17:10:19","modified_gmt":"2025-06-16T14:10:19","slug":"manavgatli-guresciden-sekaparkta-kursu","status":"publish","type":"post","link":"https:\/\/akdenizhaber.com.tr\/index.php\/2025\/06\/16\/manavgatli-guresciden-sekaparkta-kursu\/","title":{"rendered":"Manavgatl\u0131 G\u00fcre\u015f\u00e7iden Sekapark\u2019ta K\u00fcrs\u00fc"},"content":{"rendered":"\n<p>Manavgat Belediyesi G\u00fcre\u015f Kul\u00fcb\u00fc sporcusu Ramazan \u00d6ztun\u00e7, CW Enerji Ya\u011fl\u0131 G\u00fcre\u015f Ligi\u2019nin 3. etab\u0131 olan 17. Sekapark Ya\u011fl\u0131 Pehlivan G\u00fcre\u015flerinde b\u00fcy\u00fck bir ba\u015far\u0131ya imza att\u0131. Kocaeli&#8217;nin ev sahipli\u011finde d\u00fczenlenen ve T\u00fcrkiye&#8217;nin d\u00f6rt bir yan\u0131ndan pehlivanlar\u0131n kat\u0131l\u0131m\u0131yla ger\u00e7ekle\u015fen organizasyonda Ramazan \u00d6ztun\u00e7, Tozkoparan Boyu\u2019nda \u00fc\u00e7\u00fcnc\u00fcl\u00fck elde ederek k\u00fcrs\u00fc yapmay\u0131 ba\u015fard\u0131.<\/p>\n\n\n\n<p>Manavgat Belediye Ba\u015fkan\u0131 Op. Dr. Niyazi Nefi Kara, elde edilen ba\u015far\u0131dan dolay\u0131 Ramazan \u00d6ztun\u00e7\u2019u ve antren\u00f6r ekibini tebrik ederek, ata sporuna verdikleri deste\u011fin s\u00fcrece\u011fini s\u00f6yledi. Ba\u015fkan Kara, \u201cGeleneksel sporumuz olan ya\u011fl\u0131 g\u00fcre\u015fi ya\u015fatmak ve gen\u00e7lerimize sevdirmek amac\u0131yla \u00e7\u0131kt\u0131\u011f\u0131m\u0131z bu yolda sporcular\u0131m\u0131z\u0131n kazand\u0131\u011f\u0131 her ba\u015far\u0131, bizleri daha da motive ediyor. Ramazan karde\u015fimizi g\u00f6n\u00fclden kutluyor, ba\u015far\u0131lar\u0131n\u0131n devam\u0131n\u0131 diliyorum.\u201d dedi.<\/p>\n\n\n\n<p>Manavgat Belediyesi \/ B\u00fclten<\/p>\n","protected":false},"excerpt":{"rendered":"<p>Manavgat Belediyesi G\u00fcre\u015f Kul\u00fcb\u00fc sporcusu Ramazan \u00d6ztun\u00e7, CW Enerji Ya\u011fl\u0131 G\u00fcre\u015f Ligi\u2019nin 3. etab\u0131 olan 17. Sekapark Ya\u011fl\u0131 Pehlivan G\u00fcre\u015flerinde b\u00fcy\u00fck bir ba\u015far\u0131ya imza att\u0131. <a href=\"https:\/\/akdenizhaber.com.tr\/index.php\/2025\/06\/16\/manavgatli-guresciden-sekaparkta-kursu\/\" class=\"read-more-link\">[more&#8230;]<\/a><\/p>\n","protected":false},"author":2,"featured_media":29135,"comment_status":"open","ping_status":"open","sticky":false,"template":"","format":"standard","meta":{"footnotes":""},"categories":[2],"tags":[],"class_list":["post-29134","post","type-post","status-publish","format-standard","has-post-thumbnail","hentry","category-gundem"],"_links":{"self":[{"href":"https:\/\/akdenizhaber.com.tr\/index.php\/wp-json\/wp\/v2\/posts\/29134","targetHints":{"allow":["GET"]}}],"collection":[{"href":"https:\/\/akdenizhaber.com.tr\/index.php\/wp-json\/wp\/v2\/posts"}],"about":[{"href":"https:\/\/akdenizhaber.com.tr\/index.php\/wp-json\/wp\/v2\/types\/post"}],"author":[{"embeddable":true,"href":"https:\/\/akdenizhaber.com.tr\/index.php\/wp-json\/wp\/v2\/users\/2"}],"replies":[{"embeddable":true,"href":"https:\/\/akdenizhaber.com.tr\/index.php\/wp-json\/wp\/v2\/comments?post=29134"}],"version-history":[{"count":1,"href":"https:\/\/akdenizhaber.com.tr\/index.php\/wp-json\/wp\/v2\/posts\/29134\/revisions"}],"predecessor-version":[{"id":29136,"href":"https:\/\/akdenizhaber.com.tr\/index.php\/wp-json\/wp\/v2\/posts\/29134\/revisions\/29136"}],"wp:featuredmedia":[{"embeddable":true,"href":"https:\/\/akdenizhaber.com.tr\/index.php\/wp-json\/wp\/v2\/media\/29135"}],"wp:attachment":[{"href":"https:\/\/akdenizhaber.com.tr\/index.php\/wp-json\/wp\/v2\/media?parent=29134"}],"wp:term":[{"taxonomy":"category","embeddable":true,"href":"https:\/\/akdenizhaber.com.tr\/index.php\/wp-json\/wp\/v2\/categories?post=29134"},{"taxonomy":"post_tag","embeddable":true,"href":"https:\/\/akdenizhaber.com.tr\/index.php\/wp-json\/wp\/v2\/tags?post=29134"}],"curies":[{"name":"wp","href":"https:\/\/api.w.org\/{rel}","templated":true}]}}