{"id":29126,"date":"2025-06-16T17:09:40","date_gmt":"2025-06-16T14:09:40","guid":{"rendered":"https:\/\/akdenizhaber.com.tr\/?p=29126"},"modified":"2025-06-16T17:09:42","modified_gmt":"2025-06-16T14:09:42","slug":"manavgatta-turku-dolu-gece","status":"publish","type":"post","link":"https:\/\/akdenizhaber.com.tr\/index.php\/2025\/06\/16\/manavgatta-turku-dolu-gece\/","title":{"rendered":"Manavgat\u2019ta T\u00fcrk\u00fc Dolu Gece"},"content":{"rendered":"\n<p>Manavgat Belediyesi\u2019nin katk\u0131lar\u0131yla d\u00fczenlenen ve halk m\u00fczi\u011fi tutkunlar\u0131n\u0131 bir araya getiren \u201cAd\u0131m Ad\u0131m Anadolu\u201d konseri, Atat\u00fcrk K\u00fclt\u00fcr Merkezi\u2019nde sanatseverlerle bulu\u015ftu. Yudum \u00c7i\u00e7ek Seven ve Ali Mahsuni Seven \u015fefli\u011finde sahne alan Tohum Geleneksel Halk M\u00fczi\u011fi Korosu, izleyenlere unutulmaz bir t\u00fcrk\u00fc \u015f\u00f6leni ya\u015fatt\u0131.<\/p>\n\n\n\n<p>Koro, Anadolu\u2019nun d\u00f6rt bir yan\u0131ndan derlenmi\u015f halk t\u00fcrk\u00fcleriyle y\u00fcrekleri \u0131s\u0131tt\u0131. B\u00fcy\u00fck bir \u00f6zen ve ustal\u0131kla seslendirilen eserler, salondaki dinleyicilerden b\u00fcy\u00fck alk\u0131\u015f ald\u0131. Yo\u011fun ilgi g\u00f6ren etkinlikte Atat\u00fcrk K\u00fclt\u00fcr Merkezi\u2019nin salonu tamamen dolarken, seyirciler konserin sonunda koro \u00fcyelerini ve \u015fefleri dakikalarca ayakta alk\u0131\u015flad\u0131. Gecenin sonunda sahneye davet edilen Yudum \u00c7i\u00e7ek Seven ve Ali Mahsuni Seven, halk m\u00fczi\u011fini Manavgatl\u0131larla bulu\u015fturman\u0131n mutlulu\u011funu ya\u015fad\u0131klar\u0131n\u0131 belirterek desteklerinden dolay\u0131 Manavgat Belediyesi\u2019ne te\u015fekk\u00fcr etti.<\/p>\n\n\n\n<p>Manavgat Belediyesi \/ B\u00fclten<\/p>\n","protected":false},"excerpt":{"rendered":"<p>Manavgat Belediyesi\u2019nin katk\u0131lar\u0131yla d\u00fczenlenen ve halk m\u00fczi\u011fi tutkunlar\u0131n\u0131 bir araya getiren \u201cAd\u0131m Ad\u0131m Anadolu\u201d konseri, Atat\u00fcrk K\u00fclt\u00fcr Merkezi\u2019nde sanatseverlerle bulu\u015ftu. Yudum \u00c7i\u00e7ek Seven ve Ali <a href=\"https:\/\/akdenizhaber.com.tr\/index.php\/2025\/06\/16\/manavgatta-turku-dolu-gece\/\" class=\"read-more-link\">[more&#8230;]<\/a><\/p>\n","protected":false},"author":2,"featured_media":29130,"comment_status":"open","ping_status":"open","sticky":false,"template":"","format":"standard","meta":{"footnotes":""},"categories":[2],"tags":[],"class_list":["post-29126","post","type-post","status-publish","format-standard","has-post-thumbnail","hentry","category-gundem"],"_links":{"self":[{"href":"https:\/\/akdenizhaber.com.tr\/index.php\/wp-json\/wp\/v2\/posts\/29126","targetHints":{"allow":["GET"]}}],"collection":[{"href":"https:\/\/akdenizhaber.com.tr\/index.php\/wp-json\/wp\/v2\/posts"}],"about":[{"href":"https:\/\/akdenizhaber.com.tr\/index.php\/wp-json\/wp\/v2\/types\/post"}],"author":[{"embeddable":true,"href":"https:\/\/akdenizhaber.com.tr\/index.php\/wp-json\/wp\/v2\/users\/2"}],"replies":[{"embeddable":true,"href":"https:\/\/akdenizhaber.com.tr\/index.php\/wp-json\/wp\/v2\/comments?post=29126"}],"version-history":[{"count":1,"href":"https:\/\/akdenizhaber.com.tr\/index.php\/wp-json\/wp\/v2\/posts\/29126\/revisions"}],"predecessor-version":[{"id":29132,"href":"https:\/\/akdenizhaber.com.tr\/index.php\/wp-json\/wp\/v2\/posts\/29126\/revisions\/29132"}],"wp:featuredmedia":[{"embeddable":true,"href":"https:\/\/akdenizhaber.com.tr\/index.php\/wp-json\/wp\/v2\/media\/29130"}],"wp:attachment":[{"href":"https:\/\/akdenizhaber.com.tr\/index.php\/wp-json\/wp\/v2\/media?parent=29126"}],"wp:term":[{"taxonomy":"category","embeddable":true,"href":"https:\/\/akdenizhaber.com.tr\/index.php\/wp-json\/wp\/v2\/categories?post=29126"},{"taxonomy":"post_tag","embeddable":true,"href":"https:\/\/akdenizhaber.com.tr\/index.php\/wp-json\/wp\/v2\/tags?post=29126"}],"curies":[{"name":"wp","href":"https:\/\/api.w.org\/{rel}","templated":true}]}}