{"id":29120,"date":"2025-06-12T16:07:44","date_gmt":"2025-06-12T13:07:44","guid":{"rendered":"https:\/\/akdenizhaber.com.tr\/?p=29120"},"modified":"2025-06-12T16:07:45","modified_gmt":"2025-06-12T13:07:45","slug":"koclar-medyadan-sut-ureticilerine-ziyaret","status":"publish","type":"post","link":"https:\/\/akdenizhaber.com.tr\/index.php\/2025\/06\/12\/koclar-medyadan-sut-ureticilerine-ziyaret\/","title":{"rendered":"Ko\u00e7lar Medya\u2019dan S\u00fct \u00dcreticilerine Ziyaret"},"content":{"rendered":"\n<p>Manavgat Gazeteciler ve Yazarlar Cemiyeti, Ko\u00e7lar Medya olarak d\u00fcn Manavgat S\u00fct \u00dcreticileri Birli\u011fi Ba\u015fkan\u0131 Bilal Ay ve \u00e7al\u0131\u015fanlar\u0131n\u0131 yeni binalar\u0131nda ziyaret ederek, hay\u0131rl\u0131 olsun dilekleriyle \u00e7al\u0131\u015fmalar\u0131nda ba\u015far\u0131 dileklerinde bulundular.<\/p>\n\n\n\n<p>S\u00fct \u00fcreticilerine daha iyi hizmet etme ve sorunlar\u0131na \u00e7\u00f6z\u00fcm bulmak i\u00e7in 20 y\u0131ld\u0131r gece &#8211;&nbsp; g\u00fcnd\u00fcz \u00e7al\u0131\u015farak sat\u0131n ald\u0131klar\u0131 yeni hizmet binas\u0131 ile \u00e7ok geni\u015f kapsaml\u0131 bilgi veren S\u00fct \u00fcreticileri Birlik Ba\u015fkan\u0131 Bilal Ay, 20 y\u0131l \u00f6nce bir avu\u00e7 \u00fcretici \u00e7\u0131kt\u0131klar\u0131 yolda \u00e7ok uzun mesafe ald\u0131klar\u0131na dikkat \u00e7ekerek \u201cBizler yola \u00e7\u0131kt\u0131\u011f\u0131m\u0131zda bir avu\u00e7 inanm\u0131\u015f insand\u0131k. Ald\u0131\u011f\u0131m\u0131z uzun soluklu yolda yeni hizmet binas\u0131 ile birlikte \u00fcreticimize hizmet anlam\u0131nda bir\u00e7ok yenili\u011fe imza att\u0131k. Bizler gecemizi g\u00fcnd\u00fcz\u00fcm\u00fcz\u00fc s\u00fct \u00fcreticilerinin gelece\u011fine adam\u0131\u015f insanlar\u0131z. Birlikten g\u00fc\u00e7 do\u011faca\u011f\u0131na inanarak \u00e7\u0131kt\u0131\u011f\u0131m\u0131z bu kutsal yolda ilk y\u0131llarda \u00f6n\u00fcm\u00fcze engeller konulmak istense de her bir engeli g\u00fcc\u00fcm\u00fczle a\u015farak bug\u00fcnlere geldik, \u00e7ok \u015f\u00fck\u00fcrler olsun ki hizmetlerimizden dolay\u0131 \u00fcreticilerimiz son derece mutlu ve memnun, \u00f6n\u00fcm\u00fczdeki aylarda \u00fcreticilerimize yeni proje m\u00fcjdelerimizi verece\u011fiz\u201d dedi.<\/p>\n\n\n\n<p>20 YILI CO\u015eKUYLA KUTLAYACA\u011eIZ<\/p>\n\n\n\n<p>2005 y\u0131l\u0131 Temmuz ay\u0131nda s\u00fct \u00fcreticilerine hizmet anlam\u0131nda yola \u00e7\u0131kt\u0131klar\u0131n\u0131 ifade eden S\u00fct \u00dcreticileri Birli\u011fi Ba\u015fkan\u0131 Bilal Ay, kurulu\u015fundan bu yana ge\u00e7en s\u00fcrecin \u00e7ok \u00f6nemli oldu\u011funu ve bu s\u00fcre\u00e7te al\u0131nan yolun k\u00fc\u00e7\u00fcmsenmeyecek derece \u00f6nemli oldu\u011funu ifade ederek \u201cS\u00fct \u00dcreticileri birli\u011fimizin bu y\u0131l 20 y\u0131l\u0131n\u0131 kutluyoruz, t\u00fcm \u00fcreticilerimize bizlere duyduklar\u0131 g\u00fcven i\u00e7in i\u00e7ten te\u015fekk\u00fcrler ediyorum\u201d diyerek konu\u015fmas\u0131n\u0131 sonland\u0131rd\u0131.<\/p>\n\n\n\n<p>B\u00fc\u015fra Deveci \/ Haber<\/p>\n","protected":false},"excerpt":{"rendered":"<p>Manavgat Gazeteciler ve Yazarlar Cemiyeti, Ko\u00e7lar Medya olarak d\u00fcn Manavgat S\u00fct \u00dcreticileri Birli\u011fi Ba\u015fkan\u0131 Bilal Ay ve \u00e7al\u0131\u015fanlar\u0131n\u0131 yeni binalar\u0131nda ziyaret ederek, hay\u0131rl\u0131 olsun dilekleriyle <a href=\"https:\/\/akdenizhaber.com.tr\/index.php\/2025\/06\/12\/koclar-medyadan-sut-ureticilerine-ziyaret\/\" class=\"read-more-link\">[more&#8230;]<\/a><\/p>\n","protected":false},"author":2,"featured_media":29121,"comment_status":"open","ping_status":"open","sticky":false,"template":"","format":"standard","meta":{"footnotes":""},"categories":[2],"tags":[],"class_list":["post-29120","post","type-post","status-publish","format-standard","has-post-thumbnail","hentry","category-gundem"],"_links":{"self":[{"href":"https:\/\/akdenizhaber.com.tr\/index.php\/wp-json\/wp\/v2\/posts\/29120","targetHints":{"allow":["GET"]}}],"collection":[{"href":"https:\/\/akdenizhaber.com.tr\/index.php\/wp-json\/wp\/v2\/posts"}],"about":[{"href":"https:\/\/akdenizhaber.com.tr\/index.php\/wp-json\/wp\/v2\/types\/post"}],"author":[{"embeddable":true,"href":"https:\/\/akdenizhaber.com.tr\/index.php\/wp-json\/wp\/v2\/users\/2"}],"replies":[{"embeddable":true,"href":"https:\/\/akdenizhaber.com.tr\/index.php\/wp-json\/wp\/v2\/comments?post=29120"}],"version-history":[{"count":1,"href":"https:\/\/akdenizhaber.com.tr\/index.php\/wp-json\/wp\/v2\/posts\/29120\/revisions"}],"predecessor-version":[{"id":29122,"href":"https:\/\/akdenizhaber.com.tr\/index.php\/wp-json\/wp\/v2\/posts\/29120\/revisions\/29122"}],"wp:featuredmedia":[{"embeddable":true,"href":"https:\/\/akdenizhaber.com.tr\/index.php\/wp-json\/wp\/v2\/media\/29121"}],"wp:attachment":[{"href":"https:\/\/akdenizhaber.com.tr\/index.php\/wp-json\/wp\/v2\/media?parent=29120"}],"wp:term":[{"taxonomy":"category","embeddable":true,"href":"https:\/\/akdenizhaber.com.tr\/index.php\/wp-json\/wp\/v2\/categories?post=29120"},{"taxonomy":"post_tag","embeddable":true,"href":"https:\/\/akdenizhaber.com.tr\/index.php\/wp-json\/wp\/v2\/tags?post=29120"}],"curies":[{"name":"wp","href":"https:\/\/api.w.org\/{rel}","templated":true}]}}