{"id":29117,"date":"2025-06-12T16:06:58","date_gmt":"2025-06-12T13:06:58","guid":{"rendered":"https:\/\/akdenizhaber.com.tr\/?p=29117"},"modified":"2025-06-12T16:06:59","modified_gmt":"2025-06-12T13:06:59","slug":"kara-ferdi-zeyreki-tanimis-olmak-bizler-icin-bir-onur","status":"publish","type":"post","link":"https:\/\/akdenizhaber.com.tr\/index.php\/2025\/06\/12\/kara-ferdi-zeyreki-tanimis-olmak-bizler-icin-bir-onur\/","title":{"rendered":"Kara: \u201cFerdi Zeyrek\u2019i Tan\u0131m\u0131\u015f Olmak Bizler \u0130\u00e7in Bir Onur\u201d"},"content":{"rendered":"\n<p>Manavgat Belediye Ba\u015fkan\u0131 Op. Dr. Niyazi Nefi Kara, evinde elektrik ak\u0131m\u0131na kap\u0131lan ve kald\u0131r\u0131ld\u0131\u011f\u0131 hastanede hayat\u0131n\u0131 kaybeden Manisa B\u00fcy\u00fck\u015fehir Belediye Ba\u015fkan\u0131 Ferdi Zeyrek&#8217;in Manisa\u2019daki cenaze t\u00f6renine kat\u0131ld\u0131.<\/p>\n\n\n\n<p>Evinde elektrik ak\u0131m\u0131na kap\u0131lan ve kald\u0131r\u0131ld\u0131\u011f\u0131 hastanede hayat\u0131n\u0131 kaybeden Manisa B\u00fcy\u00fck\u015fehir Belediye Ba\u015fkan\u0131 Ferdi Zeyrek i\u00e7in belediye binas\u0131 \u00f6n\u00fcnde t\u00f6ren ger\u00e7ekle\u015ftirildi. Ba\u015fkan Kara, ac\u0131 haberi ald\u0131ktan sonra hemen Manisa\u2019ya hareket etti. T\u00f6ren boyunca olduk\u00e7a \u00fczg\u00fcn oldu\u011fu g\u00f6zlenen Kara, Ferdi Zeyrek\u2019in hem siyasetteki duru\u015funu hem de halkla i\u00e7 i\u00e7e olan y\u00f6netim anlay\u0131\u015f\u0131n\u0131 \u00f6vg\u00fcyle anlatt\u0131. Kara, Zeyrek\u2019in kayb\u0131n\u0131n t\u00fcm T\u00fcrkiye i\u00e7in b\u00fcy\u00fck bir kay\u0131p oldu\u011funu s\u00f6yledi.<\/p>\n\n\n\n<p>Ba\u015fkan Kara cenazenin ard\u0131ndan yapt\u0131\u011f\u0131 a\u00e7\u0131klamada \u015fu ifadeleri kulland\u0131: \u201c\u00c7al\u0131\u015fkanl\u0131\u011f\u0131, g\u00fcler y\u00fcz\u00fc, tertemiz duru\u015fuyla \u00f6rnek bir insan, \u00f6rnek bir babayd\u0131. Ferdi Zeyrek\u2019i tan\u0131m\u0131\u015f olmak bizler i\u00e7in b\u00fcy\u00fck bir onur, onunla omuz omuza m\u00fccadele etmek b\u00fcy\u00fck bir \u015fanst\u0131. Bu \u00fclkenin onun gibi d\u00fcr\u00fcst, \u00e7al\u0131\u015fkan ve halk\u0131n\u0131 seven belediye ba\u015fkanlar\u0131na ihtiyac\u0131 var. Ferdi Ba\u015fkan\u0131m\u0131z\u0131 her zaman g\u00fcler y\u00fcz\u00fc ve milletimize olan sevgisiyle hat\u0131rlayaca\u011f\u0131z. Ferdi Zeyrek Ba\u015fkan\u0131m\u0131za Allah\u2019tan rahmet; kederli ailesine, sevenlerine, milletimize sab\u0131r ve ba\u015fsa\u011fl\u0131\u011f\u0131 diliyorum. Ruhu \u015f\u00e2d, mekan\u0131 cennet olsun.\u201d<\/p>\n\n\n\n<p>Manavgat Belediyesi \/ B\u00fclten<\/p>\n","protected":false},"excerpt":{"rendered":"<p>Manavgat Belediye Ba\u015fkan\u0131 Op. Dr. Niyazi Nefi Kara, evinde elektrik ak\u0131m\u0131na kap\u0131lan ve kald\u0131r\u0131ld\u0131\u011f\u0131 hastanede hayat\u0131n\u0131 kaybeden Manisa B\u00fcy\u00fck\u015fehir Belediye Ba\u015fkan\u0131 Ferdi Zeyrek&#8217;in Manisa\u2019daki cenaze <a href=\"https:\/\/akdenizhaber.com.tr\/index.php\/2025\/06\/12\/kara-ferdi-zeyreki-tanimis-olmak-bizler-icin-bir-onur\/\" class=\"read-more-link\">[more&#8230;]<\/a><\/p>\n","protected":false},"author":2,"featured_media":29118,"comment_status":"open","ping_status":"open","sticky":false,"template":"","format":"standard","meta":{"footnotes":""},"categories":[2],"tags":[],"class_list":["post-29117","post","type-post","status-publish","format-standard","has-post-thumbnail","hentry","category-gundem"],"_links":{"self":[{"href":"https:\/\/akdenizhaber.com.tr\/index.php\/wp-json\/wp\/v2\/posts\/29117","targetHints":{"allow":["GET"]}}],"collection":[{"href":"https:\/\/akdenizhaber.com.tr\/index.php\/wp-json\/wp\/v2\/posts"}],"about":[{"href":"https:\/\/akdenizhaber.com.tr\/index.php\/wp-json\/wp\/v2\/types\/post"}],"author":[{"embeddable":true,"href":"https:\/\/akdenizhaber.com.tr\/index.php\/wp-json\/wp\/v2\/users\/2"}],"replies":[{"embeddable":true,"href":"https:\/\/akdenizhaber.com.tr\/index.php\/wp-json\/wp\/v2\/comments?post=29117"}],"version-history":[{"count":1,"href":"https:\/\/akdenizhaber.com.tr\/index.php\/wp-json\/wp\/v2\/posts\/29117\/revisions"}],"predecessor-version":[{"id":29119,"href":"https:\/\/akdenizhaber.com.tr\/index.php\/wp-json\/wp\/v2\/posts\/29117\/revisions\/29119"}],"wp:featuredmedia":[{"embeddable":true,"href":"https:\/\/akdenizhaber.com.tr\/index.php\/wp-json\/wp\/v2\/media\/29118"}],"wp:attachment":[{"href":"https:\/\/akdenizhaber.com.tr\/index.php\/wp-json\/wp\/v2\/media?parent=29117"}],"wp:term":[{"taxonomy":"category","embeddable":true,"href":"https:\/\/akdenizhaber.com.tr\/index.php\/wp-json\/wp\/v2\/categories?post=29117"},{"taxonomy":"post_tag","embeddable":true,"href":"https:\/\/akdenizhaber.com.tr\/index.php\/wp-json\/wp\/v2\/tags?post=29117"}],"curies":[{"name":"wp","href":"https:\/\/api.w.org\/{rel}","templated":true}]}}