{"id":29095,"date":"2025-06-12T16:00:52","date_gmt":"2025-06-12T13:00:52","guid":{"rendered":"https:\/\/akdenizhaber.com.tr\/?p=29095"},"modified":"2025-06-12T16:00:53","modified_gmt":"2025-06-12T13:00:53","slug":"antalyaspor-vakfi-mutevelli-heyeti-bulustu","status":"publish","type":"post","link":"https:\/\/akdenizhaber.com.tr\/index.php\/2025\/06\/12\/antalyaspor-vakfi-mutevelli-heyeti-bulustu\/","title":{"rendered":"Antalyaspor Vakf\u0131 M\u00fctevelli Heyeti bulu\u015ftu"},"content":{"rendered":"\n<p>Antalyaspor Vakf\u0131 M\u00fctevelli Heyeti, Ba\u015fkan G\u00fcltekin Gencer\u2019in ev sahipli\u011finde bir araya geldi. Bulu\u015fmada eski ve yeni \u00fcyeler kayna\u015ft\u0131. Vak\u0131f Ba\u015fkan\u0131 G\u00fcltekin Gencer, \u201cVak\u0131f olarak b\u00fcy\u00fcyor ve g\u00fc\u00e7leniyoruz\u201d diyerek birlik beraberlik mesaj\u0131 verdi<\/p>\n\n\n\n<p>Antalyaspor Vakf\u0131 M\u00fctevelli Heyeti, Ba\u015fkan G\u00fcltekin Gencer\u2019in ev sahipli\u011finde d\u00fczenlenen \u00f6zel bir bulu\u015fmada bir araya geldi. Toplant\u0131ya vakf\u0131n eski ve yeni m\u00fctevelli heyeti \u00fcyeleri kat\u0131ld\u0131. Samimi bir ortamda ger\u00e7ekle\u015fen gecede, ge\u00e7mi\u015fin tecr\u00fcbeleri ile yeni fikirlerin bulu\u015fmas\u0131 dikkat \u00e7ekti.<\/p>\n\n\n\n<p>BA\u015eKAN GENCER: G\u00dc\u00c7LEN\u0130YORUZ<\/p>\n\n\n\n<p>Etkinlikte konu\u015fan Vak\u0131f Ba\u015fkan\u0131 G\u00fcltekin Gencer, vakf\u0131n bug\u00fcne kadar yapt\u0131\u011f\u0131 \u00e7al\u0131\u015fmalara de\u011finerek gelecek hedeflerini payla\u015ft\u0131. \u201cVak\u0131f olarak b\u00fcy\u00fcyor ve g\u00fc\u00e7leniyoruz. Her \u015fey \u015fehrimizin tak\u0131m\u0131 Antalyaspor i\u00e7in\u201d diyen Gencer, kat\u0131l\u0131mc\u0131lar\u0131n g\u00f6sterdi\u011fi ilgi ve katk\u0131n\u0131n bu geli\u015fimde b\u00fcy\u00fck rol oynad\u0131\u011f\u0131n\u0131 vurgulad\u0131.<\/p>\n\n\n\n<p>\u00dcYELER D\u00dc\u015e\u00dcNCELER\u0130N\u0130 D\u0130LE GET\u0130RD\u0130<\/p>\n\n\n\n<p>G\u00fcltekin Gencer\u2019in ard\u0131ndan s\u00f6z alan eski B\u00fcy\u00fck\u015fehir Belediye Ba\u015fkan\u0131 Hasan Suba\u015f\u0131, vakf\u0131n son derece \u00f6nemli \u00e7al\u0131\u015fmalara imza att\u0131\u011f\u0131n\u0131 s\u00f6yledi. Suba\u015f\u0131\u2019n\u0131n ard\u0131ndan di\u011fer \u00fcyeler de s\u00f6z alarak d\u00fc\u015f\u00fcncelerini dile getirdi.&nbsp; Bulu\u015fma, \u00fcyelerin birbirini daha yak\u0131ndan tan\u0131d\u0131\u011f\u0131, fikir al\u0131\u015fveri\u015finde bulundu\u011fu s\u0131cak bir atmosferde ge\u00e7ti.<\/p>\n\n\n\n<p>Haber Merkezi<\/p>\n","protected":false},"excerpt":{"rendered":"<p>Antalyaspor Vakf\u0131 M\u00fctevelli Heyeti, Ba\u015fkan G\u00fcltekin Gencer\u2019in ev sahipli\u011finde bir araya geldi. Bulu\u015fmada eski ve yeni \u00fcyeler kayna\u015ft\u0131. Vak\u0131f Ba\u015fkan\u0131 G\u00fcltekin Gencer, \u201cVak\u0131f olarak b\u00fcy\u00fcyor <a href=\"https:\/\/akdenizhaber.com.tr\/index.php\/2025\/06\/12\/antalyaspor-vakfi-mutevelli-heyeti-bulustu\/\" class=\"read-more-link\">[more&#8230;]<\/a><\/p>\n","protected":false},"author":2,"featured_media":29096,"comment_status":"open","ping_status":"open","sticky":false,"template":"","format":"standard","meta":{"footnotes":""},"categories":[2],"tags":[],"class_list":["post-29095","post","type-post","status-publish","format-standard","has-post-thumbnail","hentry","category-gundem"],"_links":{"self":[{"href":"https:\/\/akdenizhaber.com.tr\/index.php\/wp-json\/wp\/v2\/posts\/29095","targetHints":{"allow":["GET"]}}],"collection":[{"href":"https:\/\/akdenizhaber.com.tr\/index.php\/wp-json\/wp\/v2\/posts"}],"about":[{"href":"https:\/\/akdenizhaber.com.tr\/index.php\/wp-json\/wp\/v2\/types\/post"}],"author":[{"embeddable":true,"href":"https:\/\/akdenizhaber.com.tr\/index.php\/wp-json\/wp\/v2\/users\/2"}],"replies":[{"embeddable":true,"href":"https:\/\/akdenizhaber.com.tr\/index.php\/wp-json\/wp\/v2\/comments?post=29095"}],"version-history":[{"count":1,"href":"https:\/\/akdenizhaber.com.tr\/index.php\/wp-json\/wp\/v2\/posts\/29095\/revisions"}],"predecessor-version":[{"id":29097,"href":"https:\/\/akdenizhaber.com.tr\/index.php\/wp-json\/wp\/v2\/posts\/29095\/revisions\/29097"}],"wp:featuredmedia":[{"embeddable":true,"href":"https:\/\/akdenizhaber.com.tr\/index.php\/wp-json\/wp\/v2\/media\/29096"}],"wp:attachment":[{"href":"https:\/\/akdenizhaber.com.tr\/index.php\/wp-json\/wp\/v2\/media?parent=29095"}],"wp:term":[{"taxonomy":"category","embeddable":true,"href":"https:\/\/akdenizhaber.com.tr\/index.php\/wp-json\/wp\/v2\/categories?post=29095"},{"taxonomy":"post_tag","embeddable":true,"href":"https:\/\/akdenizhaber.com.tr\/index.php\/wp-json\/wp\/v2\/tags?post=29095"}],"curies":[{"name":"wp","href":"https:\/\/api.w.org\/{rel}","templated":true}]}}