{"id":29087,"date":"2025-06-09T15:03:33","date_gmt":"2025-06-09T12:03:33","guid":{"rendered":"https:\/\/akdenizhaber.com.tr\/?p=29087"},"modified":"2025-06-09T15:03:42","modified_gmt":"2025-06-09T12:03:42","slug":"anahtar-parti-ilce-baskani-serafettin-avci-ulkede-iyi-gitmeyen-her-seye-itirazimiz-var","status":"publish","type":"post","link":"https:\/\/akdenizhaber.com.tr\/index.php\/2025\/06\/09\/anahtar-parti-ilce-baskani-serafettin-avci-ulkede-iyi-gitmeyen-her-seye-itirazimiz-var\/","title":{"rendered":"Anahtar Parti \u0130l\u00e7e Ba\u015fkan\u0131 \u015eerafettin Avc\u0131; \u00a0 \u201c\u00dclkede \u0130yi Gitmeyen Her \u015feye \u0130tiraz\u0131m\u0131z Var\u201d\u00a0\u00a0"},"content":{"rendered":"\n<p><\/p>\n\n\n\n<p>Anahtar Parti Manavgat il\u00e7e ba\u015fkanl\u0131\u011f\u0131nda d\u00fcn Kurban Bayram\u0131 kutlama program\u0131 d\u00fczenlendi.<\/p>\n\n\n\n<p>Bayramla\u015fma t\u00f6renine vatanda\u015flar\u0131n ve partililerin ilgisi yo\u011fun oldu.<\/p>\n\n\n\n<p>&nbsp; Anahtar Parti il\u00e7e ba\u015fkan\u0131, kad\u0131n kollar\u0131 y\u00f6netimleri, parti y\u00f6neticileri, \u00e7ok say\u0131da partili ile misafirlerin kat\u0131l\u0131m\u0131yla Kurban Bayram\u0131 bayramla\u015fma t\u00f6reni s\u0131cak bir atmosferde yap\u0131ld\u0131.<\/p>\n\n\n\n<p>&nbsp;&nbsp;&nbsp;&nbsp;&nbsp;&nbsp;&nbsp;&nbsp; D\u00fczenlenen Bayramla\u015fma program\u0131 boyunca partililer aras\u0131nda samimi bayramla\u015fmalar ya\u015fan\u0131rken, Anahtar Parti\u2019nin Manavgat\u2019ta siyasi y\u00fckseli\u015finin \u00f6n\u00fcm\u00fczdeki g\u00fcnlerde daha da yo\u011funla\u015faca\u011f\u0131na dikkat \u00e7eken \u0130l\u00e7e Ba\u015fkan\u0131 \u015eerafettin Avc\u0131 \u201c\u00dclkede iyi gitmeyen her ne olursa olsun Parti olarak itiraz\u0131m\u0131z var. Yerel siyasetten genel siyasete, Suriye meselesinden sahillerimizde ya\u015fanan a\u015f\u0131r\u0131 kirlili\u011fe, sivrisinek istilas\u0131na ve her t\u00fcrl\u00fc k\u00f6t\u00fc giden i\u015fe Anahtar Parti olarak itiraz ediyor, iktidar\u0131m\u0131zda bu konular\u0131n enine boyuna ele al\u0131narak d\u00fczeltilmesi anlam\u0131nda genel ba\u015fkan\u0131m\u0131z Say\u0131n Yavuz A\u011f\u0131ralio\u011flu ba\u015fkan\u0131m\u0131z ve ekibi taraf\u0131ndan haz\u0131rlanan yol haritas\u0131 ile t\u00fcm sorunlar\u0131n \u00fcstesinden gelece\u011fiz. T\u00fcrkiye\u2019de 81 il ve il\u00e7elerinde te\u015fkilatlar\u0131n\u0131 kuran \u00fc\u00e7\u00fcnc\u00fc parti olarak iktidara haz\u0131r\u0131z. CHP, Ak Parti ve Anahtar Parti te\u015fkilatlar\u0131n\u0131 olu\u015fturan \u00fc\u00e7 partidir. Halk\u0131m\u0131z\u0131n deste\u011fi ile ad\u0131m ad\u0131m iktidar yolculu\u011fumuz devam ediyor\u201d dedi.<\/p>\n\n\n\n<p>\u0130l\u00e7e Ba\u015fkan\u0131 \u015eerafettin Avc\u0131, Anahtar Parti genel merkez te\u015fkilat ba\u015fkan\u0131 Ayhan Erel ile g\u00f6r\u00fcnt\u00fcl\u00fc telefon g\u00f6r\u00fc\u015fmesi yaparak Manavgatl\u0131lar\u0131 selam ve sevgilerini ileterek bayramlar\u0131n\u0131 kutlad\u0131\u011f\u0131n\u0131 ifade etti, Te\u015fkilatlanma Ba\u015fkan\u0131 Ayhan Erel ise telefonla kat\u0131ld\u0131\u011f\u0131 bayramla\u015fma program\u0131nda Manavgatl\u0131lara \u015fu dileklerini iletti.<\/p>\n\n\n\n<p>\u201cBug\u00fcn burada, b\u00fcy\u00fck bir ailenin par\u00e7as\u0131 olarak sizlerle bayramla\u015fman\u0131n mutlulu\u011funu ya\u015f\u0131yorum. Anahtar Parti, Manavgat\u2019ta ad\u0131m ad\u0131m b\u00fcy\u00fcyor. Her ge\u00e7en g\u00fcn yeni kat\u0131l\u0131mlarla g\u00fc\u00e7lendi\u011fini izliyor ve takip ediyoruz. Art\u0131k Manavgat\u2019\u0131n bir anahtar\u0131 var! Bu anahtar; de\u011fi\u015fimin, umudun ve adaletin anahtar\u0131d\u0131r. Hepinizin bayram\u0131n\u0131 en i\u00e7ten dileklerimle kutluyor, sa\u011fl\u0131kl\u0131 ve mutlu g\u00fcnler diliyorum\u201d<\/p>\n\n\n\n<p>Konu\u015fmalar\u0131n sonunda Anahtar Parti Manavgat \u0130l\u00e7e ba\u015fkanl\u0131\u011f\u0131nca konuklara ikramda bulunuldu.<\/p>\n\n\n\n<p>B\u00fc\u015fra Deveci \/ Haber<\/p>\n","protected":false},"excerpt":{"rendered":"<p>Anahtar Parti Manavgat il\u00e7e ba\u015fkanl\u0131\u011f\u0131nda d\u00fcn Kurban Bayram\u0131 kutlama program\u0131 d\u00fczenlendi. Bayramla\u015fma t\u00f6renine vatanda\u015flar\u0131n ve partililerin ilgisi yo\u011fun oldu. &nbsp; Anahtar Parti il\u00e7e ba\u015fkan\u0131, kad\u0131n <a href=\"https:\/\/akdenizhaber.com.tr\/index.php\/2025\/06\/09\/anahtar-parti-ilce-baskani-serafettin-avci-ulkede-iyi-gitmeyen-her-seye-itirazimiz-var\/\" class=\"read-more-link\">[more&#8230;]<\/a><\/p>\n","protected":false},"author":2,"featured_media":29088,"comment_status":"open","ping_status":"open","sticky":false,"template":"","format":"standard","meta":{"footnotes":""},"categories":[2],"tags":[],"class_list":["post-29087","post","type-post","status-publish","format-standard","has-post-thumbnail","hentry","category-gundem"],"_links":{"self":[{"href":"https:\/\/akdenizhaber.com.tr\/index.php\/wp-json\/wp\/v2\/posts\/29087","targetHints":{"allow":["GET"]}}],"collection":[{"href":"https:\/\/akdenizhaber.com.tr\/index.php\/wp-json\/wp\/v2\/posts"}],"about":[{"href":"https:\/\/akdenizhaber.com.tr\/index.php\/wp-json\/wp\/v2\/types\/post"}],"author":[{"embeddable":true,"href":"https:\/\/akdenizhaber.com.tr\/index.php\/wp-json\/wp\/v2\/users\/2"}],"replies":[{"embeddable":true,"href":"https:\/\/akdenizhaber.com.tr\/index.php\/wp-json\/wp\/v2\/comments?post=29087"}],"version-history":[{"count":1,"href":"https:\/\/akdenizhaber.com.tr\/index.php\/wp-json\/wp\/v2\/posts\/29087\/revisions"}],"predecessor-version":[{"id":29089,"href":"https:\/\/akdenizhaber.com.tr\/index.php\/wp-json\/wp\/v2\/posts\/29087\/revisions\/29089"}],"wp:featuredmedia":[{"embeddable":true,"href":"https:\/\/akdenizhaber.com.tr\/index.php\/wp-json\/wp\/v2\/media\/29088"}],"wp:attachment":[{"href":"https:\/\/akdenizhaber.com.tr\/index.php\/wp-json\/wp\/v2\/media?parent=29087"}],"wp:term":[{"taxonomy":"category","embeddable":true,"href":"https:\/\/akdenizhaber.com.tr\/index.php\/wp-json\/wp\/v2\/categories?post=29087"},{"taxonomy":"post_tag","embeddable":true,"href":"https:\/\/akdenizhaber.com.tr\/index.php\/wp-json\/wp\/v2\/tags?post=29087"}],"curies":[{"name":"wp","href":"https:\/\/api.w.org\/{rel}","templated":true}]}}