{"id":29074,"date":"2025-06-09T14:59:52","date_gmt":"2025-06-09T11:59:52","guid":{"rendered":"https:\/\/akdenizhaber.com.tr\/?p=29074"},"modified":"2025-06-09T14:59:54","modified_gmt":"2025-06-09T11:59:54","slug":"ak-parti-manavgatta-bayramlasti","status":"publish","type":"post","link":"https:\/\/akdenizhaber.com.tr\/index.php\/2025\/06\/09\/ak-parti-manavgatta-bayramlasti\/","title":{"rendered":"Ak Parti Manavgat\u2019ta Bayramla\u015ft\u0131"},"content":{"rendered":"\n<p>AK Parti Manavgat \u0130l\u00e7e te\u015fkilat\u0131nda Kurban Bayram\u0131 dolay\u0131s\u0131yla bayramla\u015fma ger\u00e7ekle\u015ftirildi.<\/p>\n\n\n\n<p>Ak Parti \u0130l\u00e7e binas\u0131nda d\u00fczenlenen bayramla\u015fma t\u00f6renine eski milletvekili \u0130brahim Ayd\u0131n ve \u00e7ok say\u0131da vatanda\u015f kat\u0131ld\u0131.<\/p>\n\n\n\n<p>\u0130l\u00e7e Ba\u015fkan\u0131 Niyazi \u00dcnal, bayramlar\u0131n birliktelik, karde\u015flik ve huzur oldu\u011funa dikkat \u00e7ekerek kat\u0131lan t\u00fcm vatanda\u015flar\u0131n bayramlar\u0131n\u0131 kutlad\u0131.<\/p>\n\n\n\n<p>Ak Parti il\u00e7e ba\u015fkan\u0131 \u015f\u00f6yle konu\u015ftu; \u201cKurban Bayram\u0131, inanc\u0131m\u0131z\u0131n en g\u00fc\u00e7l\u00fc sembollerinden biridir. Allah\u2019a yak\u0131nla\u015fmay\u0131, yard\u0131mla\u015fmay\u0131 ve payla\u015fmay\u0131 hat\u0131rlatan bu kutlu zamanlarda, t\u00fcm hem\u015ferilerimizin bayram\u0131n\u0131 en i\u00e7ten dileklerimle kutluyorum. Ak Parti il\u00e7e te\u015fkilat\u0131 olarak her bayramda oldu\u011fu gibi bu y\u0131l da g\u00f6n\u00fcllere ula\u015fmak i\u00e7in b\u00fcy\u00fck bir \u00f6zveriyle \u00e7al\u0131\u015fmalar\u0131m\u0131za devam ediyoruz\u201d dedi.<\/p>\n\n\n\n<p>Konu\u015fmas\u0131n\u0131n sonunda ise Manavgat halk\u0131na ve \u0130slam \u00e2lemine bar\u0131\u015f, huzur ve sa\u011fl\u0131k dileyerek, bayram\u0131n ho\u015fg\u00f6r\u00fc ve sevgiyle ge\u00e7mesini temenni etti.<\/p>\n\n\n\n<p>B\u00fc\u015fra Deveci \/ Haber<\/p>\n","protected":false},"excerpt":{"rendered":"<p>AK Parti Manavgat \u0130l\u00e7e te\u015fkilat\u0131nda Kurban Bayram\u0131 dolay\u0131s\u0131yla bayramla\u015fma ger\u00e7ekle\u015ftirildi. Ak Parti \u0130l\u00e7e binas\u0131nda d\u00fczenlenen bayramla\u015fma t\u00f6renine eski milletvekili \u0130brahim Ayd\u0131n ve \u00e7ok say\u0131da vatanda\u015f <a href=\"https:\/\/akdenizhaber.com.tr\/index.php\/2025\/06\/09\/ak-parti-manavgatta-bayramlasti\/\" class=\"read-more-link\">[more&#8230;]<\/a><\/p>\n","protected":false},"author":2,"featured_media":29075,"comment_status":"open","ping_status":"open","sticky":false,"template":"","format":"standard","meta":{"footnotes":""},"categories":[2],"tags":[],"class_list":["post-29074","post","type-post","status-publish","format-standard","has-post-thumbnail","hentry","category-gundem"],"_links":{"self":[{"href":"https:\/\/akdenizhaber.com.tr\/index.php\/wp-json\/wp\/v2\/posts\/29074","targetHints":{"allow":["GET"]}}],"collection":[{"href":"https:\/\/akdenizhaber.com.tr\/index.php\/wp-json\/wp\/v2\/posts"}],"about":[{"href":"https:\/\/akdenizhaber.com.tr\/index.php\/wp-json\/wp\/v2\/types\/post"}],"author":[{"embeddable":true,"href":"https:\/\/akdenizhaber.com.tr\/index.php\/wp-json\/wp\/v2\/users\/2"}],"replies":[{"embeddable":true,"href":"https:\/\/akdenizhaber.com.tr\/index.php\/wp-json\/wp\/v2\/comments?post=29074"}],"version-history":[{"count":1,"href":"https:\/\/akdenizhaber.com.tr\/index.php\/wp-json\/wp\/v2\/posts\/29074\/revisions"}],"predecessor-version":[{"id":29076,"href":"https:\/\/akdenizhaber.com.tr\/index.php\/wp-json\/wp\/v2\/posts\/29074\/revisions\/29076"}],"wp:featuredmedia":[{"embeddable":true,"href":"https:\/\/akdenizhaber.com.tr\/index.php\/wp-json\/wp\/v2\/media\/29075"}],"wp:attachment":[{"href":"https:\/\/akdenizhaber.com.tr\/index.php\/wp-json\/wp\/v2\/media?parent=29074"}],"wp:term":[{"taxonomy":"category","embeddable":true,"href":"https:\/\/akdenizhaber.com.tr\/index.php\/wp-json\/wp\/v2\/categories?post=29074"},{"taxonomy":"post_tag","embeddable":true,"href":"https:\/\/akdenizhaber.com.tr\/index.php\/wp-json\/wp\/v2\/tags?post=29074"}],"curies":[{"name":"wp","href":"https:\/\/api.w.org\/{rel}","templated":true}]}}