{"id":29071,"date":"2025-06-09T14:59:11","date_gmt":"2025-06-09T11:59:11","guid":{"rendered":"https:\/\/akdenizhaber.com.tr\/?p=29071"},"modified":"2025-06-09T14:59:11","modified_gmt":"2025-06-09T11:59:11","slug":"akdeniz-universitesi-ailesi-kurban-bayramini-kutladi","status":"publish","type":"post","link":"https:\/\/akdenizhaber.com.tr\/index.php\/2025\/06\/09\/akdeniz-universitesi-ailesi-kurban-bayramini-kutladi\/","title":{"rendered":"Akdeniz \u00dcniversitesi ailesi Kurban Bayram\u0131\u2019n\u0131 kutlad\u0131"},"content":{"rendered":"\n<p>Akdeniz \u00dcniversitesi ailesi \u00fcyeleri akademik ve idari personeli, Kurban Bayram\u0131 dolay\u0131s\u0131yla bir araya gelerek bayramla\u015ft\u0131.<\/p>\n\n\n\n<p>Akdeniz \u00dcniversitesi Kurban Bayram\u0131 Bayramla\u015fma T\u00f6reni, Akdeniz \u00dcniversitesi Rekt\u00f6r\u00fc Prof. Dr. \u00d6zlenen \u00d6zkan\u2019\u0131n kat\u0131l\u0131m\u0131yla Atat\u00fcrk Konferans Salonu\u2019nda ger\u00e7ekle\u015ftirildi. T\u00f6rene Rekt\u00f6r \u00d6zkan\u2019\u0131n yan\u0131 s\u0131ra Rekt\u00f6r Yard\u0131mc\u0131lar\u0131 Prof. Dr. Ay\u015fe G\u00fclbin Ar\u0131c\u0131, Prof. Dr. Cengiz Toker, Prof. Dr. \u015e\u00fckr\u00fc \u00d6zen, Genel Sekreter Dr. Ali Evren \u0130mre, fak\u00fclte dekanlar\u0131, enstit\u00fc ve meslek y\u00fcksekokulu m\u00fcd\u00fcrleri ile \u00e7ok say\u0131da akademik ve idari personel kat\u0131ld\u0131.<\/p>\n\n\n\n<p>\u00dcN\u0130VERS\u0130TEM\u0130Z VE \u00dcLKEM\u0130Z \u0130\u00c7\u0130N EL B\u0130RL\u0130\u011e\u0130YLE \u00dcRETMEL\u0130Y\u0130Z<\/p>\n\n\n\n<p>Bayramlar\u0131n, birlik ve beraberli\u011fi peki\u015ftiren, de\u011ferleri yeniden hat\u0131rlatan \u00f6zel zamanlar oldu\u011funu s\u00f6yleyen Akdeniz \u00dcniversitesi Rekt\u00f6r\u00fc Prof. Dr. \u00d6zlenen \u00d6zkan \u201cKurban Bayram\u0131, ad\u0131ndan da anla\u015f\u0131laca\u011f\u0131 gibi fedak\u00e2rl\u0131k demektir. Yani bir ba\u015fkas\u0131 i\u00e7in bir \u015feyden g\u00f6n\u00fcll\u00fc olarak vazge\u00e7ebilmek. Sevdiklerimiz, \u00fclkemiz, inand\u0131\u011f\u0131m\u0131z de\u011ferler u\u011fruna gerekti\u011finde kendi konfor alan\u0131m\u0131zdan \u00e7\u0131kabilmek. Bug\u00fcnlerde bu duyguya her zamankinden fazla ihtiyac\u0131m\u0131z var. \u00c7\u00fcnk\u00fc i\u00e7inden ge\u00e7ti\u011fimiz d\u00f6nem, bizden tam da bunu istiyor: ki\u015fisel hesaplardan, konfor alanlar\u0131m\u0131zdan vazge\u00e7erek \u00fcniversitemiz ve \u00fclkemiz i\u00e7in el birli\u011fiyle \u00e7al\u0131\u015fmak, \u00fcretmek, \u00e7o\u011faltmak.\u201d dedi.<\/p>\n\n\n\n<p>BU YAZ BELK\u0130 DE B\u0130R D\u00d6N\u00dcM NOKTASI<\/p>\n\n\n\n<p>Akdeniz \u00dcniversitesi i\u00e7in yaz aylar\u0131nda bir d\u00f6n\u00fcm noktas\u0131 olaca\u011f\u0131na i\u015faret eden Rekt\u00f6r \u00d6zkan, \u201cBu yaz s\u0131radan bir yaz de\u011fil. Bu yaz belki de bir d\u00f6n\u00fcm noktas\u0131. Ara\u015ft\u0131rma \u00fcniversitesi olma hedefiyle \u00e7\u0131kt\u0131\u011f\u0131m\u0131z yolda en kritik virajlardan birindeyiz. Aylar, hatta y\u0131llard\u0131r s\u00fcren emeklerin, y\u00fcr\u00fct\u00fclen projelerin, gece g\u00fcnd\u00fcz demeden yap\u0131lan \u00e7al\u0131\u015fmalar\u0131n art\u0131k somut kar\u015f\u0131l\u0131\u011f\u0131n\u0131 almak \u00fczereyiz. Ve belki de bu t\u00f6ren, o a\u00e7\u0131klama yap\u0131lmadan \u00f6nce sizlerle y\u00fcz y\u00fcze bir araya geldi\u011fimiz son bulu\u015fmam\u0131z. \u0130\u015fte bu y\u00fczden bu bayramla\u015fma, s\u0131radan bir tebrikle\u015fmeden \u00e7ok daha fazlas\u0131. Bu bir vefa bulu\u015fmas\u0131. \u00dcniversitemizi ara\u015ft\u0131rma \u00fcniversitesi yapma hedefinde omuz omuza y\u00fcr\u00fcyen insanlar\u0131n bayram\u0131d\u0131r bu.\u201d \u015feklinde konu\u015ftu.<\/p>\n\n\n\n<p>B\u0130Z B\u00dcY\u00dcK B\u0130R A\u0130LEY\u0130Z<\/p>\n\n\n\n<p>Akdeniz \u00dcniversitesinin b\u00fcy\u00fck bir aile oldu\u011funu vurgulayan Rekt\u00f6r \u00d6zkan, \u201cBu ailenin en g\u00fc\u00e7l\u00fc ba\u011f\u0131, birlikte \u00fcretmeye duydu\u011fumuz tutkudur. Bu \u00fcniversite sadece bir kurum de\u011fil. Bu bina sadece duvarlardan, s\u0131n\u0131flardan ibaret de\u011fil. Bu yer; ayn\u0131 hayale inanan insanlar\u0131n yuvas\u0131. Bir \u00fclkenin kaderini, bilimin elleri \u015fekillendirir. Ve biz bu kaderin mimarlar\u0131y\u0131z. Sadece bug\u00fcn\u00fc de\u011fil, yar\u0131n\u0131 da in\u015fa ediyoruz. Bug\u00fcn verdi\u011fimiz her ders, yar\u0131n\u0131n hekimini, \u00f6\u011fretmenini, giri\u015fimcisini do\u011furuyor. Bug\u00fcn yazd\u0131\u011f\u0131m\u0131z her proje, \u00fclkenin bilim atlas\u0131na bir iz daha b\u0131rak\u0131yor. Ve i\u015fte tam da bu y\u00fczden, ki\u015fisel \u00e7\u0131karlar\u0131m\u0131zdan daha b\u00fcy\u00fck bir \u015fey i\u00e7in \u00e7al\u0131\u015f\u0131yoruz. Bizim i\u00e7in \u00f6nemli olan koltuklar de\u011fil, kurdu\u011fumuz de\u011ferler sistemi. \u00d6nemli olan kariyer planlar\u0131m\u0131z de\u011fil, birlikte y\u00fckseltti\u011fimiz bu kurumun itibar\u0131. \u00c7\u00fcnk\u00fc biliyoruz ki biz varsak, bu \u00fcniversite var. Bu \u00fcniversite g\u00fc\u00e7l\u00fcyse, T\u00fcrkiye g\u00fc\u00e7lenir. \u00dclkemiz i\u00e7in, Akdeniz \u00dcniversitesi i\u00e7in \u00e7al\u0131\u015fmaya devam edece\u011fiz.\u201d ifadelerini kulland\u0131.<\/p>\n\n\n\n<p>Kat\u0131l\u0131mc\u0131lar\u0131n Kurban Bayram\u0131\u2019n\u0131 kutlayan Rekt\u00f6r \u00d6zkan, konu\u015fmas\u0131n\u0131n ard\u0131ndan Akdeniz \u00dcniversitesi ailesi \u00fcyeleri bayramla\u015ft\u0131 ve iyi dilek, temennilerini iletti.<\/p>\n\n\n\n<p>Akdeniz \u00dcniversitesi Rekt\u00f6rl\u00fc\u011f\u00fc \/ B\u00fclten<\/p>\n","protected":false},"excerpt":{"rendered":"<p>Akdeniz \u00dcniversitesi ailesi \u00fcyeleri akademik ve idari personeli, Kurban Bayram\u0131 dolay\u0131s\u0131yla bir araya gelerek bayramla\u015ft\u0131. Akdeniz \u00dcniversitesi Kurban Bayram\u0131 Bayramla\u015fma T\u00f6reni, Akdeniz \u00dcniversitesi Rekt\u00f6r\u00fc Prof. <a href=\"https:\/\/akdenizhaber.com.tr\/index.php\/2025\/06\/09\/akdeniz-universitesi-ailesi-kurban-bayramini-kutladi\/\" class=\"read-more-link\">[more&#8230;]<\/a><\/p>\n","protected":false},"author":2,"featured_media":29072,"comment_status":"open","ping_status":"open","sticky":false,"template":"","format":"standard","meta":{"footnotes":""},"categories":[2],"tags":[],"class_list":["post-29071","post","type-post","status-publish","format-standard","has-post-thumbnail","hentry","category-gundem"],"_links":{"self":[{"href":"https:\/\/akdenizhaber.com.tr\/index.php\/wp-json\/wp\/v2\/posts\/29071","targetHints":{"allow":["GET"]}}],"collection":[{"href":"https:\/\/akdenizhaber.com.tr\/index.php\/wp-json\/wp\/v2\/posts"}],"about":[{"href":"https:\/\/akdenizhaber.com.tr\/index.php\/wp-json\/wp\/v2\/types\/post"}],"author":[{"embeddable":true,"href":"https:\/\/akdenizhaber.com.tr\/index.php\/wp-json\/wp\/v2\/users\/2"}],"replies":[{"embeddable":true,"href":"https:\/\/akdenizhaber.com.tr\/index.php\/wp-json\/wp\/v2\/comments?post=29071"}],"version-history":[{"count":1,"href":"https:\/\/akdenizhaber.com.tr\/index.php\/wp-json\/wp\/v2\/posts\/29071\/revisions"}],"predecessor-version":[{"id":29073,"href":"https:\/\/akdenizhaber.com.tr\/index.php\/wp-json\/wp\/v2\/posts\/29071\/revisions\/29073"}],"wp:featuredmedia":[{"embeddable":true,"href":"https:\/\/akdenizhaber.com.tr\/index.php\/wp-json\/wp\/v2\/media\/29072"}],"wp:attachment":[{"href":"https:\/\/akdenizhaber.com.tr\/index.php\/wp-json\/wp\/v2\/media?parent=29071"}],"wp:term":[{"taxonomy":"category","embeddable":true,"href":"https:\/\/akdenizhaber.com.tr\/index.php\/wp-json\/wp\/v2\/categories?post=29071"},{"taxonomy":"post_tag","embeddable":true,"href":"https:\/\/akdenizhaber.com.tr\/index.php\/wp-json\/wp\/v2\/tags?post=29071"}],"curies":[{"name":"wp","href":"https:\/\/api.w.org\/{rel}","templated":true}]}}