{"id":29066,"date":"2025-06-09T14:58:32","date_gmt":"2025-06-09T11:58:32","guid":{"rendered":"https:\/\/akdenizhaber.com.tr\/?p=29066"},"modified":"2025-06-09T14:58:33","modified_gmt":"2025-06-09T11:58:33","slug":"antalya-buyuksehir-belediyesinden-dunya-cevre-gunu-kutlamasi","status":"publish","type":"post","link":"https:\/\/akdenizhaber.com.tr\/index.php\/2025\/06\/09\/antalya-buyuksehir-belediyesinden-dunya-cevre-gunu-kutlamasi\/","title":{"rendered":"Antalya B\u00fcy\u00fck\u015fehir Belediyesi\u2019nden D\u00fcnya \u00c7evre G\u00fcn\u00fc kutlamas\u0131"},"content":{"rendered":"\n<p>Antalya B\u00fcy\u00fck\u015fehir Belediyesi, Kurban Bayram\u0131 arefesine denk gelen 5 Haziran D\u00fcnya \u00c7evre G\u00fcn\u00fc\u2019n\u00fc \u201cPlastik Kirlili\u011fine Dur De!\u201d temas\u0131yla d\u00fczenlenen etkinlikle kutlad\u0131. Antalya B\u00fcy\u00fck\u015fehir Belediyesi \u00c7evre E\u011fitim ve \u0130novasyon Merkezi\u2019nde ger\u00e7ekle\u015ftirilen t\u00f6rende konu\u015fan Ba\u015fkan Muhittin B\u00f6cek, \u201c\u00c7evre hepimizin ortak de\u011feri ve en k\u0131ymetli hazinemizdir. Antalya B\u00fcy\u00fck\u015fehir Belediyesi olarak bu sorumluluk ve bilin\u00e7le \u00e7evre ve do\u011fa dostu \u00e7al\u0131\u015fmalar\u0131m\u0131z\u0131 h\u0131z kesmeden s\u00fcrd\u00fcr\u00fcyoruz\u201d dedi.<\/p>\n\n\n\n<p>Antalya B\u00fcy\u00fck\u015fehir Belediyesi taraf\u0131ndan hizmete a\u00e7\u0131lan Karaalio\u011flu Park\u0131\u2019ndaki \u00c7evre E\u011fitim ve \u0130novasyon Merkezi\u2019nde \u201c\u00c7evrene \u0130yi Bak. Plastik Kirlili\u011fi \u2019ne Dur De!\u201d temas\u0131yla D\u00fcnya \u00c7evre G\u00fcn\u00fc etkinli\u011fi d\u00fczenlendi. Etkinli\u011fe Antalya B\u00fcy\u00fck\u015fehir Belediye Ba\u015fkan\u0131 Muhittin B\u00f6cek, meslek odalar\u0131, sivil toplum \u00f6rg\u00fctlerinin ba\u015fkanlar\u0131 ve temsilcileri, \u00e7evre dostlar\u0131 ve \u00e7ocuklar kat\u0131ld\u0131. Sayg\u0131 duru\u015fu ve \u0130stiklal Mar\u015f\u0131\u2019n\u0131n okunmas\u0131yla ba\u015flayan etkinli\u011fin a\u00e7\u0131l\u0131\u015f konu\u015fmas\u0131n\u0131 \u00e7evre ve do\u011fa dostu \u00e7al\u0131\u015fmalarla Antalya\u2019ya 2025 \u00c7evre Ba\u015fkenti \u00fcnvan\u0131n\u0131 kazand\u0131ran Ba\u015fkan Muhittin B\u00f6cek yapt\u0131.<\/p>\n\n\n\n<p>\u00c7EVRE VE DO\u011eA DOSTU \u00c7ALI\u015eMALARI ANLATTI<\/p>\n\n\n\n<p>Konu\u015fmas\u0131na \u201c\u00c7evre hepimizin ortak de\u011feri ve en k\u0131ymetli hazinemizdir\u201d diyerek ba\u015flayan Ba\u015fkan Muhittin B\u00f6cek, sadece bireysel \u00e7abalarla \u00e7evre sorunlar\u0131n\u0131n \u00e7\u00f6z\u00fclemeyece\u011fine dikkat \u00e7ekti. B\u00fcy\u00fck\u015fehir Belediyesi\u2019nin \u00e7evreyi ve do\u011fay\u0131 korumak ad\u0131na yapt\u0131\u011f\u0131 \u00e7al\u0131\u015fmalar\u0131 anlatan Ba\u015fkan Muhittin B\u00f6cek, \u201cT\u00fcrkiye\u2019de ilk olarak hayata ge\u00e7irdi\u011fimiz Elektronik Gemi Denetim Sistemi, \u00c7evre E\u011fitim ve \u0130novasyon Merkezi, 53 Megawat kurulu g\u00fc\u00e7te 145 bin hanenin elektrik t\u00fcketimine e\u015fde\u011fer G\u00fcne\u015f Enerji Santralleri ve biyok\u00fctle tesisleri,&nbsp; \u00e7at\u0131s\u0131nda ilk depolamal\u0131 GES kuran kamu binas\u0131, T\u00fcrkiye\u2019de ilk olarak Belediye ve ASAT Binam\u0131za TSE taraf\u0131ndan verilen \u0130klim Dostu Kurulu\u015f Belgesi, Zirai ila\u00e7 ambalaj at\u0131klar\u0131 ile m\u00fccadelede ilk olan \u00c7evre Dostu \u00c7ift\u00e7i Kart projemiz, hayalet a\u011f olarak bilinen bal\u0131k\u00e7\u0131 at\u0131k a\u011flar\u0131 ile m\u00fccadele \u00e7al\u0131\u015fmalar\u0131m\u0131z ile \u00f6rnek bir belediyeyiz\u201d dedi.<\/p>\n\n\n\n<p>ANTALYA\u2019NIN DEN\u0130Z\u0130N\u0130 KORUYAN PROJELER<\/p>\n\n\n\n<p>Ba\u015fkan Muhittin B\u00f6cek Antalya\u2019n\u0131n denizini korumak i\u00e7in de \u00f6nemli \u00e7al\u0131\u015fmalara imza att\u0131klar\u0131n\u0131 belirterek, \u201cAntalya B\u00fcy\u00fck\u015fehir Belediyesi taraf\u0131ndan kurulan 8 gemi at\u0131k al\u0131m tesisi, Antalya\u2019n\u0131n ilk defa tan\u0131\u015ft\u0131\u011f\u0131 deniz s\u00fcp\u00fcrgesi ve at\u0131k al\u0131m gemisi, yenileri eklenen ve kapasite art\u0131\u015f\u0131 yap\u0131lan 36 at\u0131ksu ar\u0131tma tesisi ve 805 km kanalizasyon hatt\u0131, yeni derin deniz de\u015farj hatlar\u0131m\u0131z ile 233 Mavi Bayrakl\u0131 plaj\u0131yla D\u00fcnyan\u0131n en fazla Mavi Bayra\u011f\u0131na sahip kent olma ba\u015far\u0131m\u0131z\u0131 s\u00fcrd\u00fcr\u00fcyoruz. At\u0131ksu ar\u0131tma tesisi \u00e7\u0131k\u0131\u015f suyunun tar\u0131mda kullan\u0131lmas\u0131, dikti\u011fimiz 2 milyonun \u00fczerinde fide-fidan, kurak\u00e7\u0131l peyzaj, s\u00fcnger kent uygulamalar\u0131 ve daha bir\u00e7ok projemiz ve yapt\u0131\u011f\u0131m\u0131z \u00f6rnek \u00e7al\u0131\u015fmalar sadece \u00fclkemizde de\u011fil s\u0131n\u0131rlar\u0131 a\u015farak d\u00fcnyadan da \u00f6vg\u00fcler almakta ve \u00f6d\u00fcllere lay\u0131k g\u00f6r\u00fclmektedir. Son 6 y\u0131lda ulusal ve uluslararas\u0131 alanda ald\u0131\u011f\u0131m\u0131z 24 \u00e7evre \u00f6d\u00fcl\u00fc bunun en a\u00e7\u0131k g\u00f6stergesidir\u201d dedi.<\/p>\n\n\n\n<p>BA\u015eKAN B\u00d6CEK MERKEZ\u0130 GEZD\u0130<\/p>\n\n\n\n<p>Ba\u015fkan B\u00f6cek konu\u015fmas\u0131n\u0131n ard\u0131ndan \u00f6nce etkinlik alan\u0131ndaki \u00e7evre derneklerinin stantlar\u0131n\u0131 gezdi, at\u00f6lye \u00e7al\u0131\u015fmalar\u0131n\u0131 izledi. Geri d\u00f6n\u00fc\u015f\u00fcm sanat\u00e7\u0131s\u0131 Ayd\u0131n Yal\u00e7\u0131nkaya, Ba\u015fkan Muhittin B\u00f6cek\u2019e hal\u0131lar\u0131n at\u0131k par\u00e7alar\u0131ndan yapt\u0131\u011f\u0131 tablosunu hediye etti. &nbsp;Ba\u015fkan Muhittin B\u00f6cek daha sonra da \u00c7evre E\u011fitim ve \u0130novasyon Merkezi\u2019ni gezerek at\u0131ktan sanata d\u00f6n\u00fc\u015fen eserleri inceledi. Burada Ba\u015fkan Muhittin B\u00f6cek\u2019e \u00c7evre E\u011fitim ve \u0130novasyon Merkezi&#8217;nde geli\u015ftirilen \u201cAt\u0131k Plastik D\u00f6n\u00fc\u015f\u00fcm \u00dcnitesi\u2019nde plastik at\u0131klar\u0131n i\u015flenerek anahtarl\u0131k ve bardak altl\u0131\u011f\u0131 gibi \u00fcr\u00fcnlere d\u00f6n\u00fc\u015ft\u00fcr\u00fclmesi konusunda bilgi verildi. Etkinli\u011fe kat\u0131lan \u00f6\u011frenciler de hem \u00e7evre bilincini \u00f6\u011fretici \u00e7al\u0131\u015fmalar yapt\u0131 hem de etkinlik yerine kurulan \u00f6zel alanlarda e\u011flenceli oyunlar oynad\u0131.<\/p>\n\n\n\n<p>Antalya B\u00fcy\u00fck\u015fehir Belediyesi \/ B\u00fclten<\/p>\n","protected":false},"excerpt":{"rendered":"<p>Antalya B\u00fcy\u00fck\u015fehir Belediyesi, Kurban Bayram\u0131 arefesine denk gelen 5 Haziran D\u00fcnya \u00c7evre G\u00fcn\u00fc\u2019n\u00fc \u201cPlastik Kirlili\u011fine Dur De!\u201d temas\u0131yla d\u00fczenlenen etkinlikle kutlad\u0131. Antalya B\u00fcy\u00fck\u015fehir Belediyesi \u00c7evre <a href=\"https:\/\/akdenizhaber.com.tr\/index.php\/2025\/06\/09\/antalya-buyuksehir-belediyesinden-dunya-cevre-gunu-kutlamasi\/\" class=\"read-more-link\">[more&#8230;]<\/a><\/p>\n","protected":false},"author":2,"featured_media":29067,"comment_status":"open","ping_status":"open","sticky":false,"template":"","format":"standard","meta":{"footnotes":""},"categories":[2],"tags":[],"class_list":["post-29066","post","type-post","status-publish","format-standard","has-post-thumbnail","hentry","category-gundem"],"_links":{"self":[{"href":"https:\/\/akdenizhaber.com.tr\/index.php\/wp-json\/wp\/v2\/posts\/29066","targetHints":{"allow":["GET"]}}],"collection":[{"href":"https:\/\/akdenizhaber.com.tr\/index.php\/wp-json\/wp\/v2\/posts"}],"about":[{"href":"https:\/\/akdenizhaber.com.tr\/index.php\/wp-json\/wp\/v2\/types\/post"}],"author":[{"embeddable":true,"href":"https:\/\/akdenizhaber.com.tr\/index.php\/wp-json\/wp\/v2\/users\/2"}],"replies":[{"embeddable":true,"href":"https:\/\/akdenizhaber.com.tr\/index.php\/wp-json\/wp\/v2\/comments?post=29066"}],"version-history":[{"count":1,"href":"https:\/\/akdenizhaber.com.tr\/index.php\/wp-json\/wp\/v2\/posts\/29066\/revisions"}],"predecessor-version":[{"id":29070,"href":"https:\/\/akdenizhaber.com.tr\/index.php\/wp-json\/wp\/v2\/posts\/29066\/revisions\/29070"}],"wp:featuredmedia":[{"embeddable":true,"href":"https:\/\/akdenizhaber.com.tr\/index.php\/wp-json\/wp\/v2\/media\/29067"}],"wp:attachment":[{"href":"https:\/\/akdenizhaber.com.tr\/index.php\/wp-json\/wp\/v2\/media?parent=29066"}],"wp:term":[{"taxonomy":"category","embeddable":true,"href":"https:\/\/akdenizhaber.com.tr\/index.php\/wp-json\/wp\/v2\/categories?post=29066"},{"taxonomy":"post_tag","embeddable":true,"href":"https:\/\/akdenizhaber.com.tr\/index.php\/wp-json\/wp\/v2\/tags?post=29066"}],"curies":[{"name":"wp","href":"https:\/\/api.w.org\/{rel}","templated":true}]}}