{"id":29056,"date":"2025-06-09T14:52:07","date_gmt":"2025-06-09T11:52:07","guid":{"rendered":"https:\/\/akdenizhaber.com.tr\/?p=29056"},"modified":"2025-06-09T14:52:09","modified_gmt":"2025-06-09T11:52:09","slug":"manavgat-belediyesi-gures-kulubunden-antalya-il-secmelerinde-buyuk-basari","status":"publish","type":"post","link":"https:\/\/akdenizhaber.com.tr\/index.php\/2025\/06\/09\/manavgat-belediyesi-gures-kulubunden-antalya-il-secmelerinde-buyuk-basari\/","title":{"rendered":"Manavgat Belediyesi G\u00fcre\u015f Kul\u00fcb\u00fc\u2019nden Antalya \u0130l Se\u00e7melerinde B\u00fcy\u00fck Ba\u015far\u0131"},"content":{"rendered":"\n<p>Manavgat Belediyesi G\u00fcre\u015f Kul\u00fcb\u00fc sporcular\u0131, Antalya\u2019da d\u00fczenlenen U11-U12-U13-U14 Serbest ve Greko-Romen \u0130l Se\u00e7melerinde b\u00fcy\u00fck bir ba\u015far\u0131ya imza atarak 23 madalya kazand\u0131. \u0130l birincisi olan 11 ba\u015far\u0131l\u0131 sporcu, Sivas\u2019ta d\u00fczenlenecek olan <strong>T\u00fcrkiye \u015eampiyonas\u0131\u2019na<\/strong> kat\u0131lmaya hak kazand\u0131.<\/p>\n\n\n\n<p>BA\u015eKAN KARA\u2019DAN TEBR\u0130K MESAJI<\/p>\n\n\n\n<p>Manavgat Belediye Ba\u015fkan\u0131 Op. Dr. Niyazi Nefi Kara, sporcular\u0131 ve antren\u00f6r ekibini kutlad\u0131. Ba\u015fkan Kara, \u201cSpora ve sporcular\u0131m\u0131za verdi\u011fimiz deste\u011fin kar\u015f\u0131l\u0131\u011f\u0131na g\u00f6rmek bizlerin de motivasyonunu art\u0131r\u0131yor. Manavgat\u2019\u0131n ad\u0131n\u0131 d\u00fcnya \u00e7ap\u0131nda duyuracak sporcular\u0131 yeti\u015ftirece\u011fimize inan\u0131yoruz ve bunun i\u00e7in var g\u00fcc\u00fcm\u00fczle \u00e7al\u0131\u015f\u0131yoruz. T\u00fcrkiye \u015eampiyonas\u0131\u2019nda m\u00fccadele edecek t\u00fcm sporcular\u0131m\u0131za \u015fimdiden ba\u015far\u0131lar diliyorum.\u201d dedi.<br>T\u00fcrkiye \u015eampiyonas\u0131\u2019na kat\u0131lma hakk\u0131 kazanan sporcular:<\/p>\n\n\n\n<p>Emir \u0130hsan Bacaks\u0131z<\/p>\n\n\n\n<p>Ali K\u00fc\u00e7\u00fck<\/p>\n\n\n\n<p>Ahmet Mete Var\u0131\u015f<\/p>\n\n\n\n<p>Mehmet \u0130brad\u0131<\/p>\n\n\n\n<p>Umut Altay<\/p>\n\n\n\n<p>Tu\u011frahan \u015eahan<\/p>\n\n\n\n<p>Mahir Can \u00c7\u0131nar<\/p>\n\n\n\n<p>Hasan Kara<\/p>\n\n\n\n<p>Mustafa Kemal Boz<\/p>\n\n\n\n<p>Ali Emir Oral<\/p>\n\n\n\n<p>Mustafa \u00c7a\u011fatay Karademir<\/p>\n\n\n\n<p>\u0130kincilik elde eden sporcular:<\/p>\n\n\n\n<p>Mustafa Eren Y\u00fcksel<\/p>\n\n\n\n<p>Muhammed Efe Keskin<\/p>\n\n\n\n<p>Adem O\u011fuzhan Dere<\/p>\n\n\n\n<p>Polat Demir\u00f6z<\/p>\n\n\n\n<p>Hayrettin Durmaz<\/p>\n\n\n\n<p>\u00dc\u00e7\u00fcnc\u00fcl\u00fck elde eden sporcular:<\/p>\n\n\n\n<p>Mehmet Can Y\u0131lmaz<\/p>\n\n\n\n<p>Mustafa Azakl\u0131<\/p>\n\n\n\n<p>Koray Kara<\/p>\n\n\n\n<p>Arif Karatepe<\/p>\n\n\n\n<p>Yi\u011fit Can Ate\u015f<\/p>\n\n\n\n<p>Erdem Ate\u015f<\/p>\n\n\n\n<p>Erkan Can G\u00fcm\u00fc\u015f<\/p>\n\n\n\n<p>Manavgat Belediyesi G\u00fcre\u015f Kul\u00fcb\u00fc; 11 birincilik, 5 ikincilik ve 7 \u00fc\u00e7\u00fcnc\u00fcl\u00fck elde ederek toplamda <strong>23 madalyayla<\/strong> se\u00e7meleri tamamlad\u0131.<\/p>\n\n\n\n<p>Manavgat Belediyesi \/ B\u00fclten<\/p>\n","protected":false},"excerpt":{"rendered":"<p>Manavgat Belediyesi G\u00fcre\u015f Kul\u00fcb\u00fc sporcular\u0131, Antalya\u2019da d\u00fczenlenen U11-U12-U13-U14 Serbest ve Greko-Romen \u0130l Se\u00e7melerinde b\u00fcy\u00fck bir ba\u015far\u0131ya imza atarak 23 madalya kazand\u0131. \u0130l birincisi olan 11 <a href=\"https:\/\/akdenizhaber.com.tr\/index.php\/2025\/06\/09\/manavgat-belediyesi-gures-kulubunden-antalya-il-secmelerinde-buyuk-basari\/\" class=\"read-more-link\">[more&#8230;]<\/a><\/p>\n","protected":false},"author":2,"featured_media":29057,"comment_status":"open","ping_status":"open","sticky":false,"template":"","format":"standard","meta":{"footnotes":""},"categories":[2],"tags":[],"class_list":["post-29056","post","type-post","status-publish","format-standard","has-post-thumbnail","hentry","category-gundem"],"_links":{"self":[{"href":"https:\/\/akdenizhaber.com.tr\/index.php\/wp-json\/wp\/v2\/posts\/29056","targetHints":{"allow":["GET"]}}],"collection":[{"href":"https:\/\/akdenizhaber.com.tr\/index.php\/wp-json\/wp\/v2\/posts"}],"about":[{"href":"https:\/\/akdenizhaber.com.tr\/index.php\/wp-json\/wp\/v2\/types\/post"}],"author":[{"embeddable":true,"href":"https:\/\/akdenizhaber.com.tr\/index.php\/wp-json\/wp\/v2\/users\/2"}],"replies":[{"embeddable":true,"href":"https:\/\/akdenizhaber.com.tr\/index.php\/wp-json\/wp\/v2\/comments?post=29056"}],"version-history":[{"count":1,"href":"https:\/\/akdenizhaber.com.tr\/index.php\/wp-json\/wp\/v2\/posts\/29056\/revisions"}],"predecessor-version":[{"id":29058,"href":"https:\/\/akdenizhaber.com.tr\/index.php\/wp-json\/wp\/v2\/posts\/29056\/revisions\/29058"}],"wp:featuredmedia":[{"embeddable":true,"href":"https:\/\/akdenizhaber.com.tr\/index.php\/wp-json\/wp\/v2\/media\/29057"}],"wp:attachment":[{"href":"https:\/\/akdenizhaber.com.tr\/index.php\/wp-json\/wp\/v2\/media?parent=29056"}],"wp:term":[{"taxonomy":"category","embeddable":true,"href":"https:\/\/akdenizhaber.com.tr\/index.php\/wp-json\/wp\/v2\/categories?post=29056"},{"taxonomy":"post_tag","embeddable":true,"href":"https:\/\/akdenizhaber.com.tr\/index.php\/wp-json\/wp\/v2\/tags?post=29056"}],"curies":[{"name":"wp","href":"https:\/\/api.w.org\/{rel}","templated":true}]}}