{"id":29052,"date":"2025-06-09T14:51:04","date_gmt":"2025-06-09T11:51:04","guid":{"rendered":"https:\/\/akdenizhaber.com.tr\/?p=29052"},"modified":"2025-06-09T14:51:06","modified_gmt":"2025-06-09T11:51:06","slug":"personele-yonelik-uygulamali-proje-egitimi","status":"publish","type":"post","link":"https:\/\/akdenizhaber.com.tr\/index.php\/2025\/06\/09\/personele-yonelik-uygulamali-proje-egitimi\/","title":{"rendered":"Personele Y\u00f6nelik Uygulamal\u0131 Proje E\u011fitimi"},"content":{"rendered":"\n<p>Manavgat Belediyesi, \u00e7al\u0131\u015fanlar\u0131n\u0131n ki\u015fisel ve mesleki geli\u015fimlerine katk\u0131 sa\u011flamak amac\u0131yla y\u00fcr\u00fctt\u00fc\u011f\u00fc e\u011fitim programlar\u0131na bir yenisini daha ekledi. Bu kapsamda, belediye b\u00fcnyesindeki birim y\u00f6neticileri ve uzman personelin kat\u0131l\u0131m\u0131yla \u201cUygulamal\u0131 Proje D\u00f6ng\u00fcs\u00fc Y\u00f6netimi E\u011fitimi\u201d ger\u00e7ekle\u015ftirildi.<\/p>\n\n\n\n<p>E\u011fitim, kamu y\u00f6netimi ve yerel y\u00f6netimlerde proje \u00fcretme kapasitesinin g\u00fc\u00e7lendirilmesini hedeflerken; kat\u0131l\u0131mc\u0131lar\u0131n uygulamal\u0131 bilgi ve beceri kazanmalar\u0131 ama\u00e7land\u0131. Program boyunca, belediye personeline proje haz\u0131rl\u0131k s\u00fcre\u00e7lerinde ihtiya\u00e7 duyulan bir\u00e7ok temel ba\u015fl\u0131kta kapsaml\u0131 i\u00e7erikler sunuldu.<\/p>\n\n\n\n<p><strong>PROJE D\u00d6NG\u00dcS\u00dcN\u00dcN HER A\u015eAMASI UYGULAMALI OLARAK ELE ALINDI<\/strong><\/p>\n\n\n\n<p>E\u011fitim s\u00fcrecinde kat\u0131l\u0131mc\u0131lar, proje fikrinin ortaya \u00e7\u0131kmas\u0131ndan tamamlanmas\u0131na kadar ge\u00e7en t\u00fcm a\u015famalar\u0131 ad\u0131m ad\u0131m uygulamal\u0131 olarak \u00f6\u011frendi. \u201cProje D\u00f6ng\u00fcs\u00fc Y\u00f6netimi\u201d ba\u015fl\u0131\u011f\u0131 alt\u0131nda, kat\u0131l\u0131mc\u0131lara sorun analizi, payda\u015f analizi, hedef belirleme, mant\u0131ksal \u00e7er\u00e7eve matrisi olu\u015fturma, faaliyet planlama ve b\u00fct\u00e7e kurgulama konular\u0131nda teorik ve pratik bilgiler verildi.<\/p>\n\n\n\n<p>Manavgat Belediyesi\u2019nin bu \u00f6nemli e\u011fitim program\u0131, iki de\u011ferli akademisyenin rehberli\u011finde ger\u00e7ekle\u015ftirildi. Erzincan Binali Y\u0131ld\u0131r\u0131m \u00dcniversitesi \u00d6\u011fretim \u00dcyesi Do\u00e7. Dr. Ahmet Yazar ile Akdeniz \u00dcniversitesi Kumluca Meslek Y\u00fcksekokulu \u00d6\u011fretim G\u00f6revlisi Dr. Caner Erdo\u011fan taraf\u0131ndan verilen e\u011fitimlerde, akademik bilgi ile saha tecr\u00fcbesi harmanlanarak kat\u0131l\u0131mc\u0131lara aktar\u0131lm\u0131\u015f oldu.<\/p>\n\n\n\n<p>Manavgat Belediyesi, \u00e7al\u0131\u015fanlar\u0131n\u0131n mesleki yeterliliklerini art\u0131rmak ad\u0131na e\u011fitim \u00e7al\u0131\u015fmalar\u0131n\u0131 s\u00fcrd\u00fcrecek.<\/p>\n\n\n\n<p>Manavgat Belediyesi \/ B\u00fclten<\/p>\n","protected":false},"excerpt":{"rendered":"<p>Manavgat Belediyesi, \u00e7al\u0131\u015fanlar\u0131n\u0131n ki\u015fisel ve mesleki geli\u015fimlerine katk\u0131 sa\u011flamak amac\u0131yla y\u00fcr\u00fctt\u00fc\u011f\u00fc e\u011fitim programlar\u0131na bir yenisini daha ekledi. Bu kapsamda, belediye b\u00fcnyesindeki birim y\u00f6neticileri ve uzman <a href=\"https:\/\/akdenizhaber.com.tr\/index.php\/2025\/06\/09\/personele-yonelik-uygulamali-proje-egitimi\/\" class=\"read-more-link\">[more&#8230;]<\/a><\/p>\n","protected":false},"author":2,"featured_media":29053,"comment_status":"open","ping_status":"open","sticky":false,"template":"","format":"standard","meta":{"footnotes":""},"categories":[2],"tags":[],"class_list":["post-29052","post","type-post","status-publish","format-standard","has-post-thumbnail","hentry","category-gundem"],"_links":{"self":[{"href":"https:\/\/akdenizhaber.com.tr\/index.php\/wp-json\/wp\/v2\/posts\/29052","targetHints":{"allow":["GET"]}}],"collection":[{"href":"https:\/\/akdenizhaber.com.tr\/index.php\/wp-json\/wp\/v2\/posts"}],"about":[{"href":"https:\/\/akdenizhaber.com.tr\/index.php\/wp-json\/wp\/v2\/types\/post"}],"author":[{"embeddable":true,"href":"https:\/\/akdenizhaber.com.tr\/index.php\/wp-json\/wp\/v2\/users\/2"}],"replies":[{"embeddable":true,"href":"https:\/\/akdenizhaber.com.tr\/index.php\/wp-json\/wp\/v2\/comments?post=29052"}],"version-history":[{"count":1,"href":"https:\/\/akdenizhaber.com.tr\/index.php\/wp-json\/wp\/v2\/posts\/29052\/revisions"}],"predecessor-version":[{"id":29054,"href":"https:\/\/akdenizhaber.com.tr\/index.php\/wp-json\/wp\/v2\/posts\/29052\/revisions\/29054"}],"wp:featuredmedia":[{"embeddable":true,"href":"https:\/\/akdenizhaber.com.tr\/index.php\/wp-json\/wp\/v2\/media\/29053"}],"wp:attachment":[{"href":"https:\/\/akdenizhaber.com.tr\/index.php\/wp-json\/wp\/v2\/media?parent=29052"}],"wp:term":[{"taxonomy":"category","embeddable":true,"href":"https:\/\/akdenizhaber.com.tr\/index.php\/wp-json\/wp\/v2\/categories?post=29052"},{"taxonomy":"post_tag","embeddable":true,"href":"https:\/\/akdenizhaber.com.tr\/index.php\/wp-json\/wp\/v2\/tags?post=29052"}],"curies":[{"name":"wp","href":"https:\/\/api.w.org\/{rel}","templated":true}]}}