{"id":29048,"date":"2025-06-09T14:50:21","date_gmt":"2025-06-09T11:50:21","guid":{"rendered":"https:\/\/akdenizhaber.com.tr\/?p=29048"},"modified":"2025-06-09T14:50:22","modified_gmt":"2025-06-09T11:50:22","slug":"manavgat-belediyesi-side-genclik-merkezinden-yil-sonu-sergisi","status":"publish","type":"post","link":"https:\/\/akdenizhaber.com.tr\/index.php\/2025\/06\/09\/manavgat-belediyesi-side-genclik-merkezinden-yil-sonu-sergisi\/","title":{"rendered":"Manavgat Belediyesi Side Gen\u00e7lik Merkezi\u2019nden Y\u0131l Sonu Sergisi"},"content":{"rendered":"\n<p>Manavgat Belediyesi Side Gen\u00e7lik Merkezi, y\u0131l boyunca ger\u00e7ekle\u015ftirilen e\u011fitimler ve at\u00f6lye \u00e7al\u0131\u015fmalar\u0131nda haz\u0131rlanan eserlerden olu\u015fan y\u0131l sonu sergisine ev sahipli\u011fi yapt\u0131. B\u00fcy\u00fck bir emek ve \u00f6zveriyle ortaya konan eserlerin yer ald\u0131\u011f\u0131 serginin a\u00e7\u0131l\u0131\u015f\u0131na, sanatseverlerin ve ailelerin yo\u011fun ilgisi vard\u0131. Manavgat Belediye Ba\u015fkan\u0131 Op. Dr. Niyazi Nefi Kara\u2019n\u0131n e\u015fi Dr. Hacer Ceyhan Kara, belediye ba\u015fkan yard\u0131mc\u0131lar\u0131 ve bir\u00e7ok davetlinin kat\u0131l\u0131m\u0131yla ger\u00e7ekle\u015fen sergi a\u00e7\u0131l\u0131\u015f\u0131, renkli g\u00f6r\u00fcnt\u00fclere sahne oldu.<\/p>\n\n\n\n<p>Manavgat Belediyesi Side Gen\u00e7lik Merkezi, y\u0131l boyunca d\u00fczenledi\u011fi at\u00f6lyeler, e\u011fitim programlar\u0131 ve sosyal etkinliklerle gen\u00e7lerin ki\u015fisel geli\u015fimlerine katk\u0131 sunmaya devam ediyor.<\/p>\n\n\n\n<p>Manavgat Belediyesi \/ B\u00fclten<\/p>\n","protected":false},"excerpt":{"rendered":"<p>Manavgat Belediyesi Side Gen\u00e7lik Merkezi, y\u0131l boyunca ger\u00e7ekle\u015ftirilen e\u011fitimler ve at\u00f6lye \u00e7al\u0131\u015fmalar\u0131nda haz\u0131rlanan eserlerden olu\u015fan y\u0131l sonu sergisine ev sahipli\u011fi yapt\u0131. B\u00fcy\u00fck bir emek ve <a href=\"https:\/\/akdenizhaber.com.tr\/index.php\/2025\/06\/09\/manavgat-belediyesi-side-genclik-merkezinden-yil-sonu-sergisi\/\" class=\"read-more-link\">[more&#8230;]<\/a><\/p>\n","protected":false},"author":2,"featured_media":29049,"comment_status":"open","ping_status":"open","sticky":false,"template":"","format":"standard","meta":{"footnotes":""},"categories":[2],"tags":[],"class_list":["post-29048","post","type-post","status-publish","format-standard","has-post-thumbnail","hentry","category-gundem"],"_links":{"self":[{"href":"https:\/\/akdenizhaber.com.tr\/index.php\/wp-json\/wp\/v2\/posts\/29048","targetHints":{"allow":["GET"]}}],"collection":[{"href":"https:\/\/akdenizhaber.com.tr\/index.php\/wp-json\/wp\/v2\/posts"}],"about":[{"href":"https:\/\/akdenizhaber.com.tr\/index.php\/wp-json\/wp\/v2\/types\/post"}],"author":[{"embeddable":true,"href":"https:\/\/akdenizhaber.com.tr\/index.php\/wp-json\/wp\/v2\/users\/2"}],"replies":[{"embeddable":true,"href":"https:\/\/akdenizhaber.com.tr\/index.php\/wp-json\/wp\/v2\/comments?post=29048"}],"version-history":[{"count":1,"href":"https:\/\/akdenizhaber.com.tr\/index.php\/wp-json\/wp\/v2\/posts\/29048\/revisions"}],"predecessor-version":[{"id":29050,"href":"https:\/\/akdenizhaber.com.tr\/index.php\/wp-json\/wp\/v2\/posts\/29048\/revisions\/29050"}],"wp:featuredmedia":[{"embeddable":true,"href":"https:\/\/akdenizhaber.com.tr\/index.php\/wp-json\/wp\/v2\/media\/29049"}],"wp:attachment":[{"href":"https:\/\/akdenizhaber.com.tr\/index.php\/wp-json\/wp\/v2\/media?parent=29048"}],"wp:term":[{"taxonomy":"category","embeddable":true,"href":"https:\/\/akdenizhaber.com.tr\/index.php\/wp-json\/wp\/v2\/categories?post=29048"},{"taxonomy":"post_tag","embeddable":true,"href":"https:\/\/akdenizhaber.com.tr\/index.php\/wp-json\/wp\/v2\/tags?post=29048"}],"curies":[{"name":"wp","href":"https:\/\/api.w.org\/{rel}","templated":true}]}}