{"id":29045,"date":"2025-06-09T14:49:14","date_gmt":"2025-06-09T11:49:14","guid":{"rendered":"https:\/\/akdenizhaber.com.tr\/?p=29045"},"modified":"2025-06-09T14:49:15","modified_gmt":"2025-06-09T11:49:15","slug":"manavgatta-turku-dolu-aksam","status":"publish","type":"post","link":"https:\/\/akdenizhaber.com.tr\/index.php\/2025\/06\/09\/manavgatta-turku-dolu-aksam\/","title":{"rendered":"Manavgat\u2019ta T\u00fcrk\u00fc Dolu Ak\u015fam"},"content":{"rendered":"\n<p>Manavgat Belediyesi\u2019nin ev sahipli\u011finde, Antalya B\u00fcy\u00fck\u015fehir Belediyesi\u2019nin katk\u0131lar\u0131yla d\u00fczenlenen <strong>\u201cT\u00fcrk\u00fclerle Yaza Merhaba Konseri\u201d, Atat\u00fcrk K\u00fclt\u00fcr Merkezi\u2019nde <\/strong>sanatseverlerle bulu\u015ftu.<\/p>\n\n\n\n<p>Bu \u00f6zel geceye, Manavgat Belediye Ba\u015fkan\u0131 Op. Dr. Niyazi Nefi Kara ile e\u015fi Dr. Hacer Ceyhan Kara, \u0130smail Baha S\u00fcrelsan Konservatuar \u015eube M\u00fcd\u00fcr\u00fc Okan Atila ve \u00e7ok say\u0131da vatanda\u015f kat\u0131ld\u0131.<\/p>\n\n\n\n<p>Alpdo\u011fan Eseno\u011flu\u2019nun sunuculu\u011funu yapt\u0131\u011f\u0131 gecede, Manavgat Belediyesi T\u00fcrk Halk M\u00fczi\u011fi Toplulu\u011fu, \u015eef <strong>Onur G\u00f6k<\/strong> y\u00f6netiminde sahne al\u0131rken; Antalya B\u00fcy\u00fck\u015fehir Belediyesi \u0130smail Baha S\u00fcrelsan Konservatuvar\u0131 T\u00fcrk Halk M\u00fczi\u011fi \u0130cra Heyeti ise \u015eef <strong>Ahmet Yi\u011fit Akt\u0131<\/strong> y\u00f6netiminde izleyenleri m\u00fczi\u011fin b\u00fcy\u00fcl\u00fc d\u00fcnyas\u0131nda bir yolculu\u011fa \u00e7\u0131kard\u0131.<\/p>\n\n\n\n<p>Ayn\u0131 sahneyi payla\u015fan iki b\u00fcy\u00fck koro, salonu dolduran dinleyicilerden tam not ald\u0131. Saz\u0131n s\u00f6ze, t\u00fcrk\u00fclerinse duygulara d\u00f6n\u00fc\u015ft\u00fc\u011f\u00fc bu \u00f6zel gecede; Ege\u2019den Akdeniz\u2019e, \u0130\u00e7 Anadolu\u2019dan Karadeniz\u2019e kadar uzanan bir m\u00fczik yolculu\u011fu ya\u015fand\u0131.<\/p>\n\n\n\n<p>Manavgat Belediye Ba\u015fkan\u0131 Op. Dr. Niyazi Nefi Kara, konser sonunda yapt\u0131\u011f\u0131 a\u00e7\u0131klamada, k\u00fclt\u00fcr ve sanat\u0131n toplumlar\u0131 birle\u015ftirici g\u00fcc\u00fcne vurgu yaparak \u015funlar\u0131 s\u00f6yledi: <strong>\u201cBu ak\u015fam t\u00fcrk\u00fclerin karde\u015fli\u011finde bulu\u015ftuk. Manavgat\u2019ta sanat\u0131 ve sanat\u00e7\u0131y\u0131 her zaman desteklemeye, halk\u0131m\u0131z\u0131 k\u00fclt\u00fcrle bulu\u015fturmaya devam edece\u011fiz. Bu anlaml\u0131 geceye katk\u0131 sunan Antalya B\u00fcy\u00fck\u015fehir Belediyemize ve eme\u011fi ge\u00e7en herkese te\u015fekk\u00fcr ediyorum.\u201d<\/strong><strong><\/strong><\/p>\n\n\n\n<p>Manavgat Belediyesi \/ B\u00fclten<\/p>\n","protected":false},"excerpt":{"rendered":"<p>Manavgat Belediyesi\u2019nin ev sahipli\u011finde, Antalya B\u00fcy\u00fck\u015fehir Belediyesi\u2019nin katk\u0131lar\u0131yla d\u00fczenlenen \u201cT\u00fcrk\u00fclerle Yaza Merhaba Konseri\u201d, Atat\u00fcrk K\u00fclt\u00fcr Merkezi\u2019nde sanatseverlerle bulu\u015ftu. Bu \u00f6zel geceye, Manavgat Belediye Ba\u015fkan\u0131 Op. <a href=\"https:\/\/akdenizhaber.com.tr\/index.php\/2025\/06\/09\/manavgatta-turku-dolu-aksam\/\" class=\"read-more-link\">[more&#8230;]<\/a><\/p>\n","protected":false},"author":2,"featured_media":29046,"comment_status":"open","ping_status":"open","sticky":false,"template":"","format":"standard","meta":{"footnotes":""},"categories":[2],"tags":[],"class_list":["post-29045","post","type-post","status-publish","format-standard","has-post-thumbnail","hentry","category-gundem"],"_links":{"self":[{"href":"https:\/\/akdenizhaber.com.tr\/index.php\/wp-json\/wp\/v2\/posts\/29045","targetHints":{"allow":["GET"]}}],"collection":[{"href":"https:\/\/akdenizhaber.com.tr\/index.php\/wp-json\/wp\/v2\/posts"}],"about":[{"href":"https:\/\/akdenizhaber.com.tr\/index.php\/wp-json\/wp\/v2\/types\/post"}],"author":[{"embeddable":true,"href":"https:\/\/akdenizhaber.com.tr\/index.php\/wp-json\/wp\/v2\/users\/2"}],"replies":[{"embeddable":true,"href":"https:\/\/akdenizhaber.com.tr\/index.php\/wp-json\/wp\/v2\/comments?post=29045"}],"version-history":[{"count":1,"href":"https:\/\/akdenizhaber.com.tr\/index.php\/wp-json\/wp\/v2\/posts\/29045\/revisions"}],"predecessor-version":[{"id":29047,"href":"https:\/\/akdenizhaber.com.tr\/index.php\/wp-json\/wp\/v2\/posts\/29045\/revisions\/29047"}],"wp:featuredmedia":[{"embeddable":true,"href":"https:\/\/akdenizhaber.com.tr\/index.php\/wp-json\/wp\/v2\/media\/29046"}],"wp:attachment":[{"href":"https:\/\/akdenizhaber.com.tr\/index.php\/wp-json\/wp\/v2\/media?parent=29045"}],"wp:term":[{"taxonomy":"category","embeddable":true,"href":"https:\/\/akdenizhaber.com.tr\/index.php\/wp-json\/wp\/v2\/categories?post=29045"},{"taxonomy":"post_tag","embeddable":true,"href":"https:\/\/akdenizhaber.com.tr\/index.php\/wp-json\/wp\/v2\/tags?post=29045"}],"curies":[{"name":"wp","href":"https:\/\/api.w.org\/{rel}","templated":true}]}}