{"id":29038,"date":"2025-06-04T15:37:36","date_gmt":"2025-06-04T12:37:36","guid":{"rendered":"https:\/\/akdenizhaber.com.tr\/?p=29038"},"modified":"2025-06-04T15:37:52","modified_gmt":"2025-06-04T12:37:52","slug":"yilin-en-iyi-filmlerinden-biri-olan-d-o-z-dan-buyuk-hamle","status":"publish","type":"post","link":"https:\/\/akdenizhaber.com.tr\/index.php\/2025\/06\/04\/yilin-en-iyi-filmlerinden-biri-olan-d-o-z-dan-buyuk-hamle\/","title":{"rendered":"Y\u0131l\u0131n en iyi filmlerinden biri olan D.O.Z &#8216;dan B\u00fcy\u00fck Hamle"},"content":{"rendered":"\n<p>Yap\u0131mc\u0131l\u0131\u011f\u0131n\u0131 Erdo\u011fan Yaprak&#8217;\u0131n y\u00f6netmenli\u011fini Taner Bahad\u0131r&#8217;\u0131n yapt\u0131\u011f\u0131 Ba\u015frollerinde Mehmet Kahraman, Abidin Yerebakan, Halil \u0130brahim Kalayc\u0131o\u011flu, Ya\u011fmur \u00dcn, Bo\u011fa\u00e7 Aksoy, Mert Aydo\u011fdu ve \u015eefki \u00d6zcan&#8217;\u0131n yer ald\u0131\u011f\u0131 D.O.Z sinema filmi b\u00fcy\u00fck bir karar ile vizyondan \u00e7ekildi.<\/p>\n\n\n\n<figure class=\"wp-block-image size-large is-resized\"><img loading=\"lazy\" decoding=\"async\" width=\"1024\" height=\"777\" src=\"https:\/\/akdenizhaber.com.tr\/wp-content\/uploads\/2025\/06\/d7332edd-9491-40f4-b082-07cbad8c09fd-1024x777.jpg\" alt=\"\" class=\"wp-image-29040\" style=\"width:557px;height:auto\" srcset=\"https:\/\/akdenizhaber.com.tr\/wp-content\/uploads\/2025\/06\/d7332edd-9491-40f4-b082-07cbad8c09fd-1024x777.jpg 1024w, https:\/\/akdenizhaber.com.tr\/wp-content\/uploads\/2025\/06\/d7332edd-9491-40f4-b082-07cbad8c09fd-300x228.jpg 300w, https:\/\/akdenizhaber.com.tr\/wp-content\/uploads\/2025\/06\/d7332edd-9491-40f4-b082-07cbad8c09fd-768x583.jpg 768w, https:\/\/akdenizhaber.com.tr\/wp-content\/uploads\/2025\/06\/d7332edd-9491-40f4-b082-07cbad8c09fd.jpg 1080w\" sizes=\"auto, (max-width: 1024px) 100vw, 1024px\" \/><\/figure>\n\n\n\n<p><br>Hikayesinde bol kahkaha ve aksiyon dolu film dostlar\u0131n birbirleri i\u00e7in seve seve \u00f6l\u00fcme bile gidebilece\u011fini anlat\u0131yor.<br>30 May\u0131s 2025 tarihinde vizyona giren D.O.Z. filminin yap\u0131mc\u0131s\u0131 sosyal medyada yapt\u0131\u011f\u0131 a\u00e7\u0131klama ile filmi vizyondan geri \u00e7ekti.<br>Yap\u0131mc\u0131, &#8216; D.O.Z filmimizi izleyicilerimizle sa\u011fl\u0131kl\u0131 ve adil bir \u015fekilde bulu\u015fabilmesi ad\u0131na b\u00fcy\u00fck bir heyecan ve titizlikle \u00e7al\u0131\u015ft\u0131k. Ancak ne yaz\u0131k ki, filmimizin g\u00f6sterime girmesiyle birlikte bir\u00e7ok sinema salonunda kar\u015f\u0131la\u015f\u0131lan teknik aksakl\u0131klar, yetersiz salon say\u0131s\u0131, planlama hatalar\u0131 ve seanslar\u0131n adaletsiz da\u011f\u0131l\u0131m\u0131 gibi nedenlerle D.O.Z.&#8217;un halk\u0131m\u0131zla hak etti\u011fi \u015fekilde bulu\u015fmas\u0131 m\u00fcmk\u00fcn olmam\u0131\u015ft\u0131r.<br>Bu sebeplerle, izleyici deneyimini olumsuz etkilememek ad\u0131na vizyon s\u00fcrecimizi durdurma ve filmin g\u00f6sterimini ileri bir tarihe erteleme karar\u0131 ald\u0131k.Filmimizi en sa\u011fl\u0131kl\u0131 ko\u015fullarda, en adil \u015fekilde ve \u00e7ok daha g\u00fc\u00e7l\u00fc bir organizasyonla tekrar sizlerle bulu\u015fturmak i\u00e7in gerekli t\u00fcm ad\u0131mlar\u0131 at\u0131yoruz. Bu s\u00fcre\u00e7te bize destek olan, anlay\u0131\u015fla yakla\u015fan ve filmimize sahip \u00e7\u0131kan t\u00fcm izleyicilerimize g\u00f6n\u00fclden te\u015fekk\u00fcr ederiz.Yeni vizyon tarihini en k\u0131sa s\u00fcrede kamuoyu ile payla\u015faca\u011f\u0131z&#8217; dedi.<br>Filmin y\u00f6netmeni Taner Bahad\u0131r ise bizim birinci amac\u0131m\u0131z filmimizi halka ula\u015ft\u0131rmak e\u011fer vizyonda yeteri kadar salonda ve haketti\u011fi kadar olamayacaksa tutman\u0131n bir anlam\u0131 yoktu. Yap\u0131mc\u0131m\u0131z maddi kayg\u0131lar\u0131nda \u00f6tesinde sosyal medyada yay\u0131nlar\u0131m herkes izlesin, iyi film yapt\u0131k ve bu filmin sevilece\u011fine eminiz diye belirtti.<\/p>\n\n\n\n<p>Hamle b\u00fcy\u00fck , tebrik ederiz, \u015fimdiden merak uyand\u0131rd\u0131lar.<\/p>\n\n\n\n<p>HABER MERKEZ\u0130<\/p>\n","protected":false},"excerpt":{"rendered":"<p>Yap\u0131mc\u0131l\u0131\u011f\u0131n\u0131 Erdo\u011fan Yaprak&#8217;\u0131n y\u00f6netmenli\u011fini Taner Bahad\u0131r&#8217;\u0131n yapt\u0131\u011f\u0131 Ba\u015frollerinde Mehmet Kahraman, Abidin Yerebakan, Halil \u0130brahim Kalayc\u0131o\u011flu, Ya\u011fmur \u00dcn, Bo\u011fa\u00e7 Aksoy, Mert Aydo\u011fdu ve \u015eefki \u00d6zcan&#8217;\u0131n yer <a href=\"https:\/\/akdenizhaber.com.tr\/index.php\/2025\/06\/04\/yilin-en-iyi-filmlerinden-biri-olan-d-o-z-dan-buyuk-hamle\/\" class=\"read-more-link\">[more&#8230;]<\/a><\/p>\n","protected":false},"author":2,"featured_media":29039,"comment_status":"open","ping_status":"open","sticky":false,"template":"","format":"standard","meta":{"footnotes":""},"categories":[2],"tags":[],"class_list":["post-29038","post","type-post","status-publish","format-standard","has-post-thumbnail","hentry","category-gundem"],"_links":{"self":[{"href":"https:\/\/akdenizhaber.com.tr\/index.php\/wp-json\/wp\/v2\/posts\/29038","targetHints":{"allow":["GET"]}}],"collection":[{"href":"https:\/\/akdenizhaber.com.tr\/index.php\/wp-json\/wp\/v2\/posts"}],"about":[{"href":"https:\/\/akdenizhaber.com.tr\/index.php\/wp-json\/wp\/v2\/types\/post"}],"author":[{"embeddable":true,"href":"https:\/\/akdenizhaber.com.tr\/index.php\/wp-json\/wp\/v2\/users\/2"}],"replies":[{"embeddable":true,"href":"https:\/\/akdenizhaber.com.tr\/index.php\/wp-json\/wp\/v2\/comments?post=29038"}],"version-history":[{"count":1,"href":"https:\/\/akdenizhaber.com.tr\/index.php\/wp-json\/wp\/v2\/posts\/29038\/revisions"}],"predecessor-version":[{"id":29041,"href":"https:\/\/akdenizhaber.com.tr\/index.php\/wp-json\/wp\/v2\/posts\/29038\/revisions\/29041"}],"wp:featuredmedia":[{"embeddable":true,"href":"https:\/\/akdenizhaber.com.tr\/index.php\/wp-json\/wp\/v2\/media\/29039"}],"wp:attachment":[{"href":"https:\/\/akdenizhaber.com.tr\/index.php\/wp-json\/wp\/v2\/media?parent=29038"}],"wp:term":[{"taxonomy":"category","embeddable":true,"href":"https:\/\/akdenizhaber.com.tr\/index.php\/wp-json\/wp\/v2\/categories?post=29038"},{"taxonomy":"post_tag","embeddable":true,"href":"https:\/\/akdenizhaber.com.tr\/index.php\/wp-json\/wp\/v2\/tags?post=29038"}],"curies":[{"name":"wp","href":"https:\/\/api.w.org\/{rel}","templated":true}]}}