{"id":28987,"date":"2025-06-02T17:52:51","date_gmt":"2025-06-02T14:52:51","guid":{"rendered":"https:\/\/akdenizhaber.com.tr\/?p=28987"},"modified":"2025-06-02T17:53:06","modified_gmt":"2025-06-02T14:53:06","slug":"akdenizli-ogrenciler-hatayda-kutuphane-kurdu","status":"publish","type":"post","link":"https:\/\/akdenizhaber.com.tr\/index.php\/2025\/06\/02\/akdenizli-ogrenciler-hatayda-kutuphane-kurdu\/","title":{"rendered":"Akdenizli \u00f6\u011frenciler Hatay\u2019da k\u00fct\u00fcphane kurdu"},"content":{"rendered":"\n<p>Akdeniz \u00dcniversitesi \u00f6\u011frencileri, depremden etkilenen Hatay\u2019da anlaml\u0131 bir sosyal sorumluluk projesine imza att\u0131. \u201cBir Kitap, Bir Hayal, Bir Umut\u201d slogan\u0131yla yola \u00e7\u0131kan \u00f6\u011frenciler, kullan\u0131lmayan depoyu modern bir k\u00fct\u00fcphane ve \u00e7ok ama\u00e7l\u0131 okuma salonuna d\u00f6n\u00fc\u015ft\u00fcrd\u00fc.<\/p>\n\n\n\n<p>Akdeniz \u00dcniversitesi Sosyal Bilimler Meslek Y\u00fcksekokulu Halkla \u0130li\u015fkiler ve Tan\u0131t\u0131m Program\u0131\u2019nda okuyan 3\u2019\u00fc Hatayl\u0131 7 \u00f6\u011frenci \u00d6\u011fr. G\u00f6r. \u00d6zlem Mansuro\u011flu Reyhan ba\u015fkanl\u0131\u011f\u0131nda anlaml\u0131 bir sosyal sorumluluk projesine imza att\u0131.&nbsp; Proje kapsam\u0131nda, \u201cDefne: Bir Kitap, Bir Hayal Bir Umut\u201d projesiyle Hatay\u2019\u0131n Defne il\u00e7esindeki Suba\u015f\u0131 Mehmet Akif \u0130lkokulu\u2019na k\u00fct\u00fcphane ve \u00e7ok ama\u00e7l\u0131 okuma salonu kazand\u0131r\u0131ld\u0131.<\/p>\n\n\n\n<p>YAKLA\u015eIK 3 AY S\u00dcRD\u00dc<\/p>\n\n\n\n<p>6 \u015eubat depremlerinin ard\u0131ndan h\u0131zla toparlanmaya \u00e7al\u0131\u015fan Hatay\u2019a destek olmay\u0131 ve depremin en b\u00fcy\u00fck ma\u011fdurlar\u0131 olan \u00e7ocuklara umut a\u015f\u0131lamay\u0131 hedefleyen \u00fcniversiteli gen\u00e7ler, yakla\u015f\u0131k 3 ay s\u00fcren yo\u011fun bir haz\u0131rl\u0131k s\u00fcrecinin ard\u0131ndan projeyi ba\u015far\u0131yla tamamlad\u0131. Projeyle birlikte, k\u00fct\u00fcphanesi bulunmayan Suba\u015f\u0131 Mehmet Akif \u0130lkokulu\u2019nda kullan\u0131lmayan bir alan t\u00fcm altyap\u0131 ve tadilat i\u015flemlerinin ard\u0131ndan modern bir k\u00fct\u00fcphane ve okuma salonuna d\u00f6n\u00fc\u015ft\u00fcr\u00fcld\u00fc.<\/p>\n\n\n\n<p>T\u00dcM S\u00dcREC\u0130 \u00dcSTLEND\u0130LER<\/p>\n\n\n\n<p>\u00d6\u011frenciler, Emilay G\u00fcnsay, Mehmet Zeki Erciya\u015f, Buse Karakurt, Selma Kabasakal, Rahime Al, Aziza Ali, Mine Altay, Berfin K\u0131lg\u0131, \u00f6\u011fretmenleri \u00d6\u011fr. G\u00f6r. \u00d6zlem Mansuro\u011flu Reyhan ile beraber, alan\u0131n kap\u0131 giri\u015flerinden duvar ve tavan tadilat\u0131na, elektrik altyap\u0131s\u0131ndan boyama i\u015flemlerine kadar t\u00fcm s\u00fcreci \u00fcstlenerek tamamlad\u0131. Alan\u0131 \u00e7ocuklar i\u00e7in daha renkli ve cazip hale getirmek amac\u0131yla duvarlara resim sanat\u00e7\u0131s\u0131 Derya Tatl\u0131c\u0131 taraf\u0131ndan \u00e7e\u015fitli \u00e7ocuk temal\u0131 resimler \u00e7izildi. Projede kitap, kitapl\u0131k, masa ve sandalyelerin yan\u0131 s\u0131ra \u00f6\u011frencilerin e\u011fitimine katk\u0131 sa\u011flamak amac\u0131yla bir projeksiyon sistemi de kuruldu.<\/p>\n\n\n\n<p>\u00c7OK FARKLI DUYGULAR H\u0130SSED\u0130YORUM<\/p>\n\n\n\n<p>Projenin koordinat\u00f6r\u00fc Akdeniz \u00dcniversitesi Sosyal Bilimler Meslek Y\u00fcksekokulu \u00d6\u011fr. G\u00f6r. \u00d6zlem Mansuro\u011flu Reyhan, \u201cBiz Defne Bir Kitap Bir Umut Bir Hayal projesini ortaya koyduk. Bu \u00e7al\u0131\u015fma kapsam\u0131nda Hatay Suba\u015f\u0131 Mehmet Akif \u0130lkokulunun K\u00fct\u00fcphanesini yeniledik. Bu s\u0131radan bir k\u00fct\u00fcphane yenileme de\u011fildi. At\u0131l durumdayd\u0131. Bu \u00e7al\u0131\u015fma kapsam\u0131nda \u00f6\u011frenciler, boyama, tedarik gibi t\u00fcm \u00e7al\u0131\u015fmalarda aktif olarak yer ald\u0131lar. Bir kermes d\u00fczenledik ve geri kalan yerlerde de sponsorlardan destek ald\u0131k. Onlar\u0131n deste\u011fi ile \u00e7ok g\u00fczel bir \u00e7al\u0131\u015fma ger\u00e7ekle\u015ftirdik. \u015eimdi \u00e7ocuklar, k\u00fct\u00fcphanelerinden \u00e7\u0131km\u0131yorlar. Bu \u00e7al\u0131\u015fmay\u0131 7 ki\u015filik bir ekiple yapt\u0131k. 3 tane de Hatayl\u0131 \u00f6\u011frencimiz var bu ekibin i\u00e7erisinde. Zaten \u00e7al\u0131\u015fmay\u0131 kolayla\u015ft\u0131ran etken buydu. Hatayl\u0131 \u00f6\u011frencilerimiz, saha \u00e7al\u0131\u015fmas\u0131nda \u00e7ok aktif yer ald\u0131. \u0130htiya\u00e7 sahibi okullar\u0131n tespitinde ve oradaki in\u015faat i\u015flerini ger\u00e7ekle\u015ftirecek ekiplerin belirlenmesinde, \u00e7al\u0131\u015fma takiplerinde \u00e7ok \u00f6nemli yer oynad\u0131lar. \u00c7ocuklar\u0131n k\u00fct\u00fcphaneyi ilk kez g\u00f6rd\u00fcklerindeki o heyecanlar\u0131 akl\u0131mdan \u00e7\u0131km\u0131yor. \u00c7ok farkl\u0131 duygular hissediyorum.\u201d dedi.<\/p>\n\n\n\n<p>DEPREM\u0130N EN B\u00dcY\u00dcK MA\u011eDURLARI \u00c7OCUKLAR<\/p>\n\n\n\n<p>Kendisinin de Hatayl\u0131 oldu\u011funu belirten \u00d6\u011fr. G\u00f6r. Reyhan, \u201cBen de Hatayl\u0131y\u0131m. Deprem b\u00f6lgesine y\u00f6nelik \u00e7al\u0131\u015fmalar yapmay\u0131 hep \u00e7ok istemi\u015ftim. Bu sene ekibimizde Hatayl\u0131 \u00f6\u011frencilere denk geldik. Hatay\u2019a y\u00f6nelik yapt\u0131k. \u00d6n\u00fcm\u00fczdeki sene ba\u015fka yerlerden gelen \u00f6\u011frencilerimiz olursa mutlaka onlara y\u00f6nelik \u00e7al\u0131\u015fmalar\u0131m\u0131z olacak. \u00d6zellikle depremin en b\u00fcy\u00fck ma\u011fdurlar\u0131n\u0131n \u00e7ocuklar oldu\u011funu d\u00fc\u015f\u00fcn\u00fcyorum. Bu \u00e7ocuklar yar\u0131n bu toplumun en \u00f6nemli unsurlar\u0131 olacak. Onlar\u0131n gelece\u011fin gen\u00e7leri. Topluma y\u00f6n verecek insanlar olacaklar. Bu sebeple onlar\u0131n biran \u00f6nce bu travmalar\u0131n\u0131 atlatmalar\u0131na elimizden ne geliyorsa yard\u0131mc\u0131 olmam\u0131z laz\u0131m. Hem onlar\u0131n ya\u015fam ko\u015fullar\u0131n\u0131 iyile\u015ftirmek hem de psikolojik anlamda iyile\u015fmelerine yard\u0131mc\u0131 olmam\u0131z laz\u0131m. Bizde bu do\u011frultuda hareket ettik.\u201d diye konu\u015ftu.<\/p>\n\n\n\n<p>MEMLEKET\u0130ME KATKI SA\u011eLADIM<\/p>\n\n\n\n<p>Projede g\u00f6rev alan Akdeniz \u00dcniversitesi Sosyal Bilimler Meslek Y\u00fcksek Okulu Halkla \u0130li\u015fkiler 2. S\u0131n\u0131f \u00f6\u011frencisi Emilay G\u00fcnsay, \u201cHatay\u2019da yard\u0131ma ihtiyac\u0131 olan okullara bakt\u0131k ve birini belirledik. Orada s\u0131f\u0131rdan, depo alan\u0131n\u0131 k\u00fct\u00fcphaneye \u00e7evirdik. Hem k\u00fct\u00fcphane hem \u00e7ok ama\u00e7l\u0131 salon gibi d\u00fc\u015f\u00fcnebilirsiniz. Projeksiyon, oturma ve oyun alanlar\u0131 da mevcut. \u00c7ok mutluyum, bende Hatayl\u0131y\u0131m. Oradaki \u00e7ocuklar\u0131n psikolojilerini az \u00e7ok biliyorum. Onu g\u00f6rd\u00fc\u011f\u00fcm i\u00e7in projeyi Hatay\u2019da yapmak istedim. \u00c7ocuklar \u00e7ok mutluydu. Memleketime bir katk\u0131 sa\u011flam\u0131\u015f olmak beni de \u00e7ok mutlu etti.\u201d \u015feklinde konu\u015ftu.<\/p>\n\n\n\n<p>\u201cBir Kitap, Bir Hayal, Bir Umut\u201d slogan\u0131yla yola \u00e7\u0131kan gen\u00e7ler, sosyal sorumluluk bilinciyle hem e\u011fitim ortamlar\u0131n\u0131 iyile\u015ftirdi hem de \u00e7ocuklar\u0131n hayallerine dokunan kal\u0131c\u0131 bir eser b\u0131rakt\u0131.<br>Akdeniz \u00dcniversitesi Rekt\u00f6rl\u00fc\u011f\u00fc \/ B\u00fclten<\/p>\n","protected":false},"excerpt":{"rendered":"<p>Akdeniz \u00dcniversitesi \u00f6\u011frencileri, depremden etkilenen Hatay\u2019da anlaml\u0131 bir sosyal sorumluluk projesine imza att\u0131. \u201cBir Kitap, Bir Hayal, Bir Umut\u201d slogan\u0131yla yola \u00e7\u0131kan \u00f6\u011frenciler, kullan\u0131lmayan depoyu <a href=\"https:\/\/akdenizhaber.com.tr\/index.php\/2025\/06\/02\/akdenizli-ogrenciler-hatayda-kutuphane-kurdu\/\" class=\"read-more-link\">[more&#8230;]<\/a><\/p>\n","protected":false},"author":2,"featured_media":28989,"comment_status":"open","ping_status":"open","sticky":false,"template":"","format":"standard","meta":{"footnotes":""},"categories":[2],"tags":[],"class_list":["post-28987","post","type-post","status-publish","format-standard","has-post-thumbnail","hentry","category-gundem"],"_links":{"self":[{"href":"https:\/\/akdenizhaber.com.tr\/index.php\/wp-json\/wp\/v2\/posts\/28987","targetHints":{"allow":["GET"]}}],"collection":[{"href":"https:\/\/akdenizhaber.com.tr\/index.php\/wp-json\/wp\/v2\/posts"}],"about":[{"href":"https:\/\/akdenizhaber.com.tr\/index.php\/wp-json\/wp\/v2\/types\/post"}],"author":[{"embeddable":true,"href":"https:\/\/akdenizhaber.com.tr\/index.php\/wp-json\/wp\/v2\/users\/2"}],"replies":[{"embeddable":true,"href":"https:\/\/akdenizhaber.com.tr\/index.php\/wp-json\/wp\/v2\/comments?post=28987"}],"version-history":[{"count":1,"href":"https:\/\/akdenizhaber.com.tr\/index.php\/wp-json\/wp\/v2\/posts\/28987\/revisions"}],"predecessor-version":[{"id":28990,"href":"https:\/\/akdenizhaber.com.tr\/index.php\/wp-json\/wp\/v2\/posts\/28987\/revisions\/28990"}],"wp:featuredmedia":[{"embeddable":true,"href":"https:\/\/akdenizhaber.com.tr\/index.php\/wp-json\/wp\/v2\/media\/28989"}],"wp:attachment":[{"href":"https:\/\/akdenizhaber.com.tr\/index.php\/wp-json\/wp\/v2\/media?parent=28987"}],"wp:term":[{"taxonomy":"category","embeddable":true,"href":"https:\/\/akdenizhaber.com.tr\/index.php\/wp-json\/wp\/v2\/categories?post=28987"},{"taxonomy":"post_tag","embeddable":true,"href":"https:\/\/akdenizhaber.com.tr\/index.php\/wp-json\/wp\/v2\/tags?post=28987"}],"curies":[{"name":"wp","href":"https:\/\/api.w.org\/{rel}","templated":true}]}}