{"id":28969,"date":"2025-05-29T16:31:27","date_gmt":"2025-05-29T13:31:27","guid":{"rendered":"https:\/\/akdenizhaber.com.tr\/?p=28969"},"modified":"2025-05-29T16:31:27","modified_gmt":"2025-05-29T13:31:27","slug":"yesilay-manavgatta-calismalarini-surduruyor","status":"publish","type":"post","link":"https:\/\/akdenizhaber.com.tr\/index.php\/2025\/05\/29\/yesilay-manavgatta-calismalarini-surduruyor\/","title":{"rendered":"Ye\u015filay Manavgat\u2019ta \u00c7al\u0131\u015fmalar\u0131n\u0131 S\u00fcrd\u00fcr\u00fcyor"},"content":{"rendered":"\n<p>Ye\u015filay Antalya \u015eube Ba\u015fkanl\u0131\u011f\u0131, belirli aral\u0131klarla Manavgat\u2019ta e\u011fitim ve i\u015fbirli\u011fi \u00e7al\u0131\u015fmalar\u0131na devam ediyor.<br>Antalya \u015eube Ba\u015fkan\u0131 Osman Zeki \u00d6zcan, Ye\u015filay Antalya Kad\u0131n Komisyonu \u00dcyesi \u00d6vg\u00fc \u00d6zcan, Ye\u015filay Antalya \u015eube Orumlusu Burcu \u00c7evik, Ye\u015filay Manavgat Temsilcisi Hasan G\u00f6kta\u015f ile Manavgat Kaymakam\u0131 Say\u0131n Adil Karata\u015f, Manavgat Ba\u015fsavc\u0131s\u0131 Say\u0131n Ersin Selimefendigil, Manavgat Denetimli Serbestlik M\u00fcd\u00fcr\u00fc Say\u0131n Nesrin U\u011furlu ve m\u00fcd\u00fcrl\u00fck \u00e7al\u0131\u015fanlar\u0131n\u0131 ziyaret etti. Ziyaretlerin ard\u0131ndan Ye\u015filay Antalya Format\u00f6r\u00fc G\u00f6khan Uyar\u2019\u0131n anlat\u0131m\u0131 ile Royal Side Paradise Otel \u00c7al\u0131\u015fanlar\u0131na Kumar ba\u011f\u0131ml\u0131l\u0131\u011f\u0131 ile m\u00fccadele e\u011fitimi ger\u00e7ekle\u015ftirildi.<br>\u00d6zcan Manavgat Kaymakam\u0131 Say\u0131n Karata\u015f\u2019a, Ye\u015filay\u2019\u0131n Manavgat\u2019ta ger\u00e7ekle\u015ftirdi\u011fi faaliyetler ve i\u015fbirlikleri hakk\u0131nda bilgi verdi ve Manavgat\u2019ta bir Ye\u015filay Dan\u0131\u015fmanl\u0131k Merkezi (YEDAM) kazand\u0131rmak i\u00e7in destek talebinde bulundu.<br>Manavgat\u2019\u0131n T\u00fcrkiye\u2019nin bir \u00e7ok ilinden b\u00fcy\u00fck, kozmopolit bir yap\u0131ya sahip olmas\u0131na dikkat \u00e7eken \u00d6zcan, \u201cba\u011f\u0131ml\u0131l\u0131kla m\u00fccadelede alanlar\u0131nda uzman YEDAM ekiplerimizin gizlilik esasl\u0131 titiz \u00e7al\u0131\u015fmalar\u0131 neticesinde ba\u015fta gen\u00e7lerimiz olmak \u00fczere \u00e7ok say\u0131da bireyi topluma kazand\u0131rd\u0131k. Manavgat\u2019ta da bir YEDAM kazand\u0131rmak i\u00e7in \u00e7al\u0131\u015fmalara ba\u015flad\u0131k\u201d dedi.<br>Adalet Bakanl\u0131\u011f\u0131 Protokol\u00fc \u00c7al\u0131\u015ftay\u0131<br>Kaymakaml\u0131k ziyaretinin ard\u0131ndan Manavgat Ba\u015fsavc\u0131s\u0131 Say\u0131n Ersin Selimefendigil ziyaret edildi ve Manavgat Denetimli Serbestlik M\u00fcd\u00fcr\u00fc Say\u0131n Nesrin U\u011furlu ve Denetimli Serbestlik M\u00fcd\u00fcrl\u00fc\u011f\u00fc \u00e7al\u0131\u015fanlar\u0131 ile Adalet Bakanl\u0131\u011f\u0131 Protokol\u00fc \u00e7al\u0131\u015ftay\u0131 ger\u00e7ekle\u015ftirildi. \u00c7al\u0131\u015ftayda h\u00fck\u00fcml\u00fc ve denetimli serbestlik konumunda olan ba\u011f\u0131ml\u0131 veya bir d\u00f6nem ba\u011f\u0131ml\u0131l\u0131k ya\u015fam\u0131\u015f bireylerin, topluma kazand\u0131r\u0131lmas\u0131 s\u00fcrecinde yap\u0131labilecekler de\u011ferlendirildi.<\/p>\n\n\n\n<p>Haber Merkezi<\/p>\n","protected":false},"excerpt":{"rendered":"<p>Ye\u015filay Antalya \u015eube Ba\u015fkanl\u0131\u011f\u0131, belirli aral\u0131klarla Manavgat\u2019ta e\u011fitim ve i\u015fbirli\u011fi \u00e7al\u0131\u015fmalar\u0131na devam ediyor.Antalya \u015eube Ba\u015fkan\u0131 Osman Zeki \u00d6zcan, Ye\u015filay Antalya Kad\u0131n Komisyonu \u00dcyesi \u00d6vg\u00fc \u00d6zcan, <a href=\"https:\/\/akdenizhaber.com.tr\/index.php\/2025\/05\/29\/yesilay-manavgatta-calismalarini-surduruyor\/\" class=\"read-more-link\">[more&#8230;]<\/a><\/p>\n","protected":false},"author":2,"featured_media":28970,"comment_status":"open","ping_status":"open","sticky":false,"template":"","format":"standard","meta":{"footnotes":""},"categories":[2],"tags":[],"class_list":["post-28969","post","type-post","status-publish","format-standard","has-post-thumbnail","hentry","category-gundem"],"_links":{"self":[{"href":"https:\/\/akdenizhaber.com.tr\/index.php\/wp-json\/wp\/v2\/posts\/28969","targetHints":{"allow":["GET"]}}],"collection":[{"href":"https:\/\/akdenizhaber.com.tr\/index.php\/wp-json\/wp\/v2\/posts"}],"about":[{"href":"https:\/\/akdenizhaber.com.tr\/index.php\/wp-json\/wp\/v2\/types\/post"}],"author":[{"embeddable":true,"href":"https:\/\/akdenizhaber.com.tr\/index.php\/wp-json\/wp\/v2\/users\/2"}],"replies":[{"embeddable":true,"href":"https:\/\/akdenizhaber.com.tr\/index.php\/wp-json\/wp\/v2\/comments?post=28969"}],"version-history":[{"count":1,"href":"https:\/\/akdenizhaber.com.tr\/index.php\/wp-json\/wp\/v2\/posts\/28969\/revisions"}],"predecessor-version":[{"id":28971,"href":"https:\/\/akdenizhaber.com.tr\/index.php\/wp-json\/wp\/v2\/posts\/28969\/revisions\/28971"}],"wp:featuredmedia":[{"embeddable":true,"href":"https:\/\/akdenizhaber.com.tr\/index.php\/wp-json\/wp\/v2\/media\/28970"}],"wp:attachment":[{"href":"https:\/\/akdenizhaber.com.tr\/index.php\/wp-json\/wp\/v2\/media?parent=28969"}],"wp:term":[{"taxonomy":"category","embeddable":true,"href":"https:\/\/akdenizhaber.com.tr\/index.php\/wp-json\/wp\/v2\/categories?post=28969"},{"taxonomy":"post_tag","embeddable":true,"href":"https:\/\/akdenizhaber.com.tr\/index.php\/wp-json\/wp\/v2\/tags?post=28969"}],"curies":[{"name":"wp","href":"https:\/\/api.w.org\/{rel}","templated":true}]}}