{"id":28916,"date":"2025-05-26T15:24:55","date_gmt":"2025-05-26T12:24:55","guid":{"rendered":"https:\/\/akdenizhaber.com.tr\/?p=28916"},"modified":"2025-05-26T15:24:56","modified_gmt":"2025-05-26T12:24:56","slug":"aykut-kaya-manavgatta-yillardir-bekleyen-yat-cekek-alani-artik-kurulmali","status":"publish","type":"post","link":"https:\/\/akdenizhaber.com.tr\/index.php\/2025\/05\/26\/aykut-kaya-manavgatta-yillardir-bekleyen-yat-cekek-alani-artik-kurulmali\/","title":{"rendered":"Aykut Kaya: \u201cManavgat\u2019ta Y\u0131llard\u0131r Bekleyen Yat \u00c7ekek Alan\u0131 Art\u0131k Kurulmal\u0131\u201d"},"content":{"rendered":"\n<p>CHP Antalya Milletvekili Aykut Kaya, TBMM K\u0130T Komisyonu\u2019nda yapt\u0131\u011f\u0131 konu\u015fmada, Manavgat Irma\u011f\u0131 Ulualan Mevkii\u2019nde y\u0131llar \u00f6nce planlanan ancak bug\u00fcne dek hayata ge\u00e7irilmeyen Yat Yap\u0131m ve \u00c7ekek Yeri Projesi\u2019nin art\u0131k uygulamaya konulmas\u0131 gerekti\u011fini s\u00f6yledi. Kaya, bu projenin Manavgat\u2019\u0131 \u00fcretim ve istihdam \u00fcss\u00fcne d\u00f6n\u00fc\u015ft\u00fcrecek stratejik bir ad\u0131m olaca\u011f\u0131n\u0131 vurgulad\u0131.<\/p>\n\n\n\n<p>\u201cProje y\u0131llar \u00f6nce planland\u0131 ama h\u00e2l\u00e2 hayata ge\u00e7irilmedi\u201d<\/p>\n\n\n\n<p>Kaya, Manavgat Irma\u011f\u0131 k\u0131y\u0131s\u0131nda y\u0131llar \u00f6nce yat yap\u0131m ve \u00e7ekek alan\u0131 olarak planlanan bu b\u00f6lgenin zaman i\u00e7inde at\u0131l b\u0131rak\u0131ld\u0131\u011f\u0131n\u0131 hat\u0131rlatt\u0131:<\/p>\n\n\n\n<p>\u201cBu alan farkl\u0131 ama\u00e7larla par\u00e7alanarak kullan\u0131ma a\u00e7\u0131ld\u0131. Oysa buras\u0131 Antalya\u2019n\u0131n, \u00f6zellikle de Manavgat\u2019\u0131n denizcilik altyap\u0131s\u0131n\u0131 g\u00fc\u00e7lendirecek, \u00fcretim ve istihdam yaratacak bir merkez h\u00e2line gelebilir.\u201d<\/p>\n\n\n\n<p>\u201cHer y\u0131l y\u00fczlerce tekne karaya \u00e7ekiliyor ama altyap\u0131 yetersiz\u201d<\/p>\n\n\n\n<p>Kaya, yaln\u0131zca Manavgat\u2019ta her y\u0131l y\u00fczlerce teknenin karaya \u00e7ekildi\u011fini belirterek mevcut alanlar\u0131n yetersizli\u011fine dikkat \u00e7ekti:<\/p>\n\n\n\n<p>\u201cBak\u0131m, onar\u0131m ve yan sanayi faaliyetleri da\u011f\u0131n\u0131k ve d\u00fczensiz \u015fekilde y\u00fcr\u00fct\u00fcl\u00fcyor. Plans\u0131zl\u0131k nedeniyle hem i\u015fletmeciler hem \u00fcreticiler ma\u011fdur oluyor.\u201d<\/p>\n\n\n\n<p>\u201cManavgat \u00fcretim \u00fcss\u00fc olabilir, b\u00f6lge ekonomisi b\u00fcy\u00fcr\u201d<\/p>\n\n\n\n<p>Kaya, s\u00f6zlerini \u015fu ifadelerle tamamlad\u0131:<\/p>\n\n\n\n<p>\u201cBu proje hayata ge\u00e7erse, Manavgat bir \u00fcretim ve istihdam \u00fcss\u00fcne d\u00f6n\u00fc\u015f\u00fcr. Antalya Serbest B\u00f6lgesi\u2019nde oldu\u011fu gibi, Manavgat\u2019ta da d\u00fcnya \u00e7ap\u0131nda yat ve tekne \u00fcretimi yap\u0131labilir. Katma de\u011feri y\u00fcksek bir \u00fcretim potansiyeli ortaya \u00e7\u0131kar, denizcilik turizmi geli\u015fir. Manavgat\u2019la birlikte b\u00f6lge ekonomisi kazan\u0131r.\u201d<\/p>\n\n\n\n<p>B\u00fc\u015fra Deveci \/ Haber<\/p>\n","protected":false},"excerpt":{"rendered":"<p>CHP Antalya Milletvekili Aykut Kaya, TBMM K\u0130T Komisyonu\u2019nda yapt\u0131\u011f\u0131 konu\u015fmada, Manavgat Irma\u011f\u0131 Ulualan Mevkii\u2019nde y\u0131llar \u00f6nce planlanan ancak bug\u00fcne dek hayata ge\u00e7irilmeyen Yat Yap\u0131m ve <a href=\"https:\/\/akdenizhaber.com.tr\/index.php\/2025\/05\/26\/aykut-kaya-manavgatta-yillardir-bekleyen-yat-cekek-alani-artik-kurulmali\/\" class=\"read-more-link\">[more&#8230;]<\/a><\/p>\n","protected":false},"author":2,"featured_media":28917,"comment_status":"open","ping_status":"open","sticky":false,"template":"","format":"standard","meta":{"footnotes":""},"categories":[2],"tags":[],"class_list":["post-28916","post","type-post","status-publish","format-standard","has-post-thumbnail","hentry","category-gundem"],"_links":{"self":[{"href":"https:\/\/akdenizhaber.com.tr\/index.php\/wp-json\/wp\/v2\/posts\/28916","targetHints":{"allow":["GET"]}}],"collection":[{"href":"https:\/\/akdenizhaber.com.tr\/index.php\/wp-json\/wp\/v2\/posts"}],"about":[{"href":"https:\/\/akdenizhaber.com.tr\/index.php\/wp-json\/wp\/v2\/types\/post"}],"author":[{"embeddable":true,"href":"https:\/\/akdenizhaber.com.tr\/index.php\/wp-json\/wp\/v2\/users\/2"}],"replies":[{"embeddable":true,"href":"https:\/\/akdenizhaber.com.tr\/index.php\/wp-json\/wp\/v2\/comments?post=28916"}],"version-history":[{"count":1,"href":"https:\/\/akdenizhaber.com.tr\/index.php\/wp-json\/wp\/v2\/posts\/28916\/revisions"}],"predecessor-version":[{"id":28918,"href":"https:\/\/akdenizhaber.com.tr\/index.php\/wp-json\/wp\/v2\/posts\/28916\/revisions\/28918"}],"wp:featuredmedia":[{"embeddable":true,"href":"https:\/\/akdenizhaber.com.tr\/index.php\/wp-json\/wp\/v2\/media\/28917"}],"wp:attachment":[{"href":"https:\/\/akdenizhaber.com.tr\/index.php\/wp-json\/wp\/v2\/media?parent=28916"}],"wp:term":[{"taxonomy":"category","embeddable":true,"href":"https:\/\/akdenizhaber.com.tr\/index.php\/wp-json\/wp\/v2\/categories?post=28916"},{"taxonomy":"post_tag","embeddable":true,"href":"https:\/\/akdenizhaber.com.tr\/index.php\/wp-json\/wp\/v2\/tags?post=28916"}],"curies":[{"name":"wp","href":"https:\/\/api.w.org\/{rel}","templated":true}]}}