{"id":28913,"date":"2025-05-26T15:24:10","date_gmt":"2025-05-26T12:24:10","guid":{"rendered":"https:\/\/akdenizhaber.com.tr\/?p=28913"},"modified":"2025-05-26T15:24:11","modified_gmt":"2025-05-26T12:24:11","slug":"baskan-bozkurttan-gumus-madalya","status":"publish","type":"post","link":"https:\/\/akdenizhaber.com.tr\/index.php\/2025\/05\/26\/baskan-bozkurttan-gumus-madalya\/","title":{"rendered":"Ba\u015fkan Bozkurt\u2019tan G\u00fcm\u00fc\u015f Madalya"},"content":{"rendered":"\n<p>Manavgat Belediyesi G\u00fcre\u015f Kul\u00fcb\u00fc sporcusu Mehmet Ba\u015fkan Bozkurt, 21-23 May\u0131s tarihleri aras\u0131nda Kocaeli\u2019nin Gebze il\u00e7esinde d\u00fczenlenen U-15 Serbest G\u00fcre\u015f T\u00fcrkiye \u015eampiyonas\u0131nda b\u00fcy\u00fck bir ba\u015far\u0131ya imza att\u0131. 85 kilogram s\u0131kletinde m\u00fccadele eden gen\u00e7 sporcu, turnuvay\u0131 g\u00fcm\u00fc\u015f madalya ile tamamlayarak hem kul\u00fcb\u00fcn\u00fc hem de Manavgat\u2019\u0131 gururland\u0131rd\u0131.<\/p>\n\n\n\n<p>T\u00fcrkiye genelinden y\u00fczlerce sporcunun kat\u0131ld\u0131\u011f\u0131 zorlu \u015fampiyonada sergiledi\u011fi performansla dikkatleri \u00fczerine \u00e7eken Mehmet Ba\u015fkan Bozkurt, elde etti\u011fi bu ba\u015far\u0131 sayesinde Avrupa \u015eampiyonas\u0131 Milli Tak\u0131m se\u00e7melerine kat\u0131lma hakk\u0131 kazand\u0131.<\/p>\n\n\n\n<p>Manavgat Belediyesi \/ B\u00fclten<\/p>\n","protected":false},"excerpt":{"rendered":"<p>Manavgat Belediyesi G\u00fcre\u015f Kul\u00fcb\u00fc sporcusu Mehmet Ba\u015fkan Bozkurt, 21-23 May\u0131s tarihleri aras\u0131nda Kocaeli\u2019nin Gebze il\u00e7esinde d\u00fczenlenen U-15 Serbest G\u00fcre\u015f T\u00fcrkiye \u015eampiyonas\u0131nda b\u00fcy\u00fck bir ba\u015far\u0131ya imza <a href=\"https:\/\/akdenizhaber.com.tr\/index.php\/2025\/05\/26\/baskan-bozkurttan-gumus-madalya\/\" class=\"read-more-link\">[more&#8230;]<\/a><\/p>\n","protected":false},"author":2,"featured_media":28914,"comment_status":"open","ping_status":"open","sticky":false,"template":"","format":"standard","meta":{"footnotes":""},"categories":[2],"tags":[],"class_list":["post-28913","post","type-post","status-publish","format-standard","has-post-thumbnail","hentry","category-gundem"],"_links":{"self":[{"href":"https:\/\/akdenizhaber.com.tr\/index.php\/wp-json\/wp\/v2\/posts\/28913","targetHints":{"allow":["GET"]}}],"collection":[{"href":"https:\/\/akdenizhaber.com.tr\/index.php\/wp-json\/wp\/v2\/posts"}],"about":[{"href":"https:\/\/akdenizhaber.com.tr\/index.php\/wp-json\/wp\/v2\/types\/post"}],"author":[{"embeddable":true,"href":"https:\/\/akdenizhaber.com.tr\/index.php\/wp-json\/wp\/v2\/users\/2"}],"replies":[{"embeddable":true,"href":"https:\/\/akdenizhaber.com.tr\/index.php\/wp-json\/wp\/v2\/comments?post=28913"}],"version-history":[{"count":1,"href":"https:\/\/akdenizhaber.com.tr\/index.php\/wp-json\/wp\/v2\/posts\/28913\/revisions"}],"predecessor-version":[{"id":28915,"href":"https:\/\/akdenizhaber.com.tr\/index.php\/wp-json\/wp\/v2\/posts\/28913\/revisions\/28915"}],"wp:featuredmedia":[{"embeddable":true,"href":"https:\/\/akdenizhaber.com.tr\/index.php\/wp-json\/wp\/v2\/media\/28914"}],"wp:attachment":[{"href":"https:\/\/akdenizhaber.com.tr\/index.php\/wp-json\/wp\/v2\/media?parent=28913"}],"wp:term":[{"taxonomy":"category","embeddable":true,"href":"https:\/\/akdenizhaber.com.tr\/index.php\/wp-json\/wp\/v2\/categories?post=28913"},{"taxonomy":"post_tag","embeddable":true,"href":"https:\/\/akdenizhaber.com.tr\/index.php\/wp-json\/wp\/v2\/tags?post=28913"}],"curies":[{"name":"wp","href":"https:\/\/api.w.org\/{rel}","templated":true}]}}