{"id":28910,"date":"2025-05-26T15:23:48","date_gmt":"2025-05-26T12:23:48","guid":{"rendered":"https:\/\/akdenizhaber.com.tr\/?p=28910"},"modified":"2025-05-26T15:23:49","modified_gmt":"2025-05-26T12:23:49","slug":"antalyanin-bellegine-yolculuk-huseyin-cimrinin-yeni-kitaplari-tanitildi","status":"publish","type":"post","link":"https:\/\/akdenizhaber.com.tr\/index.php\/2025\/05\/26\/antalyanin-bellegine-yolculuk-huseyin-cimrinin-yeni-kitaplari-tanitildi\/","title":{"rendered":"Antalya\u2019n\u0131n Belle\u011fine Yolculuk: H\u00fcseyin \u00c7imrin\u2019in Yeni Kitaplar\u0131 Tan\u0131t\u0131ld\u0131"},"content":{"rendered":"\n<p>ATSO\u2019nun destekleriyle yay\u0131mlanan, kent tarih\u00e7isi H\u00fcseyin \u00c7imrin\u2019in kaleme ald\u0131\u011f\u0131 \u201cAntalya Kent S\u00f6zl\u00fc\u011f\u00fc\u201d ve \u201cAntalya Kent Kronolojisi\u201d eserleri, Antalya K\u00fclt\u00fcr Sanat\u2019ta d\u00fczenlenen \u00f6zel bir etkinlikle tan\u0131t\u0131ld\u0131.<\/p>\n\n\n\n<p>Antalya Ticaret ve Sanayi Odas\u0131 (ATSO) deste\u011fiyle yay\u0131mlanan, kent tarih\u00e7isi H\u00fcseyin \u00c7imrin\u2019in kaleme ald\u0131\u011f\u0131 \u201cKurulu\u015fundan G\u00fcn\u00fcm\u00fcze Antalya Kent S\u00f6zl\u00fc\u011f\u00fc\u201d ve \u201cKurulu\u015fundan G\u00fcn\u00fcm\u00fcze Antalya Kent Kronolojisi\u201d adl\u0131 iki \u00f6nemli eserin tan\u0131t\u0131m\u0131, Antalya K\u00fclt\u00fcr Sanat\u2019ta ger\u00e7ekle\u015ftirilen \u201cAntalya\u2019da Bir Yolculuk: Kitap Tan\u0131t\u0131m\u0131 ve Antalya S\u00f6yle\u015fisi\u201d etkinli\u011finde yap\u0131ld\u0131. Etkinli\u011fe ATSO Y\u00f6netim Kurulu Ba\u015fkan\u0131 Yusuf Hac\u0131s\u00fcleyman, Y\u00f6netim Kurulu Sayman \u00dcyesi Murat Toto\u015f, Meclis Ba\u015fkan Yard\u0131mc\u0131s\u0131 M\u0131zrab Cihangir Deniz, Y\u00f6r\u00fck Sanayici ve \u0130\u015f \u0130nsanlar\u0131 Derne\u011fi (Y\u00d6RS\u0130AD) Y\u00f6netim Kurulu Ba\u015fkan\u0131 Mustafa Alper Oral, gazeteci-yazar Tuluhan Tekelio\u011flu, meclis \u00fcyeleri, sanatseverler ve bas\u0131n mensuplar\u0131 kat\u0131ld\u0131.<\/p>\n\n\n\n<p>\u201cKitaplar\u0131 Ba\u015fucumuzda Yerini Alacak\u201d<\/p>\n\n\n\n<p>Konu\u015fmas\u0131nda H\u00fcseyin \u00c7imrin\u2019in yaln\u0131zca Antalya\u2019ya de\u011fil, T\u00fcrkiye genelinde de \u00f6nemli katk\u0131lar sundu\u011funu vurgulayan ATSO Ba\u015fkan\u0131 Yusuf Hac\u0131s\u00fcleyman, \u201cK\u00fclt\u00fcr ve sanat d\u00fcnyam\u0131za, Antalya\u2019n\u0131n tarihine ve belle\u011fine b\u00fcy\u00fck katk\u0131lar sunan de\u011ferli b\u00fcy\u00fc\u011f\u00fcm\u00fcz, iki k\u0131ymetli eseri daha \u015fehrimize kazand\u0131rd\u0131. Daha \u00f6nceki \u00e7al\u0131\u015fmalar\u0131n\u0131n yan\u0131 s\u0131ra bu son kitaplar, onun y\u0131llara dayanan bilgi ve tecr\u00fcbesinin olgunla\u015fm\u0131\u015f birer \u00fcr\u00fcn\u00fc. Bu eserler, bizim i\u00e7in birer ba\u015fucu kayna\u011f\u0131 olacakt\u0131r\u201d ifadelerini kulland\u0131.<\/p>\n\n\n\n<p>\u201cBu Kitaplar Kazan\u00e7 \u0130\u00e7in Yaz\u0131lmad\u0131\u201d<\/p>\n\n\n\n<p>S\u00f6yle\u015fi b\u00f6l\u00fcm\u00fcnde s\u00f6z alan H\u00fcseyin \u00c7imrin, kitaplar\u0131n\u0131 bir kazan\u00e7 amac\u0131yla yazmad\u0131\u011f\u0131n\u0131 belirterek, \u201cBen bu kitaplar\u0131 para kazanmak i\u00e7in yazmad\u0131m. Amac\u0131m Antalya\u2019ya kal\u0131c\u0131 bir de\u011fer b\u0131rakmakt\u0131. ATSO\u2019nun deste\u011fi olmasayd\u0131 bu eserler hayata ge\u00e7mezdi\u201d dedi. Antalya\u2019n\u0131n \u00f6zg\u00fcn do\u011fas\u0131 ve kimli\u011finin eserlerde eksiksiz \u015fekilde yans\u0131t\u0131lmas\u0131 gerekti\u011fini belirten \u00c7imrin, \u201cAntalya\u2019y\u0131 sevmek, onu bir ya\u015fam bi\u00e7imi olarak benimsemektir. G\u00fcne\u015fi \u00e7iziyorsan\u0131z, o g\u00fcne\u015f Beyda\u011flar\u0131 olmadan Antalya\u2019n\u0131n g\u00fcne\u015fi olamaz\u201d diyerek kent k\u00fclt\u00fcr\u00fcne sahip \u00e7\u0131kman\u0131n \u00f6nemine dikkat \u00e7ekti. Antalya\u2019n\u0131n k\u00fclt\u00fcrel belle\u011fini zenginle\u015ftiren ve yerel tarih ara\u015ft\u0131rmalar\u0131 i\u00e7in \u00f6nemli bir kaynak olan bu eserlere ula\u015fmak i\u00e7in www.antalyakultursanat.org.tr adresini ziyaret edebilirsiniz.<\/p>\n\n\n\n<p>Antalya Ticaret ve Sanayi Odas\u0131 \/ B\u00fclten<\/p>\n","protected":false},"excerpt":{"rendered":"<p>ATSO\u2019nun destekleriyle yay\u0131mlanan, kent tarih\u00e7isi H\u00fcseyin \u00c7imrin\u2019in kaleme ald\u0131\u011f\u0131 \u201cAntalya Kent S\u00f6zl\u00fc\u011f\u00fc\u201d ve \u201cAntalya Kent Kronolojisi\u201d eserleri, Antalya K\u00fclt\u00fcr Sanat\u2019ta d\u00fczenlenen \u00f6zel bir etkinlikle tan\u0131t\u0131ld\u0131. <a href=\"https:\/\/akdenizhaber.com.tr\/index.php\/2025\/05\/26\/antalyanin-bellegine-yolculuk-huseyin-cimrinin-yeni-kitaplari-tanitildi\/\" class=\"read-more-link\">[more&#8230;]<\/a><\/p>\n","protected":false},"author":2,"featured_media":28911,"comment_status":"open","ping_status":"open","sticky":false,"template":"","format":"standard","meta":{"footnotes":""},"categories":[2],"tags":[],"class_list":["post-28910","post","type-post","status-publish","format-standard","has-post-thumbnail","hentry","category-gundem"],"_links":{"self":[{"href":"https:\/\/akdenizhaber.com.tr\/index.php\/wp-json\/wp\/v2\/posts\/28910","targetHints":{"allow":["GET"]}}],"collection":[{"href":"https:\/\/akdenizhaber.com.tr\/index.php\/wp-json\/wp\/v2\/posts"}],"about":[{"href":"https:\/\/akdenizhaber.com.tr\/index.php\/wp-json\/wp\/v2\/types\/post"}],"author":[{"embeddable":true,"href":"https:\/\/akdenizhaber.com.tr\/index.php\/wp-json\/wp\/v2\/users\/2"}],"replies":[{"embeddable":true,"href":"https:\/\/akdenizhaber.com.tr\/index.php\/wp-json\/wp\/v2\/comments?post=28910"}],"version-history":[{"count":1,"href":"https:\/\/akdenizhaber.com.tr\/index.php\/wp-json\/wp\/v2\/posts\/28910\/revisions"}],"predecessor-version":[{"id":28912,"href":"https:\/\/akdenizhaber.com.tr\/index.php\/wp-json\/wp\/v2\/posts\/28910\/revisions\/28912"}],"wp:featuredmedia":[{"embeddable":true,"href":"https:\/\/akdenizhaber.com.tr\/index.php\/wp-json\/wp\/v2\/media\/28911"}],"wp:attachment":[{"href":"https:\/\/akdenizhaber.com.tr\/index.php\/wp-json\/wp\/v2\/media?parent=28910"}],"wp:term":[{"taxonomy":"category","embeddable":true,"href":"https:\/\/akdenizhaber.com.tr\/index.php\/wp-json\/wp\/v2\/categories?post=28910"},{"taxonomy":"post_tag","embeddable":true,"href":"https:\/\/akdenizhaber.com.tr\/index.php\/wp-json\/wp\/v2\/tags?post=28910"}],"curies":[{"name":"wp","href":"https:\/\/api.w.org\/{rel}","templated":true}]}}