{"id":28906,"date":"2025-05-26T15:22:39","date_gmt":"2025-05-26T12:22:39","guid":{"rendered":"https:\/\/akdenizhaber.com.tr\/?p=28906"},"modified":"2025-05-26T15:22:40","modified_gmt":"2025-05-26T12:22:40","slug":"akdeniz-universitesi-cevre-hizmet-odulleri-aciklandi-2","status":"publish","type":"post","link":"https:\/\/akdenizhaber.com.tr\/index.php\/2025\/05\/26\/akdeniz-universitesi-cevre-hizmet-odulleri-aciklandi-2\/","title":{"rendered":"Akdeniz \u00dcniversitesi \u00c7evre Hizmet \u00d6d\u00fclleri a\u00e7\u0131kland\u0131"},"content":{"rendered":"\n<p>27 y\u0131ld\u0131r \u00e7evre alan\u0131nda d\u00fczenlenen en \u00f6nemli etkinliklerin ba\u015f\u0131nda gelen Akdeniz \u00dcniversitesi \u00c7evre Hizmet \u00d6d\u00fclleri-2024\u2019\u00fcn sonu\u00e7lar\u0131 a\u00e7\u0131kland\u0131. \u00d6d\u00fcller Eyl\u00fcl ay\u0131nda sahipleriyle bulu\u015facak.<\/p>\n\n\n\n<p>Akdeniz \u00dcniversitesi \u00c7evre Sorunlar\u0131 Ara\u015ft\u0131rma ve Uygulama Merkezi taraf\u0131ndan 27 y\u0131ld\u0131r d\u00fczenlenen Akdeniz \u00dcniversitesi \u00c7evre Hizmet \u00d6d\u00fclleri-2024 a\u00e7\u0131kland\u0131. Akdeniz \u00dcniversitesi \u00c7evre Hizmet \u00d6d\u00fclleri her y\u0131l, Akdeniz \u00dcniversitesi, Antalya ve T\u00fcrkiye \u00f6l\u00e7eklerinde ve ayr\u0131ca Bilim Onur, Bilim Hizmet, Bilim Te\u015fvik ve \u00d6zel \u00d6d\u00fcl kategorilerinde veriliyor.<\/p>\n\n\n\n<p>\u00d6D\u00dcL T\u00d6REN\u0130 EYL\u00dcL AYINDA D\u00dcZENLENECEK<\/p>\n\n\n\n<p>\u00d6d\u00fcller, do\u011fal kaynaklar\u0131n ekolojik ilkelere uygun olarak kullan\u0131lmas\u0131n\u0131n sa\u011flanmas\u0131na, \u00e7evre kirlili\u011finin \u00f6nlenmesi i\u00e7in stratejiler geli\u015ftirilmesine, projeler \u00fcretilmesine ve uygulanmas\u0131na, politikalar geli\u015ftirilmesine, \u00e7evre bilinci kapsam\u0131nda ekolojik d\u00fc\u015f\u00fcnme al\u0131\u015fkanl\u0131\u011f\u0131n\u0131n geli\u015ftirilmesi ve ya\u015fama bi\u00e7imine d\u00f6n\u00fc\u015ft\u00fcr\u00fclmesine hizmet etmi\u015f ki\u015fi, kurum ve kurulu\u015flara veriliyor.<\/p>\n\n\n\n<p>2024 y\u0131l\u0131 \u00c7evre Hizmet \u00d6d\u00fcllerinin sahiplerine takdimi i\u00e7in \u00f6d\u00fcl t\u00f6reni 2025 Eyl\u00fcl ay\u0131nda ger\u00e7ekle\u015ftirilecek.<\/p>\n\n\n\n<p>\u00c7EVRE H\u0130ZMET \u00d6D\u00dcLLER\u0130 KAPSAMINDA \u00d6D\u00dcL KAZANANLAR<\/p>\n\n\n\n<p>Bilim Onur \u00d6d\u00fcl\u00fc<\/p>\n\n\n\n<p>Prof. Dr. Cumali KINACI, \u201c\u00c7evre bilimine y\u00f6nelik ger\u00e7ekle\u015ftirdi\u011fi ulusal ve uluslararas\u0131 \u00f6l\u00e7ekteki \u00e7al\u0131\u015fmalar\u0131\u201d<\/p>\n\n\n\n<p>Bilim Hizmet \u00d6d\u00fcl\u00fc<\/p>\n\n\n\n<p>Do\u00e7. Dr. G\u00fcl\u015fah \u00c7ONGUR, \u201c\u00c7evresel Kirleticilerin ve Bu Kirleticilerin N\u00fckleik Asitler \u00dczerindeki Etkilerinin Tayini Amac\u0131yla \u00c7evre Dostu Elektrokimyasal (Biyo)Sens\u00f6rlerin Geli\u015ftirilmesi&#8221;<\/p>\n\n\n\n<p>Bilim Te\u015fvik \u00d6d\u00fcl\u00fc<\/p>\n\n\n\n<p>Dr. \u00d6\u011fr. \u00dc. Hazal G\u00dcLHAN EKS\u0130N, \u201c\u00c7evre bilimine y\u00f6nelik ger\u00e7ekle\u015ftirdi\u011fi ulusal ve uluslararas\u0131 \u00f6l\u00e7ekteki \u00e7al\u0131\u015fmalar\u201d<\/p>\n\n\n\n<p>T\u00fcrkiye \u00d6l\u00e7e\u011fi \u201cKamu\u201d<\/p>\n\n\n\n<p>Kocaeli B\u00fcy\u00fck\u015fehir Belediyesi, \u201c\u0130zmit K\u00f6rfezi&#8217;nde deniz ekosisteminin s\u00fcrd\u00fcr\u00fclebilirli\u011fi ad\u0131na y\u00fcr\u00fct\u00fclen \u00e7al\u0131\u015fmalar\u0131\u201d<\/p>\n\n\n\n<p>T\u00fcrkiye \u00d6l\u00e7e\u011fi \u201c\u00d6zel\u201d<\/p>\n\n\n\n<p>\u00d6zye\u011fin \u00dcniversitesi, &#8220;S\u00fcrd\u00fcr\u00fclebilir Ye\u015fil Kamp\u00fcs: T\u00fckettiklerimizi Eritiyoruz! Etkinli\u011fi&#8221;<\/p>\n\n\n\n<p>Antalya \u00d6l\u00e7e\u011fi \u201cKamu\u201d<\/p>\n\n\n\n<p>Makbule Mehmet Karabacak Anaokulu, \u201cEkolojik gelecek at\u00f6lyeleriyle \u00f6\u011freniyorum\u201d<\/p>\n\n\n\n<p>Antalya \u00d6l\u00e7e\u011fi \u201c\u00d6zel\u201d<\/p>\n\n\n\n<p>ATSO, &#8220;ATSO \u2013 Antalya OSB Proje Pazar\u0131 (S\u00fcrd\u00fcr\u00fclebilir Ak\u0131ll\u0131 \u015eehirler ve \u0130klim De\u011fi\u015fikli\u011fine Diren\u00e7li Kentler Tematik Alan\u0131)&#8221;<\/p>\n\n\n\n<p>Akdeniz \u00dcniversitesi \u00d6l\u00e7e\u011fi<\/p>\n\n\n\n<p>Akdeniz \u00dcniversitesi Psikiyatri G\u00fcnd\u00fcz Hastanesi, \u201cTopraktan Ka\u015f\u0131\u011fa, Do\u011fadan \u0130nsana, Hayata Tat Kat\u0131yorum\u201d<\/p>\n\n\n\n<p>\u00d6zel \u00d6d\u00fcl<\/p>\n\n\n\n<p>Samsun B\u00fcy\u00fck\u015fehir Belediyesi, &#8220;\u00c7evre Anneleri Projesi&#8221;<\/p>\n\n\n\n<p>Simav \u00d6zel E\u011fitim Uygulama Okulu\/K\u00fctahya, &#8220;D\u00f6n\u00fc\u015fen At\u0131klar, Geli\u015fen Umutlar: \u00d6zel E\u011fitimde Geri D\u00f6n\u00fc\u015f\u00fcm\u00fcn G\u00fcc\u00fc&#8221;<\/p>\n\n\n\n<p>Akdeniz \u00dcniversitesi Rekt\u00f6rl\u00fc\u011f\u00fc \/ B\u00fclten<\/p>\n","protected":false},"excerpt":{"rendered":"<p>27 y\u0131ld\u0131r \u00e7evre alan\u0131nda d\u00fczenlenen en \u00f6nemli etkinliklerin ba\u015f\u0131nda gelen Akdeniz \u00dcniversitesi \u00c7evre Hizmet \u00d6d\u00fclleri-2024\u2019\u00fcn sonu\u00e7lar\u0131 a\u00e7\u0131kland\u0131. \u00d6d\u00fcller Eyl\u00fcl ay\u0131nda sahipleriyle bulu\u015facak. Akdeniz \u00dcniversitesi \u00c7evre <a href=\"https:\/\/akdenizhaber.com.tr\/index.php\/2025\/05\/26\/akdeniz-universitesi-cevre-hizmet-odulleri-aciklandi-2\/\" class=\"read-more-link\">[more&#8230;]<\/a><\/p>\n","protected":false},"author":2,"featured_media":28907,"comment_status":"open","ping_status":"open","sticky":false,"template":"","format":"standard","meta":{"footnotes":""},"categories":[2],"tags":[],"class_list":["post-28906","post","type-post","status-publish","format-standard","has-post-thumbnail","hentry","category-gundem"],"_links":{"self":[{"href":"https:\/\/akdenizhaber.com.tr\/index.php\/wp-json\/wp\/v2\/posts\/28906","targetHints":{"allow":["GET"]}}],"collection":[{"href":"https:\/\/akdenizhaber.com.tr\/index.php\/wp-json\/wp\/v2\/posts"}],"about":[{"href":"https:\/\/akdenizhaber.com.tr\/index.php\/wp-json\/wp\/v2\/types\/post"}],"author":[{"embeddable":true,"href":"https:\/\/akdenizhaber.com.tr\/index.php\/wp-json\/wp\/v2\/users\/2"}],"replies":[{"embeddable":true,"href":"https:\/\/akdenizhaber.com.tr\/index.php\/wp-json\/wp\/v2\/comments?post=28906"}],"version-history":[{"count":1,"href":"https:\/\/akdenizhaber.com.tr\/index.php\/wp-json\/wp\/v2\/posts\/28906\/revisions"}],"predecessor-version":[{"id":28908,"href":"https:\/\/akdenizhaber.com.tr\/index.php\/wp-json\/wp\/v2\/posts\/28906\/revisions\/28908"}],"wp:featuredmedia":[{"embeddable":true,"href":"https:\/\/akdenizhaber.com.tr\/index.php\/wp-json\/wp\/v2\/media\/28907"}],"wp:attachment":[{"href":"https:\/\/akdenizhaber.com.tr\/index.php\/wp-json\/wp\/v2\/media?parent=28906"}],"wp:term":[{"taxonomy":"category","embeddable":true,"href":"https:\/\/akdenizhaber.com.tr\/index.php\/wp-json\/wp\/v2\/categories?post=28906"},{"taxonomy":"post_tag","embeddable":true,"href":"https:\/\/akdenizhaber.com.tr\/index.php\/wp-json\/wp\/v2\/tags?post=28906"}],"curies":[{"name":"wp","href":"https:\/\/api.w.org\/{rel}","templated":true}]}}