{"id":28832,"date":"2025-05-19T15:43:36","date_gmt":"2025-05-19T12:43:36","guid":{"rendered":"https:\/\/akdenizhaber.com.tr\/?p=28832"},"modified":"2025-05-19T15:43:36","modified_gmt":"2025-05-19T12:43:36","slug":"baskan-gungorden-19-mayis-ataturku-anma-genclik-ve-spor-bayram-mesaji","status":"publish","type":"post","link":"https:\/\/akdenizhaber.com.tr\/index.php\/2025\/05\/19\/baskan-gungorden-19-mayis-ataturku-anma-genclik-ve-spor-bayram-mesaji\/","title":{"rendered":"Ba\u015fkan G\u00fcng\u00f6r\u2019den 19 May\u0131s Atat\u00fcrk\u2019\u00fc Anma Gen\u00e7lik ve Spor Bayram Mesaj\u0131"},"content":{"rendered":"\n<p>Manavgat Ticaret ve Sanayi Odas\u0131 (MATSO) Ba\u015fkan\u0131 Seydi Tahsin G\u00fcng\u00f6r, 19 May\u0131s Atat\u00fcrk\u2019\u00fc Anma, Gen\u00e7lik ve Spor Bayram\u0131 dolay\u0131s\u0131yla bir mesaj yay\u0131mlad\u0131.<\/p>\n\n\n\n<p>Ba\u015fkan G\u00fcng\u00f6r, mesaj\u0131nda 19 May\u0131s 1919\u2019un, Gazi Mustafa Kemal Atat\u00fcrk \u00f6nderli\u011finde T\u00fcrk milletinin ba\u015flatt\u0131\u011f\u0131 Kurtulu\u015f Sava\u015f\u0131\u2019n\u0131n ilk ad\u0131m\u0131 ve milli ruhun yeniden dirili\u015fi oldu\u011funu vurgulad\u0131.<\/p>\n\n\n\n<p>19 May\u0131s&#8217;\u0131n, Atat\u00fcrk ve silah arkada\u015flar\u0131n\u0131n t\u00fcm imk\u00e2ns\u0131zl\u0131klara ra\u011fmen T\u00fcrk milletinin \u00e7a\u011fda\u015f, ba\u011f\u0131ms\u0131z ve h\u00fcr bir \u00fclkede ya\u015fayabilmesi i\u00e7in emperyalizme kar\u015f\u0131 ba\u015flatt\u0131\u011f\u0131 b\u00fcy\u00fck m\u00fccadelenin sembol\u00fc oldu\u011funa dikkat \u00e7eken G\u00fcng\u00f6r, &#8220;Yenilmi\u015f, zedelenmi\u015f, yorgun ve fakir d\u00fc\u015fm\u00fc\u015f ama inanc\u0131n\u0131 yitirmeyen bir halk\u0131n vatan\u0131n\u0131 sahiplenerek yeniden aya\u011fa kalkt\u0131\u011f\u0131 bir tarihtir&#8221; ifadelerini kulland\u0131.<\/p>\n\n\n\n<p>\u201cCUMHUR\u0130YET\u0130M\u0130Z\u0130N TEMEL TA\u015eIDIR\u201d<\/p>\n\n\n\n<p>G\u00fcng\u00f6r, bug\u00fcn sahip oldu\u011fumuz ba\u011f\u0131ms\u0131zl\u0131k, demokrasi, \u00e7a\u011fda\u015f ya\u015fam ve kurumlar\u0131n temelinin, 19 May\u0131s 1919\u2019da at\u0131lan ad\u0131mlarla \u015fekillendi\u011fini belirtti.<\/p>\n\n\n\n<p>\u201cMAZLUM M\u0130LLETLERE \u00d6RNEK OLAN B\u0130R ZAFER\u201d<\/p>\n\n\n\n<p>Samsun\u2019dan Anadolu\u2019ya ge\u00e7en Mustafa Kemal Atat\u00fcrk ve silah arkada\u015flar\u0131n\u0131n mazlum milletlere \u00f6rnek olacak bir zafer kazanarak Anadolu\u2019yu d\u00fc\u015fmandan temizledi\u011fini ifade eden G\u00fcng\u00f6r, \u201cKurtulu\u015f Sava\u015f\u0131\u2019n\u0131 zaferle ta\u00e7land\u0131rarak T\u00fcrkiye Cumhuriyeti\u2019ni kurmu\u015flard\u0131r. Aziz hat\u0131ralar\u0131 \u00f6n\u00fcnde sayg\u0131 ile e\u011filiyor, Kurtulu\u015f Sava\u015f\u0131 \u015fehitlerimizin \u015fahs\u0131nda t\u00fcm \u015fehitlerimize Allah\u2019tan rahmet diliyorum\u201d dedi.<\/p>\n\n\n\n<p>\u201cATAT\u00dcRK\u2019\u00dcN EMANET\u0130NE SAH\u0130P \u00c7IKMALIYIZ\u201d<\/p>\n\n\n\n<p>19 May\u0131s\u2019\u0131n, Ulu \u00d6nder Atat\u00fcrk taraf\u0131ndan T\u00fcrk gen\u00e7li\u011fine arma\u011fan edildi\u011fini hat\u0131rlatan G\u00fcng\u00f6r, \u201cAtat\u00fcrk\u2019\u00fcn \u2018Gen\u00e7 fikirli demek, do\u011fruyu g\u00f6ren ve anlayan ger\u00e7ek fikirli demektir\u2019 s\u00f6zlerini unutmadan, bu anlaml\u0131 g\u00fcn\u00fc Milli M\u00fccadele ruhuyla kutlamal\u0131, emanetine daima sahip \u00e7\u0131kmal\u0131y\u0131z\u201d ifadelerini kulland\u0131.<\/p>\n\n\n\n<p>Ba\u015fkan G\u00fcng\u00f6r, mesaj\u0131n\u0131n sonunda \u015fu ifadelere yer verdi;&nbsp; \u201cUlu \u00d6nder Mustafa Kemal Atat\u00fcrk ve silah arkada\u015flar\u0131n\u0131, vatan topraklar\u0131 i\u00e7in canlar\u0131n\u0131 feda eden aziz \u015fehitlerimizi rahmet, minnet ve sayg\u0131yla y\u00e2d ediyor; T\u00fcrk milletinin ve de\u011ferli gen\u00e7lerimizin 19 May\u0131s Atat\u00fcrk&#8217;\u00fc Anma, Gen\u00e7lik ve Spor Bayram\u0131&#8217;n\u0131 kutluyorum\u201d<\/p>\n\n\n\n<p>B\u00fc\u015fra Deveci \/ Haber<\/p>\n","protected":false},"excerpt":{"rendered":"<p>Manavgat Ticaret ve Sanayi Odas\u0131 (MATSO) Ba\u015fkan\u0131 Seydi Tahsin G\u00fcng\u00f6r, 19 May\u0131s Atat\u00fcrk\u2019\u00fc Anma, Gen\u00e7lik ve Spor Bayram\u0131 dolay\u0131s\u0131yla bir mesaj yay\u0131mlad\u0131. Ba\u015fkan G\u00fcng\u00f6r, mesaj\u0131nda <a href=\"https:\/\/akdenizhaber.com.tr\/index.php\/2025\/05\/19\/baskan-gungorden-19-mayis-ataturku-anma-genclik-ve-spor-bayram-mesaji\/\" class=\"read-more-link\">[more&#8230;]<\/a><\/p>\n","protected":false},"author":2,"featured_media":28833,"comment_status":"open","ping_status":"open","sticky":false,"template":"","format":"standard","meta":{"footnotes":""},"categories":[2],"tags":[],"class_list":["post-28832","post","type-post","status-publish","format-standard","has-post-thumbnail","hentry","category-gundem"],"_links":{"self":[{"href":"https:\/\/akdenizhaber.com.tr\/index.php\/wp-json\/wp\/v2\/posts\/28832","targetHints":{"allow":["GET"]}}],"collection":[{"href":"https:\/\/akdenizhaber.com.tr\/index.php\/wp-json\/wp\/v2\/posts"}],"about":[{"href":"https:\/\/akdenizhaber.com.tr\/index.php\/wp-json\/wp\/v2\/types\/post"}],"author":[{"embeddable":true,"href":"https:\/\/akdenizhaber.com.tr\/index.php\/wp-json\/wp\/v2\/users\/2"}],"replies":[{"embeddable":true,"href":"https:\/\/akdenizhaber.com.tr\/index.php\/wp-json\/wp\/v2\/comments?post=28832"}],"version-history":[{"count":1,"href":"https:\/\/akdenizhaber.com.tr\/index.php\/wp-json\/wp\/v2\/posts\/28832\/revisions"}],"predecessor-version":[{"id":28834,"href":"https:\/\/akdenizhaber.com.tr\/index.php\/wp-json\/wp\/v2\/posts\/28832\/revisions\/28834"}],"wp:featuredmedia":[{"embeddable":true,"href":"https:\/\/akdenizhaber.com.tr\/index.php\/wp-json\/wp\/v2\/media\/28833"}],"wp:attachment":[{"href":"https:\/\/akdenizhaber.com.tr\/index.php\/wp-json\/wp\/v2\/media?parent=28832"}],"wp:term":[{"taxonomy":"category","embeddable":true,"href":"https:\/\/akdenizhaber.com.tr\/index.php\/wp-json\/wp\/v2\/categories?post=28832"},{"taxonomy":"post_tag","embeddable":true,"href":"https:\/\/akdenizhaber.com.tr\/index.php\/wp-json\/wp\/v2\/tags?post=28832"}],"curies":[{"name":"wp","href":"https:\/\/api.w.org\/{rel}","templated":true}]}}