{"id":28829,"date":"2025-05-19T15:40:38","date_gmt":"2025-05-19T12:40:38","guid":{"rendered":"https:\/\/akdenizhaber.com.tr\/?p=28829"},"modified":"2025-05-19T15:40:39","modified_gmt":"2025-05-19T12:40:39","slug":"buyuk-onder-mustafa-kemal-ataturk","status":"publish","type":"post","link":"https:\/\/akdenizhaber.com.tr\/index.php\/2025\/05\/19\/buyuk-onder-mustafa-kemal-ataturk\/","title":{"rendered":"B\u00fcy\u00fck \u00d6nder Mustafa Kemal Atat\u00fcrk.."},"content":{"rendered":"\n<p>Yerin, makam\u0131n mevkiin dolmad\u0131..<\/p>\n\n\n\n<figure class=\"wp-block-image size-full is-resized\"><img loading=\"lazy\" decoding=\"async\" width=\"725\" height=\"725\" src=\"https:\/\/akdenizhaber.com.tr\/wp-content\/uploads\/2025\/05\/5795e430-b565-40a7-b492-29309874dfae.jpg\" alt=\"\" class=\"wp-image-28830\" style=\"width:492px;height:auto\" srcset=\"https:\/\/akdenizhaber.com.tr\/wp-content\/uploads\/2025\/05\/5795e430-b565-40a7-b492-29309874dfae.jpg 725w, https:\/\/akdenizhaber.com.tr\/wp-content\/uploads\/2025\/05\/5795e430-b565-40a7-b492-29309874dfae-300x300.jpg 300w, https:\/\/akdenizhaber.com.tr\/wp-content\/uploads\/2025\/05\/5795e430-b565-40a7-b492-29309874dfae-150x150.jpg 150w\" sizes=\"auto, (max-width: 725px) 100vw, 725px\" \/><\/figure>\n\n\n\n<p><\/p>\n\n\n\n<p>Senin yapt\u0131klar\u0131n\u0131, ba\u015fard\u0131klar\u0131n\u0131 de\u011fil yapmak, korumay\u0131 bile ba\u015faramad\u0131lar.<\/p>\n\n\n\n<p>Miras yedi hay\u0131rs\u0131z ,i\u015f bilmez evlatlar misali bizlere ,bu \u00fclkeye b\u0131rakt\u0131\u011f\u0131n ne varsa har vurup harman savurdular..<\/p>\n\n\n\n<p>Bin bir emekle, zorluklarla ba\u015fard\u0131klar\u0131n\u0131 yok sayd\u0131lar ..<\/p>\n\n\n\n<p>\u015eimdilerde bile hayal edilmeyenleri ba\u015fararak t\u00fcm d\u00fcnyada hayranl\u0131k kazand\u0131\u011f\u0131n medeniyet yolundaki ald\u0131\u011f\u0131n, o \u00e7a\u011f \u00f6tesi ba\u015far\u0131lar\u0131 sanki hi\u00e7 elde edilmemi\u015f kabul edenler ne yaz\u0131k ki \u00e7a\u011fda\u015fl\u0131k yolunu terk ettiler.<\/p>\n\n\n\n<p>Zorlu sava\u015f y\u0131llar\u0131nda,cephelerde okudu\u011fun kitaplar\u0131n onda birini okumayanlar.<\/p>\n\n\n\n<p>Yazd\u0131\u011f\u0131n kitab\u0131 ise hayal bile edemeyenler kendini alim yerine koyar oldular..<\/p>\n\n\n\n<p>Y\u00fcz y\u0131l \u00f6tesini g\u00f6r\u00fcp s\u00f6yledi\u011fin s\u00f6zleri anlamaktan,yorumlamaktan acizler kendini senden \u00fcst\u00fcn g\u00f6r\u00fcr oldular..<\/p>\n\n\n\n<p>Ankara\u2019ya, \u0130stanbul\u2019a senin aya\u011f\u0131na gelip sana sayg\u0131 g\u00f6steren d\u00fcnyan\u0131n her yerindeki liderlerin yerine gelenlerin aya\u011f\u0131na gitmeyi liderlik sananlar, kendilerini senden \u00fcst\u00fcn g\u00f6r\u00fcr oldular..<\/p>\n\n\n\n<p>Aziz T\u00fcrk milletim..T\u00fcrk milleti \u00e7al\u0131\u015fkand\u0131r.. dedi\u011fin, deyip de bir mensubu olmaktan her zaman gurur duydu\u011fun,ne mutlu T\u00fcrk\u00fcm diyene..derken heyecan duydu\u011fun,T\u00fcrk milletinin yi\u011fit evlatlar\u0131na hep hakaret, k\u00fcf\u00fcrler ettiler, a\u011f\u0131za al\u0131nmayacak,bir lidere de\u011fil s\u0131radan insana yak\u0131\u015fmayacak s\u00f6zler s\u00f6ylediler..<\/p>\n\n\n\n<p>Vatans\u0131z, bayraks\u0131z, Allahs\u0131z kitaps\u0131z dediler.<\/p>\n\n\n\n<p>D\u00fc\u015fmanlar\u0131n yapamad\u0131klar\u0131n\u0131 yap\u0131p senin o asil T\u00fcrk milletini ikiye b\u00f6ld\u00fcler..<\/p>\n\n\n\n<p>Benden olanlar var, birde benden olmayanlar.<\/p>\n\n\n\n<p>Bir bana oy verenler,birde oy vermeyenler..<\/p>\n\n\n\n<p>Oy verenleri dost, vermeyenleri d\u00fc\u015fman bellediler..<\/p>\n\n\n\n<p>T\u00fcrk&#8217;\u00fcn nerede,ne kadar d\u00fc\u015fman\u0131 varsa kucak a\u00e7\u0131p \u00fclkeyi ,T\u00fcrk milletinin evlatlar\u0131na zindan ettiler..<\/p>\n\n\n\n<p>T\u00fcrk e \u00e7ok g\u00f6r\u00fclenler, yok denilenler, para ile sat\u0131l\u0131p kar edilenler yabanc\u0131lara hediye edildi.<\/p>\n\n\n\n<p>T\u00fcm stadyumlardan ismini sildiler..<\/p>\n\n\n\n<p>T\u00fcrkiye Cumhuriyeti yaz\u0131lar\u0131n\u0131 resmi dairelerden indirdiler, okullarda and\u0131m\u0131z\u0131 s\u00f6ylemeyi,milli bayramlar\u0131 stadyum da kutlamay\u0131 yasaklad\u0131lar..diyeyim de d\u00fc\u015fmanl\u0131\u011f\u0131n derecesini anla..<\/p>\n\n\n\n<p>B\u00fcy\u00fck \u00d6nder Mustafa Kemal Atat\u00fcrk..<\/p>\n\n\n\n<p><\/p>\n","protected":false},"excerpt":{"rendered":"<p>Yerin, makam\u0131n mevkiin dolmad\u0131.. Senin yapt\u0131klar\u0131n\u0131, ba\u015fard\u0131klar\u0131n\u0131 de\u011fil yapmak, korumay\u0131 bile ba\u015faramad\u0131lar. Miras yedi hay\u0131rs\u0131z ,i\u015f bilmez evlatlar misali bizlere ,bu \u00fclkeye b\u0131rakt\u0131\u011f\u0131n ne varsa <a href=\"https:\/\/akdenizhaber.com.tr\/index.php\/2025\/05\/19\/buyuk-onder-mustafa-kemal-ataturk\/\" class=\"read-more-link\">[more&#8230;]<\/a><\/p>\n","protected":false},"author":2,"featured_media":28221,"comment_status":"open","ping_status":"open","sticky":false,"template":"","format":"standard","meta":{"footnotes":""},"categories":[1,2],"tags":[],"class_list":["post-28829","post","type-post","status-publish","format-standard","has-post-thumbnail","hentry","category-blog","category-gundem"],"_links":{"self":[{"href":"https:\/\/akdenizhaber.com.tr\/index.php\/wp-json\/wp\/v2\/posts\/28829","targetHints":{"allow":["GET"]}}],"collection":[{"href":"https:\/\/akdenizhaber.com.tr\/index.php\/wp-json\/wp\/v2\/posts"}],"about":[{"href":"https:\/\/akdenizhaber.com.tr\/index.php\/wp-json\/wp\/v2\/types\/post"}],"author":[{"embeddable":true,"href":"https:\/\/akdenizhaber.com.tr\/index.php\/wp-json\/wp\/v2\/users\/2"}],"replies":[{"embeddable":true,"href":"https:\/\/akdenizhaber.com.tr\/index.php\/wp-json\/wp\/v2\/comments?post=28829"}],"version-history":[{"count":1,"href":"https:\/\/akdenizhaber.com.tr\/index.php\/wp-json\/wp\/v2\/posts\/28829\/revisions"}],"predecessor-version":[{"id":28831,"href":"https:\/\/akdenizhaber.com.tr\/index.php\/wp-json\/wp\/v2\/posts\/28829\/revisions\/28831"}],"wp:featuredmedia":[{"embeddable":true,"href":"https:\/\/akdenizhaber.com.tr\/index.php\/wp-json\/wp\/v2\/media\/28221"}],"wp:attachment":[{"href":"https:\/\/akdenizhaber.com.tr\/index.php\/wp-json\/wp\/v2\/media?parent=28829"}],"wp:term":[{"taxonomy":"category","embeddable":true,"href":"https:\/\/akdenizhaber.com.tr\/index.php\/wp-json\/wp\/v2\/categories?post=28829"},{"taxonomy":"post_tag","embeddable":true,"href":"https:\/\/akdenizhaber.com.tr\/index.php\/wp-json\/wp\/v2\/tags?post=28829"}],"curies":[{"name":"wp","href":"https:\/\/api.w.org\/{rel}","templated":true}]}}