{"id":28823,"date":"2025-05-19T15:35:48","date_gmt":"2025-05-19T12:35:48","guid":{"rendered":"https:\/\/akdenizhaber.com.tr\/?p=28823"},"modified":"2025-05-19T15:37:07","modified_gmt":"2025-05-19T12:37:07","slug":"cittaslow-turkiye-ulusal-ag-toplantisi-safranboluda-gerceklestirildi","status":"publish","type":"post","link":"https:\/\/akdenizhaber.com.tr\/index.php\/2025\/05\/19\/cittaslow-turkiye-ulusal-ag-toplantisi-safranboluda-gerceklestirildi\/","title":{"rendered":"Cittaslow T\u00fcrkiye Ulusal A\u011f Toplant\u0131s\u0131 Safranbolu\u2019da ger\u00e7ekle\u015ftirildi"},"content":{"rendered":"\n<p>Cittaslow T\u00fcrkiye Ulusal A\u011f Toplant\u0131s\u0131, Antalya B\u00fcy\u00fck\u015fehir Belediye Ba\u015fkan\u0131, Cittaslow T\u00fcrkiye Koordinat\u00f6r\u00fc ve Uluslararas\u0131 Cittaslow Genel Ba\u015fkan Yard\u0131mc\u0131s\u0131 Muhittin B\u00f6cek ba\u015fkanl\u0131\u011f\u0131nda Safranbolu\u2019da ger\u00e7ekle\u015ftirildi. Ba\u015fkan Muhittin B\u00f6cek, turizmi geli\u015ftirmek, daha iyi noktalara ta\u015f\u0131mak ad\u0131na yo\u011fun bir \u00e7al\u0131\u015fma s\u00fcrd\u00fcrd\u00fcklerini kaydetti.<\/p>\n\n\n\n<p>UNESCO D\u00fcnya Miras\u0131 Listesi&#8217;nde yer alan Safranbolu, Cittaslow T\u00fcrkiye Ulusal A\u011f Toplant\u0131s\u0131\u2019na ev sahipli\u011fi yapt\u0131. Safranbolu Belediye Ba\u015fkan\u0131 Elif K\u00f6se ev sahipli\u011finde ger\u00e7ekle\u015ftirilen toplant\u0131ya Antalya B\u00fcy\u00fck\u015fehir Belediye Ba\u015fkan\u0131, Cittaslow T\u00fcrkiye Koordinat\u00f6r\u00fc ve Uluslararas\u0131 Cittaslow Genel Ba\u015fkan Yard\u0131mc\u0131s\u0131 Muhittin B\u00f6cek ve Cittaslow T\u00fcrkiye a\u011f\u0131nda yer alan belediye ba\u015fkanlar\u0131 kat\u0131ld\u0131.<\/p>\n\n\n\n<p>HER GE\u00c7EN G\u00dcN DAHA \u0130Y\u0130 OLMASI ADINA \u00c7ALI\u015eIYORUZ<\/p>\n\n\n\n<p>Toplant\u0131n\u0131n a\u00e7\u0131l\u0131\u015f konu\u015fmas\u0131n\u0131 yapan Antalya B\u00fcy\u00fck\u015fehir Belediye Ba\u015fkan\u0131 Muhittin B\u00f6cek, bu t\u00fcr toplant\u0131lar\u0131n \u015fehirlerin tan\u0131t\u0131m\u0131 ad\u0131na b\u00fcy\u00fck \u00f6nem ta\u015f\u0131d\u0131\u011f\u0131na dikkat \u00e7ekerek, \u201cFuar ve tan\u0131t\u0131m organizasyonlar\u0131 belediyelerin, \u015fehirlerin g\u00fcc\u00fcn\u00fc artt\u0131r\u0131yor. Cittaslow 7 farkl\u0131 kategori 73 kriteri olan \u00e7ok \u00f6nemli bir organizasyon. Antalya B\u00fcy\u00fck\u015fehir Belediyesi olarak gitti\u011fimiz fuarlarda Cittaslow organizasyonumuzu anlat\u0131yoruz. Buras\u0131 t\u00fcm partilerden se\u00e7ilmi\u015f belediye ba\u015fkan\u0131n yer ald\u0131\u011f\u0131 siyaset \u00fcst\u00fc bir kurum. Antalya 2024 y\u0131l\u0131nda yerli ve yabanc\u0131 misafirimiz olmak \u00fczere yakla\u015f\u0131k 27 milyon vatanda\u015f\u0131m\u0131za ev sahipli\u011fi yapt\u0131. Turizmi geli\u015ftirmek daha iyi noktalara ta\u015f\u0131mak ad\u0131na, her ge\u00e7en g\u00fcn\u00fcn gelen g\u00fcnden daha iyi olmas\u0131 i\u00e7in \u00e7al\u0131\u015f\u0131yoruz\u201d dedi.&nbsp;<\/p>\n\n\n\n<p>YEREL K\u0130ML\u0130\u011e\u0130M\u0130Z\u0130 MERKEZE ALDIK<\/p>\n\n\n\n<p>B\u00f6yle anlaml\u0131 ve vizyoner bir bulu\u015fmaya ev sahipli\u011fi yapmaktan b\u00fcy\u00fck mutluluk duydu\u011funu s\u00f6yleyen Safranbolu Belediye Ba\u015fkan\u0131 Elif K\u00f6se, \u201cSafranbolu Belediyesi olarak yerel \u00fcretimi destekleyen tar\u0131m projelerinden, yava\u015f ya\u015fam\u0131 te\u015fvik eden k\u00fclt\u00fcrel etkinliklerimize, do\u011faya sayg\u0131l\u0131 \u00e7evre politikalar\u0131m\u0131zla, tarihi dokuyu koruyan projeler \u00fcretiyoruz. Bug\u00fcn\u00fc de\u011fil, gelecek ku\u015faklar\u0131 d\u00fc\u015f\u00fcnen bir \u015fehir planl\u0131yoruz. \u00c7al\u0131\u015fmalar\u0131m\u0131zda s\u00fcrd\u00fcr\u00fclebilirlik, dayan\u0131kl\u0131 kentler, kat\u0131l\u0131mc\u0131 demokrasi, yerel kimli\u011fe sahip \u00e7\u0131kma gibi temel de\u011ferleri belediyecilik anlay\u0131\u015f\u0131m\u0131z\u0131n merkezine yerle\u015ftirdik\u201d diye konu\u015ftu.<\/p>\n\n\n\n<p>BELED\u0130YELER \u00c7ALI\u015eMALARINI ANLATTI<\/p>\n\n\n\n<p>A\u00e7\u0131l\u0131\u015f konu\u015fmalar\u0131ndan sonra Cittaslow T\u00fcrkiye Ofisi\u2019nin y\u00fcr\u00fctt\u00fc\u011f\u00fc \u00e7al\u0131\u015fmalara ili\u015fkin belediye ba\u015fkanlar\u0131na bilgi verildi. Toplant\u0131da Cittaslow\u2019a aday belediyelere ili\u015fkin de\u011ferlendirmeler yap\u0131l\u0131rken, Safranbolu, Seferihisar, Gerze ve Arapgir Belediyeleri y\u00fcr\u00fctt\u00fckleri \u00e7al\u0131\u015fmalar\u0131 payla\u015ft\u0131. Cittaslow T\u00fcrkiye Ulusal A\u011f Toplant\u0131s\u0131\u2019nda T\u00fcrkiye\u2019nin g\u00fcncel geli\u015fmeleri, aday il\u00e7eler s\u00fcreci, \u201cCittaslow Fikir Maratonu\u201d, Cittaslow Metropol Antalya uygulamalar\u0131 ve Safranbolu\u2019nun iyi uygulama \u00f6rnekleri anlat\u0131ld\u0131. Safranbolu Belediyesi\u2019nin hayata ge\u00e7irdi\u011fi Cittaslow uygulamalar\u0131n\u0131 yerinde incelenirken, Ba\u011flar K\u00f6yi\u00e7i, H\u0131d\u0131rl\u0131k Seyir Tepesi, Belediye \u00dcretim Seras\u0131 ve Tarihi \u00c7ar\u015f\u0131 gibi duraklar\u0131 i\u00e7eren teknik inceleme gezisi yap\u0131ld\u0131.<\/p>\n\n\n\n<p><a><\/a>Antalya B\u00fcy\u00fck\u015fehir Belediyesi \/ B\u00fclten<\/p>\n","protected":false},"excerpt":{"rendered":"<p>Cittaslow T\u00fcrkiye Ulusal A\u011f Toplant\u0131s\u0131, Antalya B\u00fcy\u00fck\u015fehir Belediye Ba\u015fkan\u0131, Cittaslow T\u00fcrkiye Koordinat\u00f6r\u00fc ve Uluslararas\u0131 Cittaslow Genel Ba\u015fkan Yard\u0131mc\u0131s\u0131 Muhittin B\u00f6cek ba\u015fkanl\u0131\u011f\u0131nda Safranbolu\u2019da ger\u00e7ekle\u015ftirildi. Ba\u015fkan Muhittin <a href=\"https:\/\/akdenizhaber.com.tr\/index.php\/2025\/05\/19\/cittaslow-turkiye-ulusal-ag-toplantisi-safranboluda-gerceklestirildi\/\" class=\"read-more-link\">[more&#8230;]<\/a><\/p>\n","protected":false},"author":2,"featured_media":28824,"comment_status":"open","ping_status":"open","sticky":false,"template":"","format":"standard","meta":{"footnotes":""},"categories":[2],"tags":[],"class_list":["post-28823","post","type-post","status-publish","format-standard","has-post-thumbnail","hentry","category-gundem"],"_links":{"self":[{"href":"https:\/\/akdenizhaber.com.tr\/index.php\/wp-json\/wp\/v2\/posts\/28823","targetHints":{"allow":["GET"]}}],"collection":[{"href":"https:\/\/akdenizhaber.com.tr\/index.php\/wp-json\/wp\/v2\/posts"}],"about":[{"href":"https:\/\/akdenizhaber.com.tr\/index.php\/wp-json\/wp\/v2\/types\/post"}],"author":[{"embeddable":true,"href":"https:\/\/akdenizhaber.com.tr\/index.php\/wp-json\/wp\/v2\/users\/2"}],"replies":[{"embeddable":true,"href":"https:\/\/akdenizhaber.com.tr\/index.php\/wp-json\/wp\/v2\/comments?post=28823"}],"version-history":[{"count":1,"href":"https:\/\/akdenizhaber.com.tr\/index.php\/wp-json\/wp\/v2\/posts\/28823\/revisions"}],"predecessor-version":[{"id":28825,"href":"https:\/\/akdenizhaber.com.tr\/index.php\/wp-json\/wp\/v2\/posts\/28823\/revisions\/28825"}],"wp:featuredmedia":[{"embeddable":true,"href":"https:\/\/akdenizhaber.com.tr\/index.php\/wp-json\/wp\/v2\/media\/28824"}],"wp:attachment":[{"href":"https:\/\/akdenizhaber.com.tr\/index.php\/wp-json\/wp\/v2\/media?parent=28823"}],"wp:term":[{"taxonomy":"category","embeddable":true,"href":"https:\/\/akdenizhaber.com.tr\/index.php\/wp-json\/wp\/v2\/categories?post=28823"},{"taxonomy":"post_tag","embeddable":true,"href":"https:\/\/akdenizhaber.com.tr\/index.php\/wp-json\/wp\/v2\/tags?post=28823"}],"curies":[{"name":"wp","href":"https:\/\/api.w.org\/{rel}","templated":true}]}}