{"id":28820,"date":"2025-05-19T15:33:09","date_gmt":"2025-05-19T12:33:09","guid":{"rendered":"https:\/\/akdenizhaber.com.tr\/?p=28820"},"modified":"2025-05-19T15:33:10","modified_gmt":"2025-05-19T12:33:10","slug":"ilhan-komanin-efsanevi-akdeniz-heykeli-antalyaya-kucak-acti","status":"publish","type":"post","link":"https:\/\/akdenizhaber.com.tr\/index.php\/2025\/05\/19\/ilhan-komanin-efsanevi-akdeniz-heykeli-antalyaya-kucak-acti\/","title":{"rendered":"\u0130lhan Koman\u2019\u0131n Efsanevi \u201cAkdeniz Heykeli\u201d Antalya\u2019ya Kucak A\u00e7t\u0131"},"content":{"rendered":"\n<p>Modern T\u00fcrk heykel sanat\u0131n\u0131n \u00f6nc\u00fclerinden \u0130lhan Koman\u2019\u0131n 50 eserinden olu\u015fan \u201cAkdeniz\u2019e Do\u011fru\u201d sergisi, Antalya K\u00fclt\u00fcr Sanat\u2019ta kap\u0131lar\u0131n\u0131 a\u00e7t\u0131. Serginin en dikkat \u00e7eken an\u0131 ise, sanat\u00e7\u0131n\u0131n ikonik eseri \u201cAkdeniz Heykeli\u201dnin Antalya ve Akdeniz\u2019le bulu\u015fmas\u0131 oldu.<\/p>\n\n\n\n<p>Antalya Ticaret ve Sanayi Odas\u0131 (ATSO) E\u011fitim Ara\u015ft\u0131rma ve K\u00fclt\u00fcr Vakf\u0131 Ba\u015fkan\u0131 ve ATSO Y\u00f6netim Kurulu Ba\u015fkan\u0131 Yusuf Hac\u0131s\u00fcleyman\u2019\u0131n ev sahipli\u011finde, modern heykel sanat\u0131n\u0131n \u00f6nc\u00fclerinden \u0130lhan Koman\u2019\u0131n 50 eserinden olu\u015fan retrospektif \u201cAkdeniz\u2019e Do\u011fru\u201d sergisinin a\u00e7\u0131l\u0131\u015f\u0131 Antalya K\u00fclt\u00fcr Sanat\u2019ta ger\u00e7ekle\u015fti. \u0130lhan Koman Vakf\u0131 i\u015f birli\u011fiyle d\u00fczenlenen ve k\u00fcrat\u00f6rl\u00fc\u011f\u00fcn\u00fc \u00d6mer Faruk \u015eerifo\u011flu\u2019nun \u00fcstlendi\u011fi sergi, heykel sanat\u0131n\u0131n dev isimlerinden Koman\u2019\u0131n hayat\u0131n\u0131 ve eserlerini kapsaml\u0131 bir retrospektifle sunuyor.<\/p>\n\n\n\n<p>\u201cAntalya\u2019m\u0131za \u00e7ok yak\u0131\u015facak\u201d<\/p>\n\n\n\n<p>A\u00e7\u0131l\u0131\u015fta konu\u015fan Ba\u015fkan Hac\u0131s\u00fcleyman, \u0130lhan Koman\u2019\u0131n en tan\u0131nan eserlerinden olan \u201cAkdeniz Heykeli\u201dni Antalya\u2019ya kazand\u0131rmak istediklerini belirterek, \u201c\u0130lhan Koman\u2019\u0131n vasiyeti niteli\u011findeki bu esere \u00e7ok iyi ev sahipli\u011fi yapaca\u011f\u0131m\u0131za inan\u0131yorum. Antalya\u2019m\u0131za da \u00e7ok yak\u0131\u015faca\u011f\u0131n\u0131 d\u00fc\u015f\u00fcn\u00fcyorum\u201d dedi.<\/p>\n\n\n\n<p>Sanat ve i\u015f d\u00fcnyas\u0131 a\u00e7\u0131l\u0131\u015fta bulu\u015ftu<\/p>\n\n\n\n<p>Sergi a\u00e7\u0131l\u0131\u015f\u0131na \u0130lhan Koman Vakf\u0131 Y\u00f6netim Kurulu Ba\u015fkan\u0131 Ahmet Koman, ATSO Y\u00f6netim Kurulu Ba\u015fkan Yard\u0131mc\u0131s\u0131 Hakan Pakal\u0131n, Sayman \u00dcye Murat Toto\u015f, ATSO Meclis \u00dcyesi ve Vak\u0131f Ba\u015fkan Yard\u0131mc\u0131s\u0131 \u00d6mer Gilan, Vak\u0131f Y\u00f6netim Kurulu \u00dcyesi ve T\u00dcRSAB Antalya Muratpa\u015fa BTK Ba\u015fkan\u0131 Onur \u00d6zer, ATSO Meclis \u00dcyesi ve ATAV Ba\u015fkan\u0131 Emir G\u00fcndal, BAKS\u0130FED Ba\u015fkan\u0131 Mustafa Cengiz ve \u00e7ok say\u0131da sanatsever kat\u0131ld\u0131.<\/p>\n\n\n\n<p>Koman\u2019\u0131n Akdeniz\u2019le \u00f6zde\u015fle\u015fen heykeli Antalya\u2019da<\/p>\n\n\n\n<p>Serginin merkezinde yer alan \u201cAkdeniz Heykeli\u201d, yaln\u0131zca bi\u00e7imiyle de\u011fil, ta\u015f\u0131d\u0131\u011f\u0131 anlamla da izleyicileri derinden etkiliyor. Koman\u2019\u0131n, \u201cSevgiyi ve kucakla\u015fmay\u0131 anlat\u0131rken bir kad\u0131n\u0131n b\u00fct\u00fcnl\u00fc\u011f\u00fcnden yararlanmak istedim\u201d s\u00f6zleriyle tan\u0131mlad\u0131\u011f\u0131 bu eser, bir zamanlar \u0130stanbul\u2019da bir bina \u00f6n\u00fcne yerle\u015ftirilmi\u015f, ancak sanat\u00e7\u0131 bu yerle\u015ftirmeden memnun kalmam\u0131\u015ft\u0131. Yak\u0131n dostu G\u00fcne\u015f Karabuda\u2019n\u0131n aktard\u0131\u011f\u0131na g\u00f6re Koman, \u201cG\u00fcneyde bir Akdeniz kentinin liman giri\u015fine konsa, gemiler ona d\u00fcd\u00fck \u00e7alsa&#8230;\u201d s\u00f6zleriyle ifade etmi\u015fti.<\/p>\n\n\n\n<p>K\u00fcrat\u00f6rden anlaml\u0131 s\u00f6zler<\/p>\n\n\n\n<p>Sergi K\u00fcrat\u00f6r\u00fc \u00d6mer Faruk \u015eerifo\u011flu, \u0130lhan Koman\u2019\u0131n heykellerinde hareketin merkezde oldu\u011funu belirterek, \u201cAkdeniz Heykeli\u2019nin yar\u0131s\u0131 metalden, di\u011fer yar\u0131s\u0131 bo\u015fluktan yap\u0131lm\u0131\u015ft\u0131r. Bu y\u00fczden i\u00e7inde bulundu\u011fu mek\u00e2na hayat verir. Dalgalanan, titre\u015fen, deniz kokulu bir ilahedir adeta\u201d ifadelerini kulland\u0131. Sanat\u00e7\u0131n\u0131n \u00f6l\u00fcm\u00fcn\u00fcn 40. y\u0131l\u0131nda d\u00fczenlenen bu \u00f6zel sergi, 10 A\u011fustos 2025 tarihine kadar Antalya K\u00fclt\u00fcr Sanat\u2019ta sanatseverlerin ziyaretine a\u00e7\u0131k olacak.<\/p>\n\n\n\n<p>Antalya Ticaret ve Sanayi Odas\u0131 \/ B\u00fclten<\/p>\n","protected":false},"excerpt":{"rendered":"<p>Modern T\u00fcrk heykel sanat\u0131n\u0131n \u00f6nc\u00fclerinden \u0130lhan Koman\u2019\u0131n 50 eserinden olu\u015fan \u201cAkdeniz\u2019e Do\u011fru\u201d sergisi, Antalya K\u00fclt\u00fcr Sanat\u2019ta kap\u0131lar\u0131n\u0131 a\u00e7t\u0131. Serginin en dikkat \u00e7eken an\u0131 ise, sanat\u00e7\u0131n\u0131n <a href=\"https:\/\/akdenizhaber.com.tr\/index.php\/2025\/05\/19\/ilhan-komanin-efsanevi-akdeniz-heykeli-antalyaya-kucak-acti\/\" class=\"read-more-link\">[more&#8230;]<\/a><\/p>\n","protected":false},"author":2,"featured_media":28821,"comment_status":"open","ping_status":"open","sticky":false,"template":"","format":"standard","meta":{"footnotes":""},"categories":[2],"tags":[],"class_list":["post-28820","post","type-post","status-publish","format-standard","has-post-thumbnail","hentry","category-gundem"],"_links":{"self":[{"href":"https:\/\/akdenizhaber.com.tr\/index.php\/wp-json\/wp\/v2\/posts\/28820","targetHints":{"allow":["GET"]}}],"collection":[{"href":"https:\/\/akdenizhaber.com.tr\/index.php\/wp-json\/wp\/v2\/posts"}],"about":[{"href":"https:\/\/akdenizhaber.com.tr\/index.php\/wp-json\/wp\/v2\/types\/post"}],"author":[{"embeddable":true,"href":"https:\/\/akdenizhaber.com.tr\/index.php\/wp-json\/wp\/v2\/users\/2"}],"replies":[{"embeddable":true,"href":"https:\/\/akdenizhaber.com.tr\/index.php\/wp-json\/wp\/v2\/comments?post=28820"}],"version-history":[{"count":1,"href":"https:\/\/akdenizhaber.com.tr\/index.php\/wp-json\/wp\/v2\/posts\/28820\/revisions"}],"predecessor-version":[{"id":28822,"href":"https:\/\/akdenizhaber.com.tr\/index.php\/wp-json\/wp\/v2\/posts\/28820\/revisions\/28822"}],"wp:featuredmedia":[{"embeddable":true,"href":"https:\/\/akdenizhaber.com.tr\/index.php\/wp-json\/wp\/v2\/media\/28821"}],"wp:attachment":[{"href":"https:\/\/akdenizhaber.com.tr\/index.php\/wp-json\/wp\/v2\/media?parent=28820"}],"wp:term":[{"taxonomy":"category","embeddable":true,"href":"https:\/\/akdenizhaber.com.tr\/index.php\/wp-json\/wp\/v2\/categories?post=28820"},{"taxonomy":"post_tag","embeddable":true,"href":"https:\/\/akdenizhaber.com.tr\/index.php\/wp-json\/wp\/v2\/tags?post=28820"}],"curies":[{"name":"wp","href":"https:\/\/api.w.org\/{rel}","templated":true}]}}