{"id":28817,"date":"2025-05-19T15:31:31","date_gmt":"2025-05-19T12:31:31","guid":{"rendered":"https:\/\/akdenizhaber.com.tr\/?p=28817"},"modified":"2025-05-19T15:31:32","modified_gmt":"2025-05-19T12:31:32","slug":"usta-yonetmen-omer-faruk-sorak-akdeniz-universitesinde-ogrencilerle-bulustu","status":"publish","type":"post","link":"https:\/\/akdenizhaber.com.tr\/index.php\/2025\/05\/19\/usta-yonetmen-omer-faruk-sorak-akdeniz-universitesinde-ogrencilerle-bulustu\/","title":{"rendered":"Usta Y\u00f6netmen \u00d6mer Faruk Sorak, Akdeniz \u00dcniversitesi&#8217;nde \u00d6\u011frencilerle Bulu\u015ftu"},"content":{"rendered":"\n<p>Akdeniz \u00dcniversitesi ile Akdeniz Film Yap\u0131m ve Tan\u0131t\u0131m Derne\u011fi i\u015f birli\u011fiyle bu y\u0131l ilk kez d\u00fczenlenen Film Yap\u0131m Festivali kapsam\u0131nda usta y\u00f6netmen \u00d6mer Faruk Sorak, \u00f6\u011frencilerle bir araya geldi. \u0130leti\u015fim Fak\u00fcltesi\u2019nde ger\u00e7ekle\u015ftirilen ve moderat\u00f6rl\u00fc\u011f\u00fcn\u00fc Film Yap\u0131m Festivali Direkt\u00f6r\u00fc Do\u011facan Akta\u015f\u2019\u0131n yapt\u0131\u011f\u0131 Masterclass etkinli\u011finde \u00d6mer Faruk Sorak, sinema yolculu\u011funu ve sekt\u00f6re dair tecr\u00fcbelerini \u0130leti\u015fim Fak\u00fcltesi \u00f6\u011frencileriyle payla\u015ft\u0131.<\/p>\n\n\n\n<p>SET ANILARINI VE Y\u00d6NETMENL\u0130K DENEY\u0130MLER\u0130N\u0130 \u00d6\u011eRENC\u0130LERLE PAYLA\u015eTI<\/p>\n\n\n\n<p>2001 y\u0131l\u0131nda vizyona giren ve T\u00fcrk komedi sinemas\u0131n\u0131n k\u00fclt yap\u0131mlar\u0131 aras\u0131nda yer alan <em>Vizontele<\/em> ile b\u00fcy\u00fck bir \u00e7\u0131k\u0131\u015f yakalayan, ard\u0131ndan <em>G.O.R.A<\/em> (2004), <em>A.R.O.G<\/em> (2008), <em>Yah\u015fi Bat\u0131<\/em> (2010) ve <em>A\u015fk Tesad\u00fcfleri Sever<\/em> (2011) gibi hem gi\u015fede hem de izleyicilerin kalbinde yer eden filmlerle ad\u0131ndan s\u0131k\u00e7a s\u00f6z ettiren Sorak samimi bir atmosferde ge\u00e7en s\u00f6yle\u015fide, y\u00f6netmenlik s\u00fcrecinden set deneyimlerine, film yap\u0131m a\u015famalar\u0131ndan sekt\u00f6rde kar\u015f\u0131la\u015f\u0131lan zorluklara kadar bir\u00e7ok konuya de\u011findi. \u00d6mer Faruk Sorak, \u00f6\u011frencilerin y\u00f6neltti\u011fi sorular\u0131 i\u00e7tenlikle yan\u0131tlayarak, gen\u00e7 sinemac\u0131lara ilham verecek tavsiyelerde bulundu.<\/p>\n\n\n\n<p>ANTALYA\u2019YI DO\u011eAL F\u0130LM PLATOSU OLARAK TANIMLADI<\/p>\n\n\n\n<p>S\u00f6yle\u015fide, \u00e7ekimlerinin bir b\u00f6l\u00fcm\u00fc Antalya\u2019da ger\u00e7ekle\u015ftirilen G.O.R.A filminden de bahseden \u00d6mer Faruk Sorak, Antalya\u2019n\u0131n sinema sekt\u00f6r\u00fc i\u00e7in sundu\u011fu do\u011fal olanaklara dikkat \u00e7ekti. Antalya\u2019n\u0131n sadece do\u011fas\u0131yla de\u011fil, iklimi ve mimari \u00e7e\u015fitlili\u011fiyle de do\u011fal bir film platosu oldu\u011funu ifade eden Sorak, \u201cGORA\u2019da burada \u00e7al\u0131\u015fmak bizim i\u00e7in \u00e7ok b\u00fcy\u00fck bir avantajd\u0131. Antalya, g\u00f6rsel zenginli\u011fi ve lojistik imk\u00e2nlar\u0131yla \u00e7ok y\u00f6nl\u00fc \u00e7ekimlere son derece uygun bir \u015fehir. Buras\u0131 sadece bir turizm \u015fehri de\u011fil, ayn\u0131 zamanda bir sinema \u015fehri de olabilir.\u201d dedi. Sorak, Antalya\u2019y\u0131 sinema kenti haline getirme y\u00f6n\u00fcnde y\u00fcr\u00fct\u00fclen \u00e7al\u0131\u015fmalar\u0131n bu a\u00e7\u0131dan \u00e7ok k\u0131ymetli oldu\u011funu vurgulad\u0131.<\/p>\n\n\n\n<p>\u00d6NEML\u0130 OLAN BU TRENE B\u0130NMEKT\u0130R<\/p>\n\n\n\n<p>Kariyeri boyunca bir\u00e7ok gi\u015fe rekortmeni filme imza atan hem sinema hem de televizyon d\u00fcnyas\u0131nda \u00f6nemli bir iz b\u0131rakan Sorak, \u00f6\u011frencilerin yo\u011fun ilgi g\u00f6sterdi\u011fi etkinlikte, teorik bilgilerin \u00f6tesinde pratik deneyimlerin ve ki\u015fisel geli\u015fimin sinema alan\u0131ndaki \u00f6nemine dikkat \u00e7ekti. Sinema sekt\u00f6r\u00fcn\u00fc hareket eden bir trene benzeten Sorak, \u201c\u00d6nemli olan bu trene binmektir. \u0130lk ba\u015fta hangi vagonda oldu\u011funuzun \u00e7ok bir \u00f6nemi yok. \u00c7\u00fcnk\u00fc vagonlar zaten birbirlerine ba\u011fl\u0131 ve ileriki zamanlarda bir vagondan di\u011ferine ge\u00e7i\u015fler m\u00fcmk\u00fcn. Ama siz en do\u011fru vagona binmek i\u00e7in \u00e7ok beklerseniz treni ka\u00e7\u0131rabilirsiniz.\u201d diye konu\u015ftu.<\/p>\n\n\n\n<p>4 g\u00fcn s\u00fcren Film Yap\u0131m Festivali kapsam\u0131nda d\u00fczenlenen Masterclass, \u00f6\u011frencilerin sekt\u00f6re dair fark\u0131ndal\u0131klar\u0131n\u0131 art\u0131rmay\u0131 ve deneyimli isimlerle do\u011frudan temas kurmalar\u0131n\u0131 sa\u011flamay\u0131 hedefliyor.<\/p>\n\n\n\n<p>Akdeniz \u00dcniversitesi Rekt\u00f6rl\u00fc\u011f\u00fc \/ B\u00fclten<\/p>\n\n\n\n<p><\/p>\n","protected":false},"excerpt":{"rendered":"<p>Akdeniz \u00dcniversitesi ile Akdeniz Film Yap\u0131m ve Tan\u0131t\u0131m Derne\u011fi i\u015f birli\u011fiyle bu y\u0131l ilk kez d\u00fczenlenen Film Yap\u0131m Festivali kapsam\u0131nda usta y\u00f6netmen \u00d6mer Faruk Sorak, <a href=\"https:\/\/akdenizhaber.com.tr\/index.php\/2025\/05\/19\/usta-yonetmen-omer-faruk-sorak-akdeniz-universitesinde-ogrencilerle-bulustu\/\" class=\"read-more-link\">[more&#8230;]<\/a><\/p>\n","protected":false},"author":2,"featured_media":28818,"comment_status":"open","ping_status":"open","sticky":false,"template":"","format":"standard","meta":{"footnotes":""},"categories":[2],"tags":[],"class_list":["post-28817","post","type-post","status-publish","format-standard","has-post-thumbnail","hentry","category-gundem"],"_links":{"self":[{"href":"https:\/\/akdenizhaber.com.tr\/index.php\/wp-json\/wp\/v2\/posts\/28817","targetHints":{"allow":["GET"]}}],"collection":[{"href":"https:\/\/akdenizhaber.com.tr\/index.php\/wp-json\/wp\/v2\/posts"}],"about":[{"href":"https:\/\/akdenizhaber.com.tr\/index.php\/wp-json\/wp\/v2\/types\/post"}],"author":[{"embeddable":true,"href":"https:\/\/akdenizhaber.com.tr\/index.php\/wp-json\/wp\/v2\/users\/2"}],"replies":[{"embeddable":true,"href":"https:\/\/akdenizhaber.com.tr\/index.php\/wp-json\/wp\/v2\/comments?post=28817"}],"version-history":[{"count":1,"href":"https:\/\/akdenizhaber.com.tr\/index.php\/wp-json\/wp\/v2\/posts\/28817\/revisions"}],"predecessor-version":[{"id":28819,"href":"https:\/\/akdenizhaber.com.tr\/index.php\/wp-json\/wp\/v2\/posts\/28817\/revisions\/28819"}],"wp:featuredmedia":[{"embeddable":true,"href":"https:\/\/akdenizhaber.com.tr\/index.php\/wp-json\/wp\/v2\/media\/28818"}],"wp:attachment":[{"href":"https:\/\/akdenizhaber.com.tr\/index.php\/wp-json\/wp\/v2\/media?parent=28817"}],"wp:term":[{"taxonomy":"category","embeddable":true,"href":"https:\/\/akdenizhaber.com.tr\/index.php\/wp-json\/wp\/v2\/categories?post=28817"},{"taxonomy":"post_tag","embeddable":true,"href":"https:\/\/akdenizhaber.com.tr\/index.php\/wp-json\/wp\/v2\/tags?post=28817"}],"curies":[{"name":"wp","href":"https:\/\/api.w.org\/{rel}","templated":true}]}}