{"id":28788,"date":"2025-05-15T16:40:24","date_gmt":"2025-05-15T13:40:24","guid":{"rendered":"https:\/\/akdenizhaber.com.tr\/?p=28788"},"modified":"2025-05-15T16:40:25","modified_gmt":"2025-05-15T13:40:25","slug":"kirim-turklerinden-engellilere-ozel-etkinlik","status":"publish","type":"post","link":"https:\/\/akdenizhaber.com.tr\/index.php\/2025\/05\/15\/kirim-turklerinden-engellilere-ozel-etkinlik\/","title":{"rendered":"K\u0131r\u0131m T\u00fcrklerinden Engellilere \u00d6zel Etkinlik"},"content":{"rendered":"\n<p>K\u0131r\u0131m T\u00fcrkleri K\u00fclt\u00fcr ve Yard\u0131mla\u015fma Derne\u011fi Manavgat \u015eubesi Engelliler haftas\u0131 nedeniyle ge\u00e7ti\u011fimiz g\u00fcnlerde etkinlikler d\u00fczenleyerek Engellilere g\u00fc\u00e7 ve moral verdi.<\/p>\n\n\n\n<p>K\u0131r\u0131m T\u00fcrkleri Derne\u011fi Manavgat \u015eube Ba\u015fkan\u0131 Dr. Di\u011fdem Ba\u015fak Ba\u015fk\u0131r \u00c7al\u0131\u015fkan, etkinlik i\u00e7in otel kap\u0131lar\u0131n\u0131 a\u00e7an ve \u00f6zel \u00e7ocuklar\u0131 konuk eden AK Parti Manavgat \u0130l\u00e7e Ba\u015fkan\u0131 Niyazi \u00dcnal\u2019a dernek ve t\u00fcm \u00e7ocuklar ad\u0131na \u00f6zel te\u015fekk\u00fcr etti\u011fini s\u00f6yledi.<\/p>\n\n\n\n<p>Dernek Ba\u015fkan\u0131 Dr. Di\u011fdem Ba\u015fak Ba\u015fk\u0131r \u00c7al\u0131\u015fkan,\u201d Bu anlaml\u0131 g\u00fcn bizler i\u00e7in \u00e7ok \u00f6nemli idi Engelliler haftas\u0131nda engellerin g\u00fc\u00e7 birli\u011fi i\u00e7erisinde a\u015f\u0131laca\u011f\u0131n\u0131 bir kez daha g\u00f6stermi\u015f olduk. \u00d6zel g\u00fcnde \u00e7ocuklara vermi\u015f oldu\u011fumuz kahvalt\u0131 i\u00e7in bize b\u00fcy\u00fck destek veren Ak Parti \u0130l\u00e7e ba\u015fkan\u0131 Niyazi \u00dcnal\u2019a, il\u00e7e Milli E\u011fitim m\u00fcd\u00fcr\u00fc Ali Hakan \u00d6z\u2019e, Okul M\u00fcd\u00fcr\u00fc \u015eerafettin \u00c7etin, Okul M\u00fcd\u00fcr Yard\u0131mc\u0131 Y\u00fccel Aslan, \u00f6\u011fretmen kadrosuna, de\u011ferli \u00f6\u011frencilerimize ve velilerimize katk\u0131lar\u0131ndan dolay\u0131 te\u015fekk\u00fcr ediyorum\u201d dedi.<\/p>\n\n\n\n<p>K\u0131r\u0131m T\u00fcrkleri Derne\u011fi Manavgat \u015eube Ba\u015fkan\u0131 Dr. Di\u011fdem Ba\u015fak Ba\u015fk\u0131r \u00c7al\u0131\u015fkan, s\u00f6zlerini \u015f\u00f6yle noktalad\u0131;<\/p>\n\n\n\n<p>\u201cBug\u00fcn\u00fc sadece \u00f6zel \u00e7ocuklar\u0131m\u0131z ve ailelerine adad\u0131k, K\u0131r\u0131m T\u00fcrkleri derne\u011fi olarak bu anlaml\u0131 g\u00fcn\u00fcn muhte\u015fem ge\u00e7mesi ad\u0131na her t\u00fcrl\u00fc fedakarl\u0131\u011f\u0131 ortaya koyanlara \u00f6zel \u00e7ocuklar\u0131m\u0131z ad\u0131na bir kez daha te\u015fekk\u00fcr ediyoruz. \u00c7ocuklar\u0131m\u0131za ya\u015famlar\u0131 boyu unutamayacaklar\u0131 bir an\u0131 b\u0131rakmak ad\u0131na haz\u0131rlad\u0131\u011f\u0131m\u0131z bu anlaml\u0131 etkinlikten \u00e7ocuklar\u0131m\u0131z\u0131n \u00e7ok mutlu olmalar\u0131 bizleri de \u00e7ok mutlu etti\u201d<\/p>\n\n\n\n<p>B\u00fc\u015fra Deveci \/ Haber<\/p>\n","protected":false},"excerpt":{"rendered":"<p>K\u0131r\u0131m T\u00fcrkleri K\u00fclt\u00fcr ve Yard\u0131mla\u015fma Derne\u011fi Manavgat \u015eubesi Engelliler haftas\u0131 nedeniyle ge\u00e7ti\u011fimiz g\u00fcnlerde etkinlikler d\u00fczenleyerek Engellilere g\u00fc\u00e7 ve moral verdi. K\u0131r\u0131m T\u00fcrkleri Derne\u011fi Manavgat \u015eube <a href=\"https:\/\/akdenizhaber.com.tr\/index.php\/2025\/05\/15\/kirim-turklerinden-engellilere-ozel-etkinlik\/\" class=\"read-more-link\">[more&#8230;]<\/a><\/p>\n","protected":false},"author":2,"featured_media":28789,"comment_status":"open","ping_status":"open","sticky":false,"template":"","format":"standard","meta":{"footnotes":""},"categories":[2],"tags":[],"class_list":["post-28788","post","type-post","status-publish","format-standard","has-post-thumbnail","hentry","category-gundem"],"_links":{"self":[{"href":"https:\/\/akdenizhaber.com.tr\/index.php\/wp-json\/wp\/v2\/posts\/28788","targetHints":{"allow":["GET"]}}],"collection":[{"href":"https:\/\/akdenizhaber.com.tr\/index.php\/wp-json\/wp\/v2\/posts"}],"about":[{"href":"https:\/\/akdenizhaber.com.tr\/index.php\/wp-json\/wp\/v2\/types\/post"}],"author":[{"embeddable":true,"href":"https:\/\/akdenizhaber.com.tr\/index.php\/wp-json\/wp\/v2\/users\/2"}],"replies":[{"embeddable":true,"href":"https:\/\/akdenizhaber.com.tr\/index.php\/wp-json\/wp\/v2\/comments?post=28788"}],"version-history":[{"count":1,"href":"https:\/\/akdenizhaber.com.tr\/index.php\/wp-json\/wp\/v2\/posts\/28788\/revisions"}],"predecessor-version":[{"id":28791,"href":"https:\/\/akdenizhaber.com.tr\/index.php\/wp-json\/wp\/v2\/posts\/28788\/revisions\/28791"}],"wp:featuredmedia":[{"embeddable":true,"href":"https:\/\/akdenizhaber.com.tr\/index.php\/wp-json\/wp\/v2\/media\/28789"}],"wp:attachment":[{"href":"https:\/\/akdenizhaber.com.tr\/index.php\/wp-json\/wp\/v2\/media?parent=28788"}],"wp:term":[{"taxonomy":"category","embeddable":true,"href":"https:\/\/akdenizhaber.com.tr\/index.php\/wp-json\/wp\/v2\/categories?post=28788"},{"taxonomy":"post_tag","embeddable":true,"href":"https:\/\/akdenizhaber.com.tr\/index.php\/wp-json\/wp\/v2\/tags?post=28788"}],"curies":[{"name":"wp","href":"https:\/\/api.w.org\/{rel}","templated":true}]}}