{"id":28787,"date":"2025-05-15T16:40:29","date_gmt":"2025-05-15T13:40:29","guid":{"rendered":"https:\/\/akdenizhaber.com.tr\/?p=28787"},"modified":"2025-05-15T16:41:53","modified_gmt":"2025-05-15T13:41:53","slug":"cw-enerji-turkiye-yagli-gures-ligi-manavgatta-basliyor","status":"publish","type":"post","link":"https:\/\/akdenizhaber.com.tr\/index.php\/2025\/05\/15\/cw-enerji-turkiye-yagli-gures-ligi-manavgatta-basliyor\/","title":{"rendered":"CW Enerji T\u00fcrkiye Ya\u011fl\u0131 G\u00fcre\u015f Ligi Manavgat&#8217;ta Ba\u015fl\u0131yor"},"content":{"rendered":"\n<p>CW Enerji T\u00fcrkiye Ya\u011fl\u0131 G\u00fcre\u015f Ligi Manavgat Belediyesi 12. Ya\u011fl\u0131 Pehlivan G\u00fcre\u015fleri ba\u015fl\u0131yor.<\/p>\n\n\n\n<p>CW Enerji T\u00fcrkiye Ya\u011fl\u0131 G\u00fcre\u015f Ligi\u2019nin ilk etab\u0131 olan Manavgat Belediyesi 12. Ya\u011fl\u0131 Pehlivan G\u00fcre\u015fleri, 16-17-18 May\u0131s tarihlerinde Manavgat Il\u0131ca Er Meydan\u0131\u2019nda ger\u00e7ekle\u015ftirilecek.<\/p>\n\n\n\n<p>Manavgat Belediyesi\u2019nin ev sahipli\u011finde d\u00fczenlenen organizasyona, binlerce pehlivan kat\u0131lacak. 16 May\u0131s Cuma g\u00fcn\u00fc alt boylar\u0131n m\u00fcsabakalar\u0131yla ba\u015flayacak olan Manavgat Ya\u011fl\u0131 Pehlivan G\u00fcre\u015fleri, pazar g\u00fcn\u00fc yap\u0131lacak Ba\u015fpehlivanl\u0131k final m\u00fcsabakas\u0131yla sona erecek.<\/p>\n\n\n\n<p>Manavgat Belediyesi \/ B\u00fclten<\/p>\n","protected":false},"excerpt":{"rendered":"<p>CW Enerji T\u00fcrkiye Ya\u011fl\u0131 G\u00fcre\u015f Ligi Manavgat Belediyesi 12. Ya\u011fl\u0131 Pehlivan G\u00fcre\u015fleri ba\u015fl\u0131yor. CW Enerji T\u00fcrkiye Ya\u011fl\u0131 G\u00fcre\u015f Ligi\u2019nin ilk etab\u0131 olan Manavgat Belediyesi 12. <a href=\"https:\/\/akdenizhaber.com.tr\/index.php\/2025\/05\/15\/cw-enerji-turkiye-yagli-gures-ligi-manavgatta-basliyor\/\" class=\"read-more-link\">[more&#8230;]<\/a><\/p>\n","protected":false},"author":2,"featured_media":28790,"comment_status":"open","ping_status":"open","sticky":false,"template":"","format":"standard","meta":{"footnotes":""},"categories":[2],"tags":[],"class_list":["post-28787","post","type-post","status-publish","format-standard","has-post-thumbnail","hentry","category-gundem"],"_links":{"self":[{"href":"https:\/\/akdenizhaber.com.tr\/index.php\/wp-json\/wp\/v2\/posts\/28787","targetHints":{"allow":["GET"]}}],"collection":[{"href":"https:\/\/akdenizhaber.com.tr\/index.php\/wp-json\/wp\/v2\/posts"}],"about":[{"href":"https:\/\/akdenizhaber.com.tr\/index.php\/wp-json\/wp\/v2\/types\/post"}],"author":[{"embeddable":true,"href":"https:\/\/akdenizhaber.com.tr\/index.php\/wp-json\/wp\/v2\/users\/2"}],"replies":[{"embeddable":true,"href":"https:\/\/akdenizhaber.com.tr\/index.php\/wp-json\/wp\/v2\/comments?post=28787"}],"version-history":[{"count":1,"href":"https:\/\/akdenizhaber.com.tr\/index.php\/wp-json\/wp\/v2\/posts\/28787\/revisions"}],"predecessor-version":[{"id":28792,"href":"https:\/\/akdenizhaber.com.tr\/index.php\/wp-json\/wp\/v2\/posts\/28787\/revisions\/28792"}],"wp:featuredmedia":[{"embeddable":true,"href":"https:\/\/akdenizhaber.com.tr\/index.php\/wp-json\/wp\/v2\/media\/28790"}],"wp:attachment":[{"href":"https:\/\/akdenizhaber.com.tr\/index.php\/wp-json\/wp\/v2\/media?parent=28787"}],"wp:term":[{"taxonomy":"category","embeddable":true,"href":"https:\/\/akdenizhaber.com.tr\/index.php\/wp-json\/wp\/v2\/categories?post=28787"},{"taxonomy":"post_tag","embeddable":true,"href":"https:\/\/akdenizhaber.com.tr\/index.php\/wp-json\/wp\/v2\/tags?post=28787"}],"curies":[{"name":"wp","href":"https:\/\/api.w.org\/{rel}","templated":true}]}}