{"id":28733,"date":"2025-05-12T16:42:40","date_gmt":"2025-05-12T13:42:40","guid":{"rendered":"https:\/\/akdenizhaber.com.tr\/?p=28733"},"modified":"2025-05-12T16:42:40","modified_gmt":"2025-05-12T13:42:40","slug":"ak-parti-ilce-baskani-sessizligini-bozdu","status":"publish","type":"post","link":"https:\/\/akdenizhaber.com.tr\/index.php\/2025\/05\/12\/ak-parti-ilce-baskani-sessizligini-bozdu\/","title":{"rendered":"Ak Parti \u0130l\u00e7e Ba\u015fkan\u0131 Sessizli\u011fini Bozdu"},"content":{"rendered":"\n<p>Ak Parti il\u00e7e ba\u015fkan\u0131 Niyazi \u00dcnal ge\u00e7ti\u011fimiz hafta sessizli\u011fini bozarak Manavgat Belediyesi ile ilgi bir a\u00e7\u0131klama yapt\u0131.<\/p>\n\n\n\n<p>Manavgat Belediyesinin vizyonsuz bir y\u00f6netimin elinde oldu\u011funa dikkat \u00e7eken Niyazi \u00dcnal, sosyal medya arac\u0131l\u0131\u011f\u0131 ile Manavgatl\u0131lara a\u015fa\u011f\u0131daki a\u00e7\u0131klamay\u0131 yapt\u0131;<\/p>\n\n\n\n<p>\u201cK\u0131ymetli hem\u015ferilerimiz,<\/p>\n\n\n\n<p>Manavgat Belediyesi\u2019nin d\u00fcn, 9 May\u0131s 2025 g\u00fcn\u00fc, sosyal medya arac\u0131l\u0131\u011f\u0131 ile yapt\u0131\u011f\u0131 a\u00e7\u0131klama, il\u00e7emizin vizyonsuz bir zihniyetin elinde nas\u0131l heba olup gitti\u011fini bir kez daha g\u00f6zler \u00f6n\u00fcne sermi\u015ftir.<\/p>\n\n\n\n<p>S\u00f6z konusu a\u00e7\u0131klamada, \u00c7olakl\u0131 Mahallesi\u2019nde bir vatanda\u015f\u0131m\u0131z\u0131n arsas\u0131n\u0131n yolda kalan k\u0131sm\u0131n\u0131 trafi\u011fe kapatmas\u0131ndan dolay\u0131 \u00c7evre \u015eehircilik ve \u0130klim De\u011fi\u015fikli\u011fi Bakanl\u0131\u011f\u0131m\u0131z sorumlu tutulmu\u015f, Manavgat Belediye Y\u00f6netimi kendi \u00fczerinden sorumlulu\u011fu atmaya \u00e7al\u0131\u015fm\u0131\u015ft\u0131r.<\/p>\n\n\n\n<p>\u0130\u015fin asl\u0131 \u015fudur ki; M\u00fclk sahibi vatanda\u015f\u0131m\u0131z parselinin imar yolu \u00fczerinde kalan 1460,05 metrekarelik k\u0131sm\u0131n kamula\u015ft\u0131rma bedelinin \u00f6denmesi i\u00e7in Manavgat Belediyesi\u2019ne dava a\u00e7m\u0131\u015f ve s\u00f6z konusu dava \u00fcst mahkemede onanm\u0131\u015ft\u0131r.<\/p>\n\n\n\n<p>Davac\u0131n\u0131n m\u00fclkiyet hakk\u0131 kapsam\u0131nda dava tarihinden itibaren ge\u00e7en s\u00fcre\u00e7te Manavgat Belediyesi kamula\u015ft\u0131rma bedelini \u00f6dememi\u015f, vatanda\u015f hakk\u0131n\u0131 farkl\u0131 \u015fekilde aramak zorunda kalm\u0131\u015f ve maalesef turizm sezonu tam ba\u015flamak \u00fczereyken b\u00f6yle bir tablo ortaya \u00e7\u0131km\u0131\u015ft\u0131r.<\/p>\n\n\n\n<p>B\u00fct\u00e7esi bir\u00e7ok ilden daha fazla olan Belediyemizin rutin bir belediyecilik i\u015flemini yapamayarak \u00fclke g\u00fcndemine bu \u015fekilde d\u00fc\u015fmesi \u00fcz\u00fcnt\u00fc vericidir.<\/p>\n\n\n\n<p>16 y\u0131ld\u0131r Manavgat\u2019\u0131m\u0131z\u0131n de\u011ferli arsalar\u0131 bol keseden sat\u0131l\u0131rken, vatanda\u015f\u0131n kamula\u015ft\u0131rma bedelini \u00f6demek i\u00e7in neden hi\u00e7bir kaynak ayr\u0131lmad\u0131\u011f\u0131 sorusu ak\u0131llara gelmektedir.<\/p>\n\n\n\n<p>Her t\u00fcrl\u00fc festival, konser ve e\u011flence i\u00e7in kaynak ay\u0131rabilen bu y\u00f6netimin esas i\u015fi olan belediyecili\u011fi bir kenara b\u0131rak\u0131p animasyon \u015firketi mant\u0131\u011f\u0131 ile il\u00e7eyi y\u00f6netmesini hayretle kar\u015f\u0131l\u0131yoruz.<\/p>\n\n\n\n<p>Say\u0131n Belediye Ba\u015fkan\u0131\u2019na bir y\u0131l\u0131 geride b\u0131rakt\u0131\u011f\u0131n\u0131, cicim aylar\u0131n\u0131n bitti\u011fini ve art\u0131k belediyecilik anlam\u0131nda sorumluluk almas\u0131 gerekti\u011fini hat\u0131rlatmak isteriz.<\/p>\n\n\n\n<p>E\u011flence sekt\u00f6r\u00fcnde g\u00f6sterdikleri \u00e7abay\u0131 vatanda\u015f\u0131n sorunlar\u0131n\u0131 \u00e7\u00f6zme noktas\u0131nda da g\u00f6stermelerini \u00fcmit ediyoruz. Hem\u015ferilerimiz elle tutulur, g\u00f6zle g\u00f6r\u00fcl\u00fcr ciddi belediyecilik hizmetleri beklemektedir.<\/p>\n\n\n\n<p>AK Parti \u0130l\u00e7e te\u015fkilat\u0131 olarak Manavgat Belediyesi\u2019nin bu konuyla ilgili ilerleyen s\u00fcre\u00e7te alaca\u011f\u0131 kararlar\u0131n yak\u0131n takip\u00e7isi olaca\u011f\u0131m\u0131z\u0131n bilinmesini ister, t\u00fcm hem\u015ferilerimize sayg\u0131lar\u0131m\u0131z\u0131 sunar\u0131z\u201d dedi.<\/p>\n\n\n\n<p>B\u00fc\u015fra Deveci \/ Haber<\/p>\n\n\n\n<p><\/p>\n","protected":false},"excerpt":{"rendered":"<p>Ak Parti il\u00e7e ba\u015fkan\u0131 Niyazi \u00dcnal ge\u00e7ti\u011fimiz hafta sessizli\u011fini bozarak Manavgat Belediyesi ile ilgi bir a\u00e7\u0131klama yapt\u0131. Manavgat Belediyesinin vizyonsuz bir y\u00f6netimin elinde oldu\u011funa dikkat <a href=\"https:\/\/akdenizhaber.com.tr\/index.php\/2025\/05\/12\/ak-parti-ilce-baskani-sessizligini-bozdu\/\" class=\"read-more-link\">[more&#8230;]<\/a><\/p>\n","protected":false},"author":2,"featured_media":28734,"comment_status":"open","ping_status":"open","sticky":false,"template":"","format":"standard","meta":{"footnotes":""},"categories":[2],"tags":[],"class_list":["post-28733","post","type-post","status-publish","format-standard","has-post-thumbnail","hentry","category-gundem"],"_links":{"self":[{"href":"https:\/\/akdenizhaber.com.tr\/index.php\/wp-json\/wp\/v2\/posts\/28733","targetHints":{"allow":["GET"]}}],"collection":[{"href":"https:\/\/akdenizhaber.com.tr\/index.php\/wp-json\/wp\/v2\/posts"}],"about":[{"href":"https:\/\/akdenizhaber.com.tr\/index.php\/wp-json\/wp\/v2\/types\/post"}],"author":[{"embeddable":true,"href":"https:\/\/akdenizhaber.com.tr\/index.php\/wp-json\/wp\/v2\/users\/2"}],"replies":[{"embeddable":true,"href":"https:\/\/akdenizhaber.com.tr\/index.php\/wp-json\/wp\/v2\/comments?post=28733"}],"version-history":[{"count":1,"href":"https:\/\/akdenizhaber.com.tr\/index.php\/wp-json\/wp\/v2\/posts\/28733\/revisions"}],"predecessor-version":[{"id":28735,"href":"https:\/\/akdenizhaber.com.tr\/index.php\/wp-json\/wp\/v2\/posts\/28733\/revisions\/28735"}],"wp:featuredmedia":[{"embeddable":true,"href":"https:\/\/akdenizhaber.com.tr\/index.php\/wp-json\/wp\/v2\/media\/28734"}],"wp:attachment":[{"href":"https:\/\/akdenizhaber.com.tr\/index.php\/wp-json\/wp\/v2\/media?parent=28733"}],"wp:term":[{"taxonomy":"category","embeddable":true,"href":"https:\/\/akdenizhaber.com.tr\/index.php\/wp-json\/wp\/v2\/categories?post=28733"},{"taxonomy":"post_tag","embeddable":true,"href":"https:\/\/akdenizhaber.com.tr\/index.php\/wp-json\/wp\/v2\/tags?post=28733"}],"curies":[{"name":"wp","href":"https:\/\/api.w.org\/{rel}","templated":true}]}}