{"id":28730,"date":"2025-05-12T16:41:34","date_gmt":"2025-05-12T13:41:34","guid":{"rendered":"https:\/\/akdenizhaber.com.tr\/?p=28730"},"modified":"2025-05-12T16:41:35","modified_gmt":"2025-05-12T13:41:35","slug":"ns-art-studiodan-bir-odul-daha","status":"publish","type":"post","link":"https:\/\/akdenizhaber.com.tr\/index.php\/2025\/05\/12\/ns-art-studiodan-bir-odul-daha\/","title":{"rendered":"NS.Art Studio\u2019dan Bir \u00d6d\u00fcl Daha"},"content":{"rendered":"\n<p>Manavgat Sanat At\u00f6lyesinin \u00f6\u011frencileri \u00f6d\u00fcllere doymuyor. Manavgat Sanat at\u00f6lyesi kurucusu , g\u00f6rsel sanatlar \u00f6\u011fretmeni Nurcan \u015eim\u015fek\u2019in \u00f6\u011frencileri kat\u0131ld\u0131klar\u0131 t\u00fcm yar\u0131\u015fmalardan \u00f6d\u00fclle d\u00f6nerek Manavgat\u2019\u0131 en iyi bi\u00e7imde temsil etmeye devam ediyorlar.<\/p>\n\n\n\n<p>\u00d6zkaymak seyahatin d\u00fczenledi\u011fi Resim yar\u0131\u015fmas\u0131nda y\u00fczlerce resim aras\u0131ndan derece kazananlar aras\u0131nda Manavgat il\u00e7esinin yer almas\u0131 il\u00e7emiz sanatseverleri ve \u00f6\u011frencileri aras\u0131nda sevin\u00e7le kar\u015f\u0131land\u0131.,<\/p>\n\n\n\n<p>\u00d6zkaymak seyahatin &#8220;Atat\u00fcrk ve \u00e7ocuk &#8221; konulu resim yar\u0131\u015fmas\u0131nda NS.ARTSTUD\u0130O Manavgat Sanat At\u00f6lyesi \u00f6\u011frencisi Elisa Tuncer T\u00fcrkiye 2. derecesi ile 7500 liral\u0131k \u00f6d\u00fcl\u00fcn sahibi oldu.<\/p>\n\n\n\n<p>Elisa Tuncer bu yar\u0131\u015fma \u00f6ncesi Atat\u00fcrk\u00e7\u00fc D\u00fc\u015f\u00fcnce Derne\u011fi&#8217;nin d\u00fczenledi\u011fi yar\u0131\u015fmada 2.lik, Manavgat Sanat\u00e7\u0131lar Derne\u011fi&#8217;nin d\u00fczenledi\u011fi resim yar\u0131\u015fmas\u0131nda ise 3. l\u00fck \u00f6d\u00fcl\u00fc ald\u0131.<\/p>\n\n\n\n<p>Elisa Tuncer kazand\u0131\u011f\u0131 bu ba\u015far\u0131n\u0131n G\u00f6rsel sanatlar \u00d6\u011fretmeni Nurcan \u015eim\u015fek&#8217;in kurdu\u011fu NS.ARTSTUD\u0130O Manavgat Sanat At\u00f6lyesinde ald\u0131\u011f\u0131 e\u011fitimler sayesinde oldu\u011funu belirterek \u00f6\u011fretmenine te\u015fekk\u00fcr etti.<\/p>\n\n\n\n<p>Tecr\u00fcbeli Sanat e\u011fitimcisi Nurcan \u015eim\u015fek Sanat at\u00f6lyesinde \u00f6\u011frencileri T\u00fcrkiye genelinde, il ve il\u00e7e \u00e7ap\u0131nda bir\u00e7ok yar\u0131\u015fmada ba\u015far\u0131lar kazanarak Manavgat&#8217;\u0131n sanat alan\u0131nda gurur kayna\u011f\u0131 oldu. Uluslararas\u0131 sanat\u00e7\u0131 olan, sanat e\u011fitime verdi\u011fi \u00f6nem ile ba\u015far\u0131lara imza atan Nurcan \u015eim\u015fek dereceye giren Elisa Tuncer ve ailesini kutlad\u0131.<\/p>\n\n\n\n<p>B\u00fc\u015fra Deveci \/ Haber<\/p>\n","protected":false},"excerpt":{"rendered":"<p>Manavgat Sanat At\u00f6lyesinin \u00f6\u011frencileri \u00f6d\u00fcllere doymuyor. Manavgat Sanat at\u00f6lyesi kurucusu , g\u00f6rsel sanatlar \u00f6\u011fretmeni Nurcan \u015eim\u015fek\u2019in \u00f6\u011frencileri kat\u0131ld\u0131klar\u0131 t\u00fcm yar\u0131\u015fmalardan \u00f6d\u00fclle d\u00f6nerek Manavgat\u2019\u0131 en iyi <a href=\"https:\/\/akdenizhaber.com.tr\/index.php\/2025\/05\/12\/ns-art-studiodan-bir-odul-daha\/\" class=\"read-more-link\">[more&#8230;]<\/a><\/p>\n","protected":false},"author":2,"featured_media":28731,"comment_status":"open","ping_status":"open","sticky":false,"template":"","format":"standard","meta":{"footnotes":""},"categories":[2],"tags":[],"class_list":["post-28730","post","type-post","status-publish","format-standard","has-post-thumbnail","hentry","category-gundem"],"_links":{"self":[{"href":"https:\/\/akdenizhaber.com.tr\/index.php\/wp-json\/wp\/v2\/posts\/28730","targetHints":{"allow":["GET"]}}],"collection":[{"href":"https:\/\/akdenizhaber.com.tr\/index.php\/wp-json\/wp\/v2\/posts"}],"about":[{"href":"https:\/\/akdenizhaber.com.tr\/index.php\/wp-json\/wp\/v2\/types\/post"}],"author":[{"embeddable":true,"href":"https:\/\/akdenizhaber.com.tr\/index.php\/wp-json\/wp\/v2\/users\/2"}],"replies":[{"embeddable":true,"href":"https:\/\/akdenizhaber.com.tr\/index.php\/wp-json\/wp\/v2\/comments?post=28730"}],"version-history":[{"count":1,"href":"https:\/\/akdenizhaber.com.tr\/index.php\/wp-json\/wp\/v2\/posts\/28730\/revisions"}],"predecessor-version":[{"id":28732,"href":"https:\/\/akdenizhaber.com.tr\/index.php\/wp-json\/wp\/v2\/posts\/28730\/revisions\/28732"}],"wp:featuredmedia":[{"embeddable":true,"href":"https:\/\/akdenizhaber.com.tr\/index.php\/wp-json\/wp\/v2\/media\/28731"}],"wp:attachment":[{"href":"https:\/\/akdenizhaber.com.tr\/index.php\/wp-json\/wp\/v2\/media?parent=28730"}],"wp:term":[{"taxonomy":"category","embeddable":true,"href":"https:\/\/akdenizhaber.com.tr\/index.php\/wp-json\/wp\/v2\/categories?post=28730"},{"taxonomy":"post_tag","embeddable":true,"href":"https:\/\/akdenizhaber.com.tr\/index.php\/wp-json\/wp\/v2\/tags?post=28730"}],"curies":[{"name":"wp","href":"https:\/\/api.w.org\/{rel}","templated":true}]}}