{"id":28716,"date":"2025-05-12T16:35:45","date_gmt":"2025-05-12T13:35:45","guid":{"rendered":"https:\/\/akdenizhaber.com.tr\/?p=28716"},"modified":"2025-05-12T16:35:45","modified_gmt":"2025-05-12T13:35:45","slug":"sporda-yine-sinifta-kaldik","status":"publish","type":"post","link":"https:\/\/akdenizhaber.com.tr\/index.php\/2025\/05\/12\/sporda-yine-sinifta-kaldik\/","title":{"rendered":"Spor\u2019da Yine S\u0131n\u0131fta Kald\u0131k"},"content":{"rendered":"\n<p>Manavgat Belediyespor ge\u00e7ti\u011fimiz y\u0131llar gibi bu y\u0131lda spor dallar\u0131nda s\u0131n\u0131fta kalarak Manavgatl\u0131 sporseverleri bir kez daha \u00fczd\u00fc.<\/p>\n\n\n\n<p>Kad\u0131nlar Voleybol ve Manavgat Belediyespor futbol tak\u0131mlar\u0131 finallerden elleri bo\u015f d\u00f6nd\u00fc.<\/p>\n\n\n\n<p>Her iki tak\u0131ma milyonlarca lira harcayan Manavgat Belediyesinin ba\u015far\u0131s\u0131zl\u0131\u011f\u0131n\u0131n faturas\u0131 Belediye ba\u015fkan\u0131 Dr. Niyazi Nefi Kara ile her iki tak\u0131m\u0131n y\u00f6netimlerinde bulunan ki\u015filerle tak\u0131mlar\u0131n teknik kadrosuna \u00e7\u0131kar\u0131ld\u0131.<\/p>\n\n\n\n<p>Kad\u0131nlar Voleybol tak\u0131m\u0131 Nev\u015fehir\u2019deki finallerden eli bo\u015f d\u00f6nerken, ge\u00e7ti\u011fimiz Pazar g\u00fcn\u00fc Bal ligi Play Of kar\u015f\u0131la\u015fmas\u0131n\u0131n ilk ma\u00e7\u0131nda Konya Ere\u011fli kar\u015f\u0131s\u0131nda son 20 dakika rakibin 10 ki\u015fi kalmas\u0131na kar\u015f\u0131n sahadan 1 \u2013 0 yenik ayr\u0131larak Play off\u2019a veda etmesi Manavgat\u2019ta tepkiyle kar\u015f\u0131land\u0131.<\/p>\n\n\n\n<p>Her y\u0131l \u201cO sene, bu sen\u201d parolas\u0131 yine fos \u00e7\u0131kt\u0131, Manavgat Belediyespor taraftarlar\u0131 \u00e7ileden \u00e7\u0131kt\u0131.<\/p>\n\n\n\n<p>Bal ligi 6. Grup kar\u015f\u0131la\u015fmalar\u0131nda gerek i\u00e7 sahada, gerekse deplasmanda tak\u0131mlar\u0131n\u0131 yaln\u0131z b\u0131rakmayan taraftarlar Play Off kar\u015f\u0131la\u015fmas\u0131n\u0131n ilk ma\u00e7\u0131nda Afyon yollar\u0131na umutla d\u00fc\u015ft\u00fc.<\/p>\n\n\n\n<p>\u0130lk ma\u00e7ta elenen Manavgat Belediyespor y\u00f6netimi ve teknik kadroyu istifaya \u00e7a\u011f\u0131ran taraftarlar \u201cYemiyor i\u00e7miyoruz yollara d\u00fc\u015f\u00fcyoruz. Hem i\u00e7eride hem d\u0131\u015far\u0131da tak\u0131m\u0131n 12. Adam\u0131 olarak elimizden gelen deste\u011fi vererek \u015fampiyonluk hayali kuruyoruz. Sonu\u00e7 h\u00fcz\u00fcn ruh ve forma a\u015fk\u0131 olmayan futbolcular y\u00fcz\u00fcnden tak\u0131m bu senede 3. Lige \u00e7\u0131kamad\u0131 yaz\u0131klar olsun\u201d dediler.<\/p>\n\n\n\n<p>B\u00fc\u015fra Deveci \/ Haber<\/p>\n","protected":false},"excerpt":{"rendered":"<p>Manavgat Belediyespor ge\u00e7ti\u011fimiz y\u0131llar gibi bu y\u0131lda spor dallar\u0131nda s\u0131n\u0131fta kalarak Manavgatl\u0131 sporseverleri bir kez daha \u00fczd\u00fc. Kad\u0131nlar Voleybol ve Manavgat Belediyespor futbol tak\u0131mlar\u0131 finallerden <a href=\"https:\/\/akdenizhaber.com.tr\/index.php\/2025\/05\/12\/sporda-yine-sinifta-kaldik\/\" class=\"read-more-link\">[more&#8230;]<\/a><\/p>\n","protected":false},"author":2,"featured_media":28630,"comment_status":"open","ping_status":"open","sticky":false,"template":"","format":"standard","meta":{"footnotes":""},"categories":[2],"tags":[],"class_list":["post-28716","post","type-post","status-publish","format-standard","has-post-thumbnail","hentry","category-gundem"],"_links":{"self":[{"href":"https:\/\/akdenizhaber.com.tr\/index.php\/wp-json\/wp\/v2\/posts\/28716","targetHints":{"allow":["GET"]}}],"collection":[{"href":"https:\/\/akdenizhaber.com.tr\/index.php\/wp-json\/wp\/v2\/posts"}],"about":[{"href":"https:\/\/akdenizhaber.com.tr\/index.php\/wp-json\/wp\/v2\/types\/post"}],"author":[{"embeddable":true,"href":"https:\/\/akdenizhaber.com.tr\/index.php\/wp-json\/wp\/v2\/users\/2"}],"replies":[{"embeddable":true,"href":"https:\/\/akdenizhaber.com.tr\/index.php\/wp-json\/wp\/v2\/comments?post=28716"}],"version-history":[{"count":1,"href":"https:\/\/akdenizhaber.com.tr\/index.php\/wp-json\/wp\/v2\/posts\/28716\/revisions"}],"predecessor-version":[{"id":28717,"href":"https:\/\/akdenizhaber.com.tr\/index.php\/wp-json\/wp\/v2\/posts\/28716\/revisions\/28717"}],"wp:featuredmedia":[{"embeddable":true,"href":"https:\/\/akdenizhaber.com.tr\/index.php\/wp-json\/wp\/v2\/media\/28630"}],"wp:attachment":[{"href":"https:\/\/akdenizhaber.com.tr\/index.php\/wp-json\/wp\/v2\/media?parent=28716"}],"wp:term":[{"taxonomy":"category","embeddable":true,"href":"https:\/\/akdenizhaber.com.tr\/index.php\/wp-json\/wp\/v2\/categories?post=28716"},{"taxonomy":"post_tag","embeddable":true,"href":"https:\/\/akdenizhaber.com.tr\/index.php\/wp-json\/wp\/v2\/tags?post=28716"}],"curies":[{"name":"wp","href":"https:\/\/api.w.org\/{rel}","templated":true}]}}